{"id":1506,"date":"2021-01-04T17:18:09","date_gmt":"2021-01-04T14:18:09","guid":{"rendered":"https:\/\/flags-world.com\/sk\/2021\/01\/04\/vlajka-alirska-vyznam-a-farby\/"},"modified":"2021-01-04T17:18:09","modified_gmt":"2021-01-04T14:18:09","slug":"vlajka-alirska-vyznam-a-farby","status":"publish","type":"post","link":"https:\/\/flags-world.com\/sk\/vlajka-alirska-vyznam-a-farby\/","title":{"rendered":"Vlajka Al\u017e\u00edrska: V\u00fdznam a farby"},"content":{"rendered":"<p>Vlajka Al\u017e\u00edrska bola nain\u0161talovan\u00e1 3. j\u00fala 1962, n\u00e1sledne z\u00edskala krajinu nez\u00e1vislosti od Franc\u00fazska. Vlajka Al\u017e\u00edrska sa sklad\u00e1 z 2 izometrick\u00fdch vertik\u00e1lnych pruhov, zelen\u00fdch, ako aj bielych farieb. V strede vlajky je obraz hviezd a polmesiaca \u010derven\u00e1. Ak\u00e1ko\u013evek farba vlajky Al\u017e\u00edrska obsahuje symbolick\u00fd v\u00fdznam.<\/p>\n<ol>\n<li>Biela farba znamen\u00e1 mier a slu\u0161nos\u0165;<\/li>\n<li>Zelen\u00e1 &#8211; znamen\u00e1 pr\u00edrodn\u00fa kr\u00e1su, n\u00e1dej a rados\u0165;<\/li>\n<li>\u010cerven\u00e1 farba predstavuje krv rozlia\u0165 po\u010das vojny nez\u00e1vislosti Al\u017e\u00edrska (1954 &#8211; 1962).<\/li>\n<\/ol>\n<p>Zelen\u00e1 je tie\u017e prezentovan\u00e1 tradi\u010dn\u00fdm islamsk\u00fdm n\u00e1bo\u017eenstvom.<\/p>\n<blockquote class=\"quote\"><p>Star a Crescents s\u00fa symboly islamu.<\/p><\/blockquote>\n<p style=\"text-align: justify\">Tak\u017ee vlajka Al\u017e\u00edrska vyzer\u00e1: Foto<\/p>\n<p style=\"text-align: justify\"><span itemprop=\"image\" itemscope itemtype=\"https:\/\/schema.org\/ImageObject\"><img itemprop=\"url image\" loading=\"lazy\" decoding=\"async\" class=\"alignnone wp-image-3053\" src=\"\/wp-content\/uploads\/2021\/01\/flag-of-algeria_1.png\" width=\"500\" height=\"333\" alt=\"Vlajka Al\u017e\u00edrska-1\" \/><meta itemprop=\"width\" content=\"500\"><meta itemprop=\"height\" content=\"333\"><\/span><\/p>\n<p style=\"text-align: justify\">Al\u017e\u00edrsko je najv\u00e4\u010d\u0161ia vl\u00e1da na zemi v Afrike. Ak\u00e9 m\u00e1 ka\u017ed\u00e9 politick\u00e9 vzdelanie osobn\u00e9 n\u00e1rodn\u00e9 znaky: hymnu, vlajku a erb. A ak je arabsk\u00fd jazyk pozna\u0165 povedomie o hymne, vlajka a erb s\u00fa zrozumite\u013enej\u0161ie pre ka\u017ed\u00e9ho. Na poslednom z t\u00fdchto znakov &#8211; vlajka, hist\u00f3ria jej p\u00f4vodu, v\u00fdznam a bude odch\u00e1dza\u0165 v na\u0161om \u010dl\u00e1nku.<\/p>\n<h2 style=\"text-align: justify\">Vlajka hist\u00f3rie Al\u017e\u00edrsko<\/h2>\n<p style=\"text-align: justify\">\u00dazemie modern\u00e9ho Al\u017e\u00edrska bolo do 2. polovice XX storo\u010dia kol\u00f3niou Franc\u00fazskej republiky. Konkr\u00e9tne na z\u00e1klade toho \u017eiadne zn\u00e1mky nez\u00e1vislosti nemali \u010das. Na konci tvrdej vojny proti franc\u00fazskym arm\u00e1dam sa rozhodlo o vyp\u00edsan\u00ed referenda, v ktorom sa rie\u0161ila ot\u00e1zka nez\u00e1vislosti kol\u00f3nie. Pod\u013ea jeho v\u00fdsledkov 1. j\u00fala 1962 sa Al\u017e\u00edrsko stalo slobodn\u00fdm \u0161t\u00e1tom. A po dvoch d\u0148och bola schv\u00e1len\u00e1 ofici\u00e1lna vlajka krajiny.<\/p>\n<p style=\"text-align: justify\">Predpoklad\u00e1 sa, \u017ee vlajka krajiny je rovnak\u00e1 tkanina, ktor\u00e1 bola pou\u017eit\u00e1 prednej \u010dasti obecn\u00e9ho oslobodenia po\u010das vojny nez\u00e1vislosti krajiny. Predn\u00e1 strana bola organizovan\u00e1 v prvej polovici 50-tych rokov 20. storo\u010dia, bol vl\u00e1dnut\u00fd velite\u013eom, b\u00e1snikom a vedec Abdel Kadyr, ktor\u00fd sa stal neskor\u0161\u00edmi mestsk\u00fdmi al\u017e\u00edrskymi cestovate\u013emi.<\/p>\n<h2 style=\"text-align: justify\">Popis<\/h2>\n<p style=\"text-align: justify\">Vlajka Al\u017e\u00edrska je obd\u013a\u017enikov\u00e1 vo forme pl\u00e1tna, rozdelen\u00e1 na dve vertik\u00e1lne pruhy podobn\u00e9 na \u0161\u00edrku. \u013dav\u00e1 strana &#8211; zelen\u00e1 a prav\u00e1 &#8211; sneh-biela. V centre je \u010derven\u00fd polmesiac, v ktorom je p\u00e4\u0165-\u0161picat\u00e1 hviezda ako farby. Tkanina m\u00e1 pomer str\u00e1n 2: 3.<\/p>\n<p style=\"text-align: justify\"><span itemprop=\"image\" itemscope itemtype=\"https:\/\/schema.org\/ImageObject\"><img itemprop=\"url image\" loading=\"lazy\" decoding=\"async\" class=\"alignnone wp-image-3054\" src=\"\/wp-content\/uploads\/2021\/01\/flag-of-algeria_2.png\" width=\"500\" height=\"333\" alt=\"Vlajka Al\u017e\u00edrsko-2\" \/><meta itemprop=\"width\" content=\"500\"><meta itemprop=\"height\" content=\"333\"><\/span><\/p>\n<h2 style=\"text-align: justify\">Farby vlajka Al\u017e\u00edrsko<\/h2>\n<p style=\"text-align: justify\">Tri farby sa pou\u017e\u00edvaj\u00fa v al\u017e\u00edrskej vlajke: nazelenal\u00fd, snehobiely a \u010derven\u00fd. Prv\u00fd z nich je pova\u017eovan\u00fd za dobr\u00fa farbu n\u00e1bo\u017eenstva preva\u017enej v\u00e4\u010d\u0161iny \u013eud\u00ed krajiny &#8211; moslimov. \u010eal\u0161\u00edm v\u00fdkladom tejto farby je viera v v\u00ed\u0165azstvo.<\/p>\n<ul>\n<li style=\"text-align: justify\">Zelen\u00e1 zd\u00f4raz\u0148uje skuto\u010dnos\u0165, \u017ee incomers zd\u00f4raznil nez\u00e1vislos\u0165 krajiny.<\/li>\n<li style=\"text-align: justify\">Biela farba &#8211; znamenie \u010distoty a sm\u00fatok pre t\u00fdch, ktor\u00ed zomreli, bojovali o dokonalos\u0165.<\/li>\n<\/ul>\n<p style=\"text-align: justify\">V Al\u017e\u00edrsku prich\u00e1dza v\u00fdzva na stato\u010dnos\u0165, vies\u0165 vojnu za oslobodenie krajiny od koloni\u00e1lneho \u00fatlaku.<\/p>\n<p style=\"text-align: justify\">\u010cerven\u00e1 farba je ozna\u010denie v\u00fdznamu slobody pre krajinu.<\/p>\n<h2 style=\"text-align: justify\">V\u00fdznam vlajky Al\u017e\u00edrska<\/h2>\n<p style=\"text-align: justify\">Hviezda a mesia\u010diky \u2013 s\u00fa znaky islamu, ktor\u00fd sa za\u010dal interpretova\u0165 ako moslimsk\u00fd od roku 1950 \u2013 60. rokov. Je tie\u017e potrebn\u00e9 uvies\u0165, \u017ee polmesiace s ve\u013emi pred\u013a\u017een\u00fdmi rohmi s\u00fa nezvy\u010dajn\u00fdm al\u017e\u00edrskym znakom. Ona, v koordin\u00e1cii z h\u013eadiska \u013eud\u00ed v Al\u017e\u00edrsku, by mala by\u0165 \u00faspe\u0161n\u00e1, ako \u013eudia, tak aj cel\u00e1 krajina. Symbol Al\u017e\u00edr\u010danov navy\u0161e prin\u00e1\u0161a \u0161\u0165astie.<\/p>\n<p style=\"text-align: justify\">Podobn\u00e9 znaky &#8211; hviezda a polmesiac, v skuto\u010dnosti biele, pou\u017e\u00edvan\u00e9 v Turecku u\u017e v dev\u00e4tn\u00e1stom storo\u010d\u00ed. V s\u00fa\u010dasnosti je na vlajke Tureckej republiky vyobrazen\u00fd rovnak\u00fd znak so &bdquo;zaoblenou&ldquo; hviezdou a polmesiacom, ale na \u010dervenom pozad\u00ed.<\/p>\n<p style=\"text-align: justify\">Vlajka Al\u017e\u00edrska je neoddelite\u013enou zna\u010dkou krajiny, ktor\u00e1 odr\u00e1\u017ea n\u00e1bo\u017eenstvo a mestsk\u00e9 hist\u00f3rie a dokonalos\u0165, pravidl\u00e1. Priamo na z\u00e1klade toho je jej zn\u00e1my \u010derven\u00fd polmesiac s hviezdou aj na \u0161t\u00e1tnom znaku krajiny. A n\u00e1morn\u00e1 vlajka takmer opakuje stav, nepo\u010d\u00edtaj\u00fac pridanie p\u00e1ru prekr\u00ed\u017een\u00fdch kotiev v hornom rohu v\u013eavo.<\/p>\n<p style=\"text-align: justify\">Stavba vlajky:<\/p>\n<p style=\"text-align: justify\"><span itemprop=\"image\" itemscope itemtype=\"https:\/\/schema.org\/ImageObject\"><img itemprop=\"url image\" loading=\"lazy\" decoding=\"async\" class=\"alignnone wp-image-3055\" src=\"\/wp-content\/uploads\/2021\/01\/flag-of-algeria_3.png\" width=\"500\" height=\"343\" alt=\"Vlajka Al\u017e\u00edrska-3\" \/><meta itemprop=\"width\" content=\"500\"><meta itemprop=\"height\" content=\"343\"><\/span> <span itemprop=\"image\" itemscope itemtype=\"https:\/\/schema.org\/ImageObject\"><img itemprop=\"url image\" loading=\"lazy\" decoding=\"async\" class=\"alignnone wp-image-3056\" src=\"\/wp-content\/uploads\/2021\/01\/flag-of-algeria_4.png\" width=\"500\" height=\"333\" alt=\"Vlajka Al\u017e\u00edrska-4\" \/><meta itemprop=\"width\" content=\"500\"><meta itemprop=\"height\" content=\"333\"><\/span><\/p>\n<h2 style=\"text-align: justify\">Ne\u0161pecializovan\u00e9 inform\u00e1cie o Al\u017e\u00edrsku<\/h2>\n<table>\n<tbody>\n<tr style=\"text-align: justify\">\n<td>\u00daradn\u00fd jazyk<\/td>\n<td>arabsky, berbersky<\/td>\n<\/tr>\n<tr style=\"text-align: justify\">\n<td>Kapit\u00e1l<\/td>\n<td>Al\u017e\u00edrsko<\/td>\n<\/tr>\n<tr style=\"text-align: justify\">\n<td>\u00dazemie<\/td>\n<td>2 381 740 km2<\/td>\n<\/tr>\n<tr style=\"text-align: justify\">\n<td>Popul\u00e1cia<\/td>\n<td>44 045 611 \u013eud\u00ed<\/td>\n<\/tr>\n<tr style=\"text-align: justify\">\n<td>mena<\/td>\n<td>al\u017e\u00edrsky din\u00e1r<\/td>\n<\/tr>\n<tr>\n<td style=\"text-align: justify\">Telef\u00f3nny k\u00f3d<\/td>\n<td style=\"text-align: justify\">+213<\/td>\n<\/tr>\n<\/tbody>\n<\/table>\n","protected":false},"excerpt":{"rendered":"<p>Vlajka Al\u017e\u00edrska bola nain\u0161talovan\u00e1 3. j\u00fala 1962, n\u00e1sledne z\u00edskala krajinu nez\u00e1vislosti od Franc\u00fazska. Vlajka Al\u017e\u00edrska sa sklad\u00e1 z 2 izometrick\u00fdch vertik\u00e1lnych pruhov, zelen\u00fdch, ako aj bielych farieb. V&#8230;<\/p>\n","protected":false},"author":1,"featured_media":5347,"comment_status":"open","ping_status":"open","sticky":false,"template":"","format":"standard","meta":{"footnotes":""},"categories":[5],"tags":[],"class_list":["post-1506","post","type-post","status-publish","format-standard","has-post-thumbnail","","category-vlajky-krajin-afriky"],"aioseo_notices":[],"_links":{"self":[{"href":"https:\/\/flags-world.com\/sk\/wp-json\/wp\/v2\/posts\/1506","targetHints":{"allow":["GET"]}}],"collection":[{"href":"https:\/\/flags-world.com\/sk\/wp-json\/wp\/v2\/posts"}],"about":[{"href":"https:\/\/flags-world.com\/sk\/wp-json\/wp\/v2\/types\/post"}],"author":[{"embeddable":true,"href":"https:\/\/flags-world.com\/sk\/wp-json\/wp\/v2\/users\/1"}],"replies":[{"embeddable":true,"href":"https:\/\/flags-world.com\/sk\/wp-json\/wp\/v2\/comments?post=1506"}],"version-history":[{"count":0,"href":"https:\/\/flags-world.com\/sk\/wp-json\/wp\/v2\/posts\/1506\/revisions"}],"wp:featuredmedia":[{"embeddable":true,"href":"https:\/\/flags-world.com\/sk\/wp-json\/wp\/v2\/media\/5347"}],"wp:attachment":[{"href":"https:\/\/flags-world.com\/sk\/wp-json\/wp\/v2\/media?parent=1506"}],"wp:term":[{"taxonomy":"category","embeddable":true,"href":"https:\/\/flags-world.com\/sk\/wp-json\/wp\/v2\/categories?post=1506"},{"taxonomy":"post_tag","embeddable":true,"href":"https:\/\/flags-world.com\/sk\/wp-json\/wp\/v2\/tags?post=1506"}],"curies":[{"name":"wp","href":"https:\/\/api.w.org\/{rel}","templated":true}]}}