{"id":1504,"date":"2021-01-04T17:18:09","date_gmt":"2021-01-04T14:18:09","guid":{"rendered":"https:\/\/flags-world.com\/sk\/2021\/01\/04\/vlajka-afganistanu-fotografie-a-historia\/"},"modified":"2021-01-04T17:18:09","modified_gmt":"2021-01-04T14:18:09","slug":"vlajka-afganistanu-fotografie-a-historia","status":"publish","type":"post","link":"https:\/\/flags-world.com\/sk\/vlajka-afganistanu-fotografie-a-historia\/","title":{"rendered":"Vlajka Afganistanu: fotografie a hist\u00f3ria"},"content":{"rendered":"<p style=\"text-align: justify\">\u0160t\u00e1tna vlajka Afganistanu je obd\u013a\u017enikov\u00e1 l\u00e1tka pozost\u00e1vaj\u00faca z troch zvisl\u00fdch pruhov rovnakej \u0161\u00edrky: \u010dierneho, \u010derven\u00e9ho a zelen\u00e9ho. V strede vlajky, na \u010dervenom pruhu, je biely znak Afganistanu, ktor\u00fd zobrazuje chr\u00e1m s Mihrabom a Minbarom, ako aj Shahad, moslimsk\u00fd s\u00fahlas n\u00e1bo\u017eenstva, zhora (&bdquo;\u017diadny Boh okrem Alaha a Mohameda Jeho prorok&ldquo;). Pou\u017e\u00edvali sa aj vlajky so \u017elt\u00fdm a \u010diernym znakom. Pomer str\u00e1n vlajky &#8211; 7:10.<\/p>\n<p style=\"text-align: justify\">Tak\u017ee vlajka Afganistanu vyzer\u00e1 &#8211; foto:<\/p>\n<p style=\"text-align: justify\"><span itemprop=\"image\" itemscope itemtype=\"https:\/\/schema.org\/ImageObject\"><img itemprop=\"url image\" loading=\"lazy\" decoding=\"async\" class=\"alignnone wp-image-4595\" src=\"\/wp-content\/uploads\/2021\/01\/flag-of-afghanistan_1.png\" width=\"500\" height=\"333\" alt=\"Vlajka Afganistanu-1\" \/><meta itemprop=\"width\" content=\"500\"><meta itemprop=\"height\" content=\"333\"><\/span><\/p>\n<h2 style=\"text-align: justify\">Hist\u00f3ria vlajky\u00a0Afganistanu<\/h2>\n<p style=\"text-align: justify\">Afganistan m\u00e1 jednu z rekordn\u00fdch hodn\u00f4t pre zmenu \u0161t\u00e1tnej symboliky vr\u00e1tane vlajky. Len od za\u010diatku 19. storo\u010dia sa zmenilo viac ako 20 transparentov. Varianty boli od seba v\u00fdrazne odli\u0161n\u00e9, a to jednofarebn\u00e9 typy vlajky a tri farebn\u00e9. Taktie\u017e po\u010das okup\u00e1cie ZSSR sa vlajka za\u010dala viac podoba\u0165 na symbol kraj\u00edn socialistick\u00e9ho t\u00e1bora.<\/p>\n<p>Vlajka Afganistanu bola ofici\u00e1lne prijat\u00e1 4. janu\u00e1ra 2004. V predve\u010der tejto vlajky sa v Afganistane ve\u013emi \u010dasto menila. V dvadsiatom storo\u010d\u00ed v Afganistane sa vlajka menila \u010dastej\u0161ie ako v ktorejko\u013evek inej krajine sveta. B\u00fdval\u00e1 vlajka bola ve\u013emi podobn\u00e1 modernej vlajke, ale mala in\u00e9 proporcie. Predch\u00e1dzaj\u00face vlajky Afganistanu pou\u017e\u00edvali podobn\u00fa farebn\u00fa sch\u00e9mu, ale v r\u00f4znych kombin\u00e1ci\u00e1ch.<\/p>\n<blockquote>\n<p style=\"text-align: justify\">Modern\u00fd poh\u013ead bol pr\u00e1vne prijat\u00fd v roku 2013!<\/p>\n<\/blockquote>\n<p style=\"text-align: justify\">Okrem toho je potrebn\u00e9 prideli\u0165, \u017ee niektor\u00e9 verzie minulej vlajky maj\u00fa mo\u017enos\u0165 rozpt\u00fdli\u0165 sa, aby sa l\u00ed\u0161ili od modern\u00e9ho pr\u00edkladu. Napr\u00edklad jeden zo znakov \u0161t\u00e1tnej symboliky v 70. rokoch a vyzna\u010doval sa celou pr\u00edtomnos\u0165ou roku vzniku Afganskej republiky.<\/p>\n<p><span itemprop=\"image\" itemscope itemtype=\"https:\/\/schema.org\/ImageObject\"><img itemprop=\"url image\" loading=\"lazy\" decoding=\"async\" class=\"alignnone wp-image-4597\" src=\"\/wp-content\/uploads\/2021\/01\/flag-of-afghanistan_2.png\" width=\"500\" height=\"333\" alt=\"Vlajka Afganistanu-2\" \/><meta itemprop=\"width\" content=\"500\"><meta itemprop=\"height\" content=\"333\"><\/span><\/p>\n<ul>\n<li>Vlajka Afganistanu 1931-1973<\/li>\n<\/ul>\n<p><span itemprop=\"image\" itemscope itemtype=\"https:\/\/schema.org\/ImageObject\"><img itemprop=\"url image\" loading=\"lazy\" decoding=\"async\" class=\"alignnone wp-image-4598\" src=\"\/wp-content\/uploads\/2021\/01\/flag-of-afghanistan_5.png\" width=\"500\" height=\"333\" alt=\"Vlajka Afganistanu-3\" \/><meta itemprop=\"width\" content=\"500\"><meta itemprop=\"height\" content=\"333\"><\/span><\/p>\n<ul>\n<li>Vlajka Afganistanu 1973-1974<\/li>\n<\/ul>\n<p><span itemprop=\"image\" itemscope itemtype=\"https:\/\/schema.org\/ImageObject\"><img itemprop=\"url image\" loading=\"lazy\" decoding=\"async\" class=\"alignnone wp-image-4915\" src=\"\/wp-content\/uploads\/2021\/01\/flag-of-afghanistan_3.png\" width=\"500\" height=\"250\" alt=\"Vlajka veter\u00e1nov Afganistanu\" \/><meta itemprop=\"width\" content=\"500\"><meta itemprop=\"height\" content=\"250\"><\/span><\/p>\n<ul>\n<li>Vlajka veter\u00e1nov Afganistanu<\/li>\n<\/ul>\n<p style=\"text-align: justify\">Aj pr\u00edklad vlajky na rok 2004 m\u00e1 d\u00e1tum nez\u00e1vislosti od Anglicka, \u010do na modernom pr\u00edklade u\u017e nie je &#8211; v tomto a tam je jedin\u00fd rozdiel.<\/p>\n<p style=\"text-align: justify\"><span itemprop=\"image\" itemscope itemtype=\"https:\/\/schema.org\/ImageObject\"><img itemprop=\"url image\" loading=\"lazy\" decoding=\"async\" class=\"alignnone wp-image-4599\" src=\"\/wp-content\/uploads\/2021\/01\/flag-of-afghanistan_4.png\" width=\"500\" height=\"250\" alt=\"Vlajka Afganistanu-4\" \/><meta itemprop=\"width\" content=\"500\"><meta itemprop=\"height\" content=\"250\"><\/span><\/p>\n<p style=\"text-align: justify\">O \u0161t\u00e1te sa ved\u00fa nezmenen\u00e9 diskusie, pokia\u013e ide o vytvorenie vlajky, nie je mo\u017en\u00e9 vyl\u00fa\u010di\u0165, \u017ee \u010doskoro d\u00f4jde v Afganistane k \u010fal\u0161ej zmene vlajky.<\/p>\n<h2 style=\"text-align: justify\">Popis<\/h2>\n<p style=\"text-align: justify\">Modern\u00e1 vlajka Afganistanu vyzer\u00e1 ako pl\u00e1tno s pomerom str\u00e1n 2:3. Na tkanine je pr\u00edpustn\u00e9 si v\u0161imn\u00fa\u0165 tri proporcion\u00e1lne zvisl\u00e9 pruhy. V strede je \u010fal\u0161ia \u0161t\u00e1tna symbolika &#8211; erb s n\u00e1pisom a me\u0161itou v arab\u010dine &#8222;najvy\u0161\u0161\u00ed&#8220;.<\/p>\n<h2 style=\"text-align: justify\">Farby vlajky Afganistanu a ich v\u00fdznam<\/h2>\n<p style=\"text-align: justify\">Nasleduj\u00face farby s\u00fa na vlajke Afganistanu &#8211; toto je:<\/p>\n<ol style=\"text-align: justify\">\n<li>\u010cierna &#8211; sved\u010d\u00ed o pocte ich n\u00e1bo\u017eensk\u00fdm kore\u0148om;<\/li>\n<li>\u010cerven\u00e1 &#8211; \u00fastredn\u00e1 farba, znamen\u00e1 odchod kr\u00e1\u013eovskej autority (relikt minulosti &#8211; v s\u00fa\u010dasnosti v Afganistane neexistuje titul ako P\u00e1n);<\/li>\n<li>Zelen\u00e1 \u2013 n\u00e1dej, bohatstvo a \u00faspech \u2013 hodnota farby.<\/li>\n<\/ol>\n<p style=\"text-align: justify\">Existuje legenda, \u017ee zelen\u00e1 farba symbolizuje farbu listov menov\u00e9ho stromu, priamo na tomto odtieni zelenej je tak\u00e1 ne\u0161tandardn\u00e1 a nepodobn\u00e1 in\u00fdm farb\u00e1m zelenej v in\u00fdch \u0161t\u00e1toch sveta.<\/p>\n<h2 style=\"text-align: justify\">Ne\u0161pecializovan\u00e9 inform\u00e1cie o Afganistane<\/h2>\n<table>\n<tbody>\n<tr>\n<td>\u00daradn\u00fd jazyk<\/td>\n<td>Pushta a Dari<\/td>\n<\/tr>\n<tr>\n<td>Kapit\u00e1l<\/td>\n<td>K\u00e1bul<\/td>\n<\/tr>\n<tr>\n<td>\u00dazemie<\/td>\n<td>652 864 km2<\/td>\n<\/tr>\n<tr>\n<td>Popul\u00e1cia<\/td>\n<td>32 225 560 \u013eud\u00ed.<\/td>\n<\/tr>\n<tr>\n<td>mena<\/td>\n<td>afgansk\u00fd<\/td>\n<\/tr>\n<tr>\n<td>Telef\u00f3nny k\u00f3d<\/td>\n<td>+93<\/td>\n<\/tr>\n<\/tbody>\n<\/table>\n","protected":false},"excerpt":{"rendered":"<p>\u0160t\u00e1tna vlajka Afganistanu je obd\u013a\u017enikov\u00e1 l\u00e1tka pozost\u00e1vaj\u00faca z troch zvisl\u00fdch pruhov rovnakej \u0161\u00edrky: \u010dierneho, \u010derven\u00e9ho a zelen\u00e9ho. V strede vlajky, na \u010dervenom pruhu, je biely znak Afganistanu, ktor\u00fd&#8230;<\/p>\n","protected":false},"author":1,"featured_media":5345,"comment_status":"open","ping_status":"open","sticky":false,"template":"","format":"standard","meta":{"footnotes":""},"categories":[2],"tags":[],"class_list":["post-1504","post","type-post","status-publish","format-standard","has-post-thumbnail","","category-vlajky-azie"],"aioseo_notices":[],"_links":{"self":[{"href":"https:\/\/flags-world.com\/sk\/wp-json\/wp\/v2\/posts\/1504","targetHints":{"allow":["GET"]}}],"collection":[{"href":"https:\/\/flags-world.com\/sk\/wp-json\/wp\/v2\/posts"}],"about":[{"href":"https:\/\/flags-world.com\/sk\/wp-json\/wp\/v2\/types\/post"}],"author":[{"embeddable":true,"href":"https:\/\/flags-world.com\/sk\/wp-json\/wp\/v2\/users\/1"}],"replies":[{"embeddable":true,"href":"https:\/\/flags-world.com\/sk\/wp-json\/wp\/v2\/comments?post=1504"}],"version-history":[{"count":0,"href":"https:\/\/flags-world.com\/sk\/wp-json\/wp\/v2\/posts\/1504\/revisions"}],"wp:featuredmedia":[{"embeddable":true,"href":"https:\/\/flags-world.com\/sk\/wp-json\/wp\/v2\/media\/5345"}],"wp:attachment":[{"href":"https:\/\/flags-world.com\/sk\/wp-json\/wp\/v2\/media?parent=1504"}],"wp:term":[{"taxonomy":"category","embeddable":true,"href":"https:\/\/flags-world.com\/sk\/wp-json\/wp\/v2\/categories?post=1504"},{"taxonomy":"post_tag","embeddable":true,"href":"https:\/\/flags-world.com\/sk\/wp-json\/wp\/v2\/tags?post=1504"}],"curies":[{"name":"wp","href":"https:\/\/api.w.org\/{rel}","templated":true}]}}