{"id":5084,"date":"2021-08-13T06:31:58","date_gmt":"2021-08-13T03:31:58","guid":{"rendered":"https:\/\/flags-world.com\/se\/2021\/08\/13\/tatarernas-flagga\/"},"modified":"2021-08-13T06:31:58","modified_gmt":"2021-08-13T03:31:58","slug":"tatarernas-flagga","status":"publish","type":"post","link":"https:\/\/flags-world.com\/se\/tatarernas-flagga\/","title":{"rendered":"Tatarernas flagga"},"content":{"rendered":"<p style=\"text-align: justify\">Tatarisk flagga idag \u00e4r bekant f\u00f6r m\u00e5nga. Men f\u00f6r bara trettio \u00e5r sedan visste bara krimtatarerna sj\u00e4lva om den bl\u00e5 fanan med det gyllene emblemet, som lyckades bevara sin identitet.<\/p>\n<h2 style=\"text-align: justify\">Krim-tatarernas flagga: foto<\/h2>\n<p style=\"text-align: justify\">Hur ser tatarernas flagga ut? F\u00f6r att ta reda p\u00e5 det, titta bara p\u00e5 hans foto. Bra, idag \u00e4r inget problem.<\/p>\n<p><span itemprop=\"image\" itemscope itemtype=\"https:\/\/schema.org\/ImageObject\"><img itemprop=\"url image\" loading=\"lazy\" decoding=\"async\" class=\"alignnone wp-image-5087\" src=\"\/wp-content\/uploads\/2021\/08\/tatars-flag_1.jpg\" width=\"500\" height=\"281\" alt=\"Tatariska flaggan\" \/><meta itemprop=\"width\" content=\"500\"><meta itemprop=\"height\" content=\"281\"><\/span><\/p>\n<h2 style=\"text-align: justify\">Hur ser den tatariska flaggan ut<\/h2>\n<p style=\"text-align: justify\">Krimtatarernas flagga \u00e4r en ljusbl\u00e5 banderoll med ett gult vapen (frestad) till v\u00e4nster ovanf\u00f6r. Den bl\u00e5 nyansen \u00e4r den nationella f\u00e4rgen f\u00f6r olika turkiska folk, som de fortfarande anv\u00e4nde p\u00e5 den n\u00e4rmaste Krim-khanatet. Vapensk\u00f6lden ritad p\u00e5 tyget, som kallas Tarak-Taga &#8211; detta \u00e4r ett tecken p\u00e5 den h\u00e4rskande stora dynastin.<\/p>\n<h2 style=\"text-align: justify\">Krim-tatariska flaggans dag<\/h2>\n<p style=\"text-align: justify\">Dagens utseende av Krim-tatarernas flagga hittades den f\u00f6rsta 1917 p\u00e5 den allra f\u00f6rsta Kurultai. Krim Janice hade ingen officiell banderoll som s\u00e5dan, och ens tal kunde inte ens vara i det ryska imperiet.<\/p>\n<p style=\"text-align: justify\">Den popul\u00e4ra f\u00f6rklaringen av Taragas v\u00e4rderingar &#8211; v\u00e5gar som h\u00e5ller balansen. Huvudkomponenten i panelen valdes som symbolen f\u00f6r Geraev-dynastin. Dessa var grundarna av Krim Khanate, som \u00e4r k\u00e4nda f\u00f6r sin r\u00e4ttvisa styrelse. I detta avseende \u00e4r en av tolkningarna av Taraki Taraga-tecknet r\u00e4ttvisa skalor.<\/p>\n<p style=\"text-align: justify\">Efter att bolsjevikerna kommit till Krim b\u00f6rjade utrymmet f\u00f6r nationell frihet p\u00e5 det tatariska Krim snabbt minska, s\u00e4rskilt n\u00e4r det g\u00e4ller symboler. Bara fyra \u00e5r efter starten av oktoberrevolutionen erk\u00e4ndes den krimtatariska duken av antisovjeten.<\/p>\n<p style=\"text-align: justify\">Efter att ha deporterat tataren fr\u00e5n Krim 1944 f\u00f6rbj\u00f6ds banderollen generellt, eftersom den sovjetiska regeringen tillk\u00e4nnagav dessa m\u00e4nniskor, f\u00f6rr\u00e4dare. F\u00f6rst i den andra Kurultai 1999 blev Tarak-Taga igen en nationell kl\u00e4dsel.<\/p>\n<blockquote>\n<p style=\"text-align: justify\">Krim-tatariska flaggans dag firas officiellt den tjugosj\u00e4tte juni. Den h\u00e4r dagen dyrkas Krim-tatariska flaggan. I olika l\u00e4nder d\u00f6r faktiskt de krimtatariska panelerna, vilket p\u00e5minner om andan av frihet och allm\u00e4n enhet.<\/p>\n<\/blockquote>\n<p><span itemprop=\"image\" itemscope itemtype=\"https:\/\/schema.org\/ImageObject\"><img itemprop=\"url image\" loading=\"lazy\" decoding=\"async\" class=\"alignnone wp-image-5086\" src=\"\/wp-content\/uploads\/2021\/08\/tatars-flag_2.jpg\" width=\"500\" height=\"285\" alt=\"Tatarernas flagga\" \/><meta itemprop=\"width\" content=\"500\"><meta itemprop=\"height\" content=\"285\"><\/span><\/p>\n<h2 style=\"text-align: justify\">Sibiriska tatarernas flagga<\/h2>\n<p style=\"text-align: justify\">Vilka flaggor fr\u00e5n de sibiriska tatarerna? Det \u00e4r en banderoll med horisontella r\u00e4nder av bl\u00e5, vita och gr\u00f6na f\u00e4rger. Den \u00f6vre remsan av bl\u00e5 nyans, medium &#8211; sn\u00f6vit, nedre &#8211; gr\u00f6n. Vid basen av den bl\u00e5 remsan \u00e4r gula halvm\u00e5nar ritade med en stj\u00e4rna, som serveras i form av en trelyftsblomma som v\u00e4xer ur en cirkel i halvm\u00e5nens hj\u00e4rta och sju \u00e5ttauddiga bl\u00e5 stj\u00e4rnor p\u00e5 halvm\u00e5nen.<\/p>\n<ol style=\"text-align: justify\">\n<li>Den huvudsakliga bl\u00e5 f\u00e4rgen talar om kommunikation med den helt turkiska v\u00e4rlden, han betecknar ocks\u00e5 sibiriska sj\u00f6ar och floder.<\/li>\n<li>Gr\u00f6n nyans &#8211; symbolen f\u00f6r oframkomliga taigaskogar.<\/li>\n<li>Vit nyans &#8211; f\u00e4rgen p\u00e5 sn\u00f6vit sn\u00f6 och tankarnas renhet.<\/li>\n<li>Bl\u00e5 stj\u00e4rnor \u00e4r de sju regioner d\u00e4r dessa m\u00e4nniskor \u00e4r inhemska.<\/li>\n<li>Crescent &#8211; k\u00e4nd symbol f\u00f6r tro p\u00e5 islam.<\/li>\n<li>Trefj\u00e4drad blomma &#8211; en speciell symbol f\u00f6r tre typer av Tatar Sibirien.<\/li>\n<\/ol>\n<p style=\"text-align: justify\">Denna banderoll kan ofta hittas i Tyumen, Tobolsk, andra sibiriska st\u00e4der. \u00c4ven om innan hans universella erk\u00e4nnande i landet hittills. N\u00e4r allt kommer omkring finns det fortfarande olika alternativ f\u00f6r andra kl\u00e4der i denna nation. S\u00e5 p\u00e5 internet idag kan du hitta liknande bilder, men utan en blomma eller en duk, p\u00e5 vilken det finns Tamga Khanov Golden Horde.<\/p>\n<p><span itemprop=\"image\" itemscope itemtype=\"https:\/\/schema.org\/ImageObject\"><img itemprop=\"url image\" loading=\"lazy\" decoding=\"async\" class=\"alignnone wp-image-5085\" src=\"\/wp-content\/uploads\/2021\/08\/tatars-flag_3.jpg\" width=\"500\" height=\"280\" alt=\"Krim-tatarernas flagga\" \/><meta itemprop=\"width\" content=\"500\"><meta itemprop=\"height\" content=\"280\"><\/span><\/p>\n<h2 style=\"text-align: justify\">Betydelsen av Krim-tatariska flaggan<\/h2>\n<p style=\"text-align: justify\">Vad betyder tatarduken? Det finns flera popul\u00e4ra \u00e5sikter om detta:<\/p>\n<ol style=\"text-align: justify\">\n<li>Bannern har en kraniell betydelse, s\u00e5 den bl\u00e5 f\u00e4rgen p\u00e5 himlen och den gula Tamga &#8211; fj\u00e4ll. Femtiofemte Sura Ar-Rahman, det finns en s\u00e5dan ayat: &#8221;Han h\u00f6jde himlen och satte v\u00e5gen s\u00e5 att m\u00e4nniskor inte br\u00f6t de gr\u00e4nser som var till\u00e5tna p\u00e5 v\u00e5gen.&#8221;. Detta Ayat s\u00e4ger till muslimer att det m\u00e5ste vara r\u00e4ttvist.<\/li>\n<li>Den gulbl\u00e5 f\u00e4rgen var en symbol f\u00f6r befrielsen fr\u00e5n det ryska imperiet under revolutionen. Denna teori b\u00f6r studeras mer omfattande, med hj\u00e4lp av olika officiella k\u00e4llor.<\/li>\n<li>\u00c5sikt R.T. Sultanthbekova: Bl\u00e5 &#8211; nyans av sorg och sorg, som p\u00e5minner om livets snabbhet och allvarliga tester p\u00e5 jorden. Gult \u00e4r en guldf\u00e4rg, en symbol f\u00f6r fysisk och andlig perfektion. Hans n\u00e4rvaro i tyget av Krimfolket best\u00e4mmer livets huvudsyfte.<\/li>\n<\/ol>\n<p style=\"text-align: justify\">Turkar har en bl\u00e5 nyans med Tengriska r\u00f6tter som \u00e4r f\u00f6rknippade med frihet och tro p\u00e5 Gud Tengri. \u00c4nd\u00e5 \u00e4r denna version osannolik, eftersom de tengriska traditionerna bland folket p\u00e5 Krim n\u00e4stan \u00e4r bevarade. Dessutom ville medlemmarna i Kurultai, som t\u00e4nkte p\u00e5 denna flagga, kombinera religi\u00f6s och sekul\u00e4r. I det h\u00e4r fallet skulle tengriska traditioner helt enkelt inte vara platsen.<\/p>\n","protected":false},"excerpt":{"rendered":"<p>Tatarisk flagga idag \u00e4r bekant f\u00f6r m\u00e5nga. Men f\u00f6r bara trettio \u00e5r sedan visste bara krimtatarerna sj\u00e4lva om den bl\u00e5 fanan med det gyllene emblemet, som lyckades bevara&#8230;<\/p>\n","protected":false},"author":1,"featured_media":5511,"comment_status":"open","ping_status":"open","sticky":false,"template":"","format":"standard","meta":{"footnotes":""},"categories":[3],"tags":[],"class_list":["post-5084","post","type-post","status-publish","format-standard","has-post-thumbnail","","category-europas-flaggor"],"aioseo_notices":[],"_links":{"self":[{"href":"https:\/\/flags-world.com\/se\/wp-json\/wp\/v2\/posts\/5084","targetHints":{"allow":["GET"]}}],"collection":[{"href":"https:\/\/flags-world.com\/se\/wp-json\/wp\/v2\/posts"}],"about":[{"href":"https:\/\/flags-world.com\/se\/wp-json\/wp\/v2\/types\/post"}],"author":[{"embeddable":true,"href":"https:\/\/flags-world.com\/se\/wp-json\/wp\/v2\/users\/1"}],"replies":[{"embeddable":true,"href":"https:\/\/flags-world.com\/se\/wp-json\/wp\/v2\/comments?post=5084"}],"version-history":[{"count":0,"href":"https:\/\/flags-world.com\/se\/wp-json\/wp\/v2\/posts\/5084\/revisions"}],"wp:featuredmedia":[{"embeddable":true,"href":"https:\/\/flags-world.com\/se\/wp-json\/wp\/v2\/media\/5511"}],"wp:attachment":[{"href":"https:\/\/flags-world.com\/se\/wp-json\/wp\/v2\/media?parent=5084"}],"wp:term":[{"taxonomy":"category","embeddable":true,"href":"https:\/\/flags-world.com\/se\/wp-json\/wp\/v2\/categories?post=5084"},{"taxonomy":"post_tag","embeddable":true,"href":"https:\/\/flags-world.com\/se\/wp-json\/wp\/v2\/tags?post=5084"}],"curies":[{"name":"wp","href":"https:\/\/api.w.org\/{rel}","templated":true}]}}