{"id":1606,"date":"2021-01-04T17:18:15","date_gmt":"2021-01-04T14:18:15","guid":{"rendered":"https:\/\/flags-world.com\/pl\/flaga-martyniki-znaczenie-i-obraz\/"},"modified":"2021-01-04T17:18:15","modified_gmt":"2021-01-04T14:18:15","slug":"flaga-martyniki-znaczenie-i-obraz","status":"publish","type":"post","link":"https:\/\/flags-world.com\/pl\/flaga-martyniki-znaczenie-i-obraz\/","title":{"rendered":"Flaga Martyniki: znaczenie i obraz"},"content":{"rendered":"<p style=\"text-align: justify\">Martynika \u2013 P\u00f3\u0142wysep Karaibski, od dawna nale\u017c\u0105cy do Francji, potrafi\u0142 zachowa\u0107 cech\u0119 \u2013 jego nieformalna flaga uwa\u017cana jest za jedn\u0105 z najbardziej niepowtarzalnych na \u015bwiecie.<\/p>\n<p style=\"text-align: justify\">Tak wygl\u0105da wsp\u00f3\u0142czesna flaga Martyniki:<\/p>\n<p style=\"text-align: justify\"><span itemprop=\"image\" itemscope itemtype=\"https:\/\/schema.org\/ImageObject\"><img itemprop=\"url image\" loading=\"lazy\" decoding=\"async\" class=\"alignnone size-full wp-image-3668\" src=\"\/wp-content\/uploads\/2021\/01\/flag-of-martinique_1.png\" width=\"500\" height=\"333\" alt=\"Flaga Martyniki-1\" \/><meta itemprop=\"width\" content=\"500\"><meta itemprop=\"height\" content=\"333\"><\/span><\/p>\n<h2 style=\"text-align: justify\">Flaga historii Martyniki<\/h2>\n<p style=\"text-align: justify\">Oficjaln\u0105 flag\u0105 Martyniki, jednego z terytori\u00f3w zamorskich Francji, po\u0142o\u017conego na Karaibach, jest francuski tricolor. Ale nie on, ale kolejny znak kraju, uwa\u017cany za historyczny. Zosta\u0142 adoptowany w II po\u0142owie lat 60. XVIII wieku. Jak morski Vympel kraj\u00f3w.<\/p>\n<blockquote>\n<p style=\"text-align: justify\">Od 1664 p\u00f3\u0142wysep posiada koloni\u0119, a od 1946 posiada status departamentu zamorskiego Francji.<\/p>\n<\/blockquote>\n<h2 style=\"text-align: justify\">Opis<\/h2>\n<p style=\"text-align: justify\">Jest to krzy\u017c na monofonicznym tle, kt\u00f3ry mia\u017cd\u017cy t\u0142o na cztery r\u00f3wne cz\u0119\u015bci, w ka\u017cdej z nich znajduje si\u0119 w\u0105\u017c przypominaj\u0105cy dzi\u00f3b.<\/p>\n<h2 style=\"text-align: justify\">Kolory flagi Martynika<\/h2>\n<p style=\"text-align: justify\">Niebieski i bia\u0142y.<\/p>\n<h2 style=\"text-align: justify\">Znaczenie kolor\u00f3w flagi Martynika<\/h2>\n<p style=\"text-align: justify\">Powodem wprowadzenia kolor\u00f3w nie jest dok\u0142adnie jasny, na podstawie tego, powinny by\u0107 interpretowane, w oparciu o podstawowe prawa heraldyki.<\/p>\n<ol style=\"text-align: justify\">\n<li>Niebieski &#8212; mi\u0142o\u015b\u0107 do po\u015bwi\u0119cenia, oddania i wielko\u015bci i symbol ogromnej wody, na kt\u00f3rej terytorium jest.<\/li>\n<li>Bia\u0142y &#8212; czysty i szlachta.<\/li>\n<li>Letter L &#8212; Od tytu\u0142u Saint Lucia &#8212; z tej wyspy do 1803 r. By\u0142o zarz\u0105dzane przez Martynika.<\/li>\n<li>Mieszka\u0144cy s\u0105 przekonani, \u017ce w\u0119\u017ce &#8212; wizerunek grzechot\u00f3w w\u0119\u017cy zamieszkuj\u0105cych te cz\u0119\u015bci.<\/li>\n<\/ol>\n<blockquote>\n<p style=\"text-align: justify\">Symbol wykonany przez kilka wiek\u00f3w temu, w przeciwie\u0144stwie do innych, ni\u017c i atrakcyjne dla wielu koneser\u00f3w i koneser\u00f3w VENXILLOLOLOLOLOGII &#8212; Nauki o flagach.<\/p>\n<\/blockquote>\n<h2 style=\"text-align: justify\">Informacje o nie-specjalistyczne o Martynika<\/h2>\n<table>\n<tbody>\n<tr style=\"text-align: justify\">\n<td>Oficjalny j\u0119zyk<\/td>\n<td>Francuski (oficjalny), dumnie m\u00f3wiony j\u0119zyk oparty na j\u0119zykach francuskim i afryka\u0144skim z zapo\u017cyczeniami z angielskiego, hiszpa\u0144skiego i portugalskiego.<\/td>\n<\/tr>\n<tr style=\"text-align: justify\">\n<td>Stolica<\/td>\n<td>FOR-DE FRANCI<\/td>\n<\/tr>\n<tr style=\"text-align: justify\">\n<td>Terytorium<\/td>\n<td>1128 km2<\/td>\n<\/tr>\n<tr style=\"text-align: justify\">\n<td>Populacja<\/td>\n<td>392 291 os\u00f3b<\/td>\n<\/tr>\n<tr style=\"text-align: justify\">\n<td>Waluta<\/td>\n<td>Euro<\/td>\n<\/tr>\n<tr>\n<td style=\"text-align: justify\">Kod telefoniczny<\/td>\n<td style=\"text-align: justify\">596<\/td>\n<\/tr>\n<\/tbody>\n<\/table>\n","protected":false},"excerpt":{"rendered":"<p>Martynika \u2013 P\u00f3\u0142wysep Karaibski, od dawna nale\u017c\u0105cy do Francji, potrafi\u0142 zachowa\u0107 cech\u0119 \u2013 jego nieformalna flaga uwa\u017cana jest za jedn\u0105 z najbardziej niepowtarzalnych na \u015bwiecie. Tak wygl\u0105da wsp\u00f3\u0142czesna&#8230;<\/p>\n","protected":false},"author":1,"featured_media":5429,"comment_status":"open","ping_status":"open","sticky":false,"template":"","format":"standard","meta":{"footnotes":""},"categories":[8],"tags":[],"class_list":["post-1606","post","type-post","status-publish","format-standard","has-post-thumbnail","","category-flagi-ameryki-ponocnej"],"aioseo_notices":[],"_links":{"self":[{"href":"https:\/\/flags-world.com\/pl\/wp-json\/wp\/v2\/posts\/1606","targetHints":{"allow":["GET"]}}],"collection":[{"href":"https:\/\/flags-world.com\/pl\/wp-json\/wp\/v2\/posts"}],"about":[{"href":"https:\/\/flags-world.com\/pl\/wp-json\/wp\/v2\/types\/post"}],"author":[{"embeddable":true,"href":"https:\/\/flags-world.com\/pl\/wp-json\/wp\/v2\/users\/1"}],"replies":[{"embeddable":true,"href":"https:\/\/flags-world.com\/pl\/wp-json\/wp\/v2\/comments?post=1606"}],"version-history":[{"count":0,"href":"https:\/\/flags-world.com\/pl\/wp-json\/wp\/v2\/posts\/1606\/revisions"}],"wp:featuredmedia":[{"embeddable":true,"href":"https:\/\/flags-world.com\/pl\/wp-json\/wp\/v2\/media\/5429"}],"wp:attachment":[{"href":"https:\/\/flags-world.com\/pl\/wp-json\/wp\/v2\/media?parent=1606"}],"wp:term":[{"taxonomy":"category","embeddable":true,"href":"https:\/\/flags-world.com\/pl\/wp-json\/wp\/v2\/categories?post=1606"},{"taxonomy":"post_tag","embeddable":true,"href":"https:\/\/flags-world.com\/pl\/wp-json\/wp\/v2\/tags?post=1606"}],"curies":[{"name":"wp","href":"https:\/\/api.w.org\/{rel}","templated":true}]}}