{"id":1573,"date":"2021-01-04T17:18:13","date_gmt":"2021-01-04T14:18:13","guid":{"rendered":"https:\/\/flags-world.com\/pl\/flaga-kamerunu-znaczenie-i-kolory\/"},"modified":"2021-01-04T17:18:13","modified_gmt":"2021-01-04T14:18:13","slug":"flaga-kamerunu-znaczenie-i-kolory","status":"publish","type":"post","link":"https:\/\/flags-world.com\/pl\/flaga-kamerunu-znaczenie-i-kolory\/","title":{"rendered":"Flaga Kamerunu: znaczenie i kolory"},"content":{"rendered":"<p style=\"text-align: justify\">Republika Kamerunu to rz\u0105d po\u0142o\u017cony w Afryce \u015arodkowej, kt\u00f3rego odkryciami pod koniec XV wieku byli portugalski Zbawiciel. Od teraz licz\u0105 si\u0119 pierwsze kontakty mieszka\u0144c\u00f3w z Europejczykami. Nazwa kraju pochodzi od Rio Dos Camarao (po portugalsku &bdquo;River Shrimp&rdquo;).<\/p>\n<p style=\"text-align: justify\">Tak wygl\u0105da wsp\u00f3\u0142czesna flaga Kamerunu:<\/p>\n<p style=\"text-align: justify\"><span itemprop=\"image\" itemscope itemtype=\"https:\/\/schema.org\/ImageObject\"><img itemprop=\"url image\" loading=\"lazy\" decoding=\"async\" class=\"alignnone size-full wp-image-3500\" src=\"\/wp-content\/uploads\/2021\/01\/flag-of-cameroon_1.png\" width=\"500\" height=\"333\" alt=\"Flaga Kamerony-1\" \/><meta itemprop=\"width\" content=\"500\"><meta itemprop=\"height\" content=\"333\"><\/span><\/p>\n<h2 style=\"text-align: justify\">Flaga historii Kamerunu<\/h2>\n<p style=\"text-align: justify\">Kamerun od ko\u0144ca XIX wieku do 1916 by\u0142 koloni\u0105 niemieck\u0105. Do 1914 r. terytorium by\u0142o zarz\u0105dzane przez Niemieck\u0105 Kompani\u0119 Zachodnioafryka\u0144sk\u0105. Wykorzysta\u0142a osobist\u0105 flag\u0119 w postaci bia\u0142ego p\u0142\u00f3tna z czerwonym krzy\u017cem i wizerunkiem czarnego soko\u0142a po\u015brodku umieszczonego w kole koloru \u017c\u00f3\u0142tego. W prostok\u0105tach, pomi\u0119dzy krucjatami, na bia\u0142ym tle zastosowano I du\u017ce dzioby firmy &#8212; Dwag.<\/p>\n<p style=\"text-align: justify\"><span itemprop=\"image\" itemscope itemtype=\"https:\/\/schema.org\/ImageObject\"><img itemprop=\"url image\" loading=\"lazy\" decoding=\"async\" class=\"alignnone size-full wp-image-3501\" src=\"\/wp-content\/uploads\/2021\/01\/flag-of-cameroon_2.png\" width=\"500\" height=\"302\" alt=\"Flaga Kamerunu-2\" \/><meta itemprop=\"width\" content=\"500\"><meta itemprop=\"height\" content=\"302\"><\/span><\/p>\n<p style=\"text-align: justify\">W roku pocz\u0105tku pierwszego \u015bwiata powsta\u0142 projekt nowej flagi, kt\u00f3ra zosta\u0142a nazwana &#8212; flaga Protektoratu Kamerunu. Planowano przedstawi\u0107 g\u0142ow\u0119 srebrnego s\u0142onia na tle tarczy w kolorze czerwonym, a wszystko to na niewyspecjalizowanym czarno-bia\u0142o-czerwonym tle niemieckiego znaku.<\/p>\n<p style=\"text-align: justify\"><span itemprop=\"image\" itemscope itemtype=\"https:\/\/schema.org\/ImageObject\"><img itemprop=\"url image\" loading=\"lazy\" decoding=\"async\" class=\"alignnone size-full wp-image-3502\" src=\"\/wp-content\/uploads\/2021\/01\/flag-of-cameroon_3.png\" width=\"500\" height=\"333\" alt=\"Flaga Kamerony-3\" \/><meta itemprop=\"width\" content=\"500\"><meta itemprop=\"height\" content=\"333\"><\/span><\/p>\n<p style=\"text-align: justify\">Ale to nie wysz\u0142o, poniewa\u017c zgodnie z wynikami wojny \u015bwiatowej terytorium zosta\u0142o podzielone mi\u0119dzy Wielk\u0105 Brytani\u0119 i Francj\u0119. Ani 1, ani 2 cz\u0119\u015b\u0107 w\u0142asnych flag Kamerunu nie zosta\u0142y odebrane, bez spojrzenia na fakt, \u017ce angielska cz\u0119\u015b\u0107 mia\u0142a \u0142atw\u0105 wersj\u0119 u\u017cywan\u0105 dla wszystkich terytori\u00f3w zamorskich.<\/p>\n<p style=\"text-align: justify\"><span itemprop=\"image\" itemscope itemtype=\"https:\/\/schema.org\/ImageObject\"><img itemprop=\"url image\" loading=\"lazy\" decoding=\"async\" class=\"alignnone size-full wp-image-3503\" src=\"\/wp-content\/uploads\/2021\/01\/flag-of-cameroon_4.png\" width=\"500\" height=\"250\" alt=\"Flaga Kamerunu-4\" \/><meta itemprop=\"width\" content=\"500\"><meta itemprop=\"height\" content=\"250\"><\/span><\/p>\n<p style=\"text-align: justify\">Pod koniec II globalny narodowy ruch wyzwole\u0144czy nasili\u0142 si\u0119 w pierwszej po\u0142owie lat 60. XX wieku, Kamerun sta\u0142 si\u0119 wolny. Ale jeszcze wcze\u015bniej cz\u0119\u015b\u0107 francuska przej\u0119\u0142a autonomi\u0119 i wraz z ni\u0105 I przyk\u0142ad flagi zatwierdzonej w II po\u0142owie lat 50. XX wieku. Sk\u0142ada\u0142 si\u0119 z trzech jednolitych pionowych pas\u00f3w &#8212; zielonego, barwnego i \u017c\u00f3\u0142to-czerwonego.<\/p>\n<p style=\"text-align: justify\"><span itemprop=\"image\" itemscope itemtype=\"https:\/\/schema.org\/ImageObject\"><img itemprop=\"url image\" loading=\"lazy\" decoding=\"async\" class=\"alignnone size-full wp-image-3504\" src=\"\/wp-content\/uploads\/2021\/01\/flag-of-cameroon_6.png\" width=\"500\" height=\"333\" alt=\"Flaga Kamerony-5\" \/><meta itemprop=\"width\" content=\"500\"><meta itemprop=\"height\" content=\"333\"><\/span><\/p>\n<p style=\"text-align: justify\">W pierwszej po\u0142owie lat 60. XX wieku dosz\u0142o do unii z brytyjsk\u0105 cz\u0119\u015bci\u0105 Kamerunu, a kraj sta\u0142 si\u0119 federalnym. Na tej podstawie zatwierdzono nowy znak &#8212; stara tkanina z dodatkiem 2 gwiazdek na zielonej stronie. Ten rodzaj znaku istnia\u0142 do 1975 roku, nie bior\u0105c pod uwag\u0119 faktu, \u017ce w pierwszej po\u0142owie lat 70. XX wieku Federalna Republika Kamerunu zosta\u0142a przemianowana na Zjednoczon\u0105 Republik\u0119 Kamerunu.<\/p>\n<p style=\"text-align: justify\"><span itemprop=\"image\" itemscope itemtype=\"https:\/\/schema.org\/ImageObject\"><img itemprop=\"url image\" loading=\"lazy\" decoding=\"async\" class=\"alignnone size-full wp-image-3505\" src=\"\/wp-content\/uploads\/2021\/01\/flag-of-cameroon_7.png\" width=\"500\" height=\"333\" alt=\"Flaga Kamerunu-6\" \/><meta itemprop=\"width\" content=\"500\"><meta itemprop=\"height\" content=\"333\"><\/span><\/p>\n<p style=\"text-align: justify\">W tej chwili aktywna wersja znaku pa\u0144stwowego pojawi\u0142a si\u0119 w maju 1975 roku, poniewa\u017c jest bardziej lub raczej okre\u015blana now\u0105 nazw\u0105 &#8212; Zjednoczona Republika Kamerunu. Od 1984 r. rz\u0105d zacz\u0105\u0142 odnosi\u0107 si\u0119 do Republiki.<\/p>\n<p style=\"text-align: justify\"><span itemprop=\"image\" itemscope itemtype=\"https:\/\/schema.org\/ImageObject\"><img itemprop=\"url image\" loading=\"lazy\" decoding=\"async\" class=\"alignnone size-full wp-image-3506\" src=\"\/wp-content\/uploads\/2021\/01\/flag-of-cameroon_5.png\" width=\"500\" height=\"333\" alt=\"Flaga Kamerunu-7\" \/><meta itemprop=\"width\" content=\"500\"><meta itemprop=\"height\" content=\"333\"><\/span><\/p>\n<h2 style=\"text-align: justify\">Opis<\/h2>\n<p style=\"text-align: justify\">Naprzemienne paski na fladze Kamerunu, Pomo-Mu, powt\u00f3rz wersj\u0119 francuskiego tricoloru. Wykre\u015blony standardowy prostok\u0105tny kszta\u0142t ze stosunkami bok\u00f3w &#8212; szeroko\u015b\u0107 do d\u0142ugo\u015bci od 2 do 3. Sk\u0142ada si\u0119 z 3 pask\u00f3w o monochromatycznej szeroko\u015bci umieszczonych pionowo. Z Drzewa drugie s\u0142owa po lewej stronie po prawej pod\u0105\u017caj\u0105 za paskami: zielonym, czerwonym i \u017c\u00f3\u0142tym. W samym \u015brodku flagi, po\u015brodku czerwonego paska przedstawia\u0142a \u017c\u00f3\u0142t\u0105 pi\u0119cioramienn\u0105 gwiazd\u0119.<\/p>\n<blockquote>\n<p style=\"text-align: justify\">W Konstytucji na znaku republiki w artykule 1 PT 5 i cz\u0119\u015bci 1 jest napisane, \u017ce &bdquo;flaga powinna by\u0107 zielona, czerwona, \u017c\u00f3\u0142ta w trzech r\u00f3wnych pionowych pasach z jedn\u0105 z\u0142ot\u0105 gwiazd\u0105 po\u015brodku czerwonego paska&rdquo;.<\/p>\n<\/blockquote>\n<h2 style=\"text-align: justify\">Kolory flagi Kamerunu<\/h2>\n<p style=\"text-align: justify\">Kolory flag Kamerunu (\u017c\u00f3\u0142ty, zielony, czerwony) &#8212; jest to przyj\u0119ta kompozycja barw kraj\u00f3w kontynentu afryka\u0144skiego.<\/p>\n<h2 style=\"text-align: justify\">Znaczenie kolor\u00f3w i znaku flagi<\/h2>\n<p style=\"text-align: justify\">Kolor zielony na fladze symbolizuje bogat\u0105 ro\u015blinno\u015b\u0107 le\u015bn\u0105 po\u0142udniowego regionu kraju; \u015bwiadczy o nadziei na szcz\u0119\u015bliw\u0105 przysz\u0142o\u015b\u0107. Suwerenno\u015b\u0107 i niezale\u017cno\u015b\u0107 Czerwonego MNIT oraz jedno\u015b\u0107 p\u00f3\u0142nocnej i po\u0142udniowej cz\u0119\u015bci Kamerunu. \u017b\u00f3\u0142te S\u0142o\u0144ce MNIT, kt\u00f3re jest \u017ar\u00f3d\u0142em szcz\u0119\u015bcia i sawanny Kamerun w p\u00f3\u0142nocnej cz\u0119\u015bci kraju. Gwiazda &#8212; symbol jedno\u015bci kraju.<\/p>\n<blockquote>\n<p style=\"text-align: justify\">Republika Kamerunu jest pa\u0144stwem wieloj\u0119zycznym, ale urz\u0119dnicy s\u0105 oficjalni i francuscy. A fakt, \u017ce p\u00f3\u017aniej dwie gwiazdy zamieni\u0142y si\u0119 w jedn\u0105, przypomina o znaczeniu jedno\u015bci ludno\u015bci Ukrainy, d\u0142ugiej dekady \u017cycia podzielonej.<\/p>\n<\/blockquote>\n<h2 style=\"text-align: justify\">Interesuj\u0105ce fakty dotycz\u0105ce flagi<\/h2>\n<p style=\"text-align: justify\">Kolory na fladze Kamerunu uosabiaj\u0105 ruch PanFrean, a Kamerun jest dost\u0119pny w drugim oficjalnym stanie, w ko\u0144cu Ghana u\u017cy\u0142a ich na swoim sztandarze.<\/p>\n<h2 style=\"text-align: justify\">Niespecjalistyczne informacje o Kamerunie<\/h2>\n<table>\n<tbody>\n<tr style=\"text-align: justify\">\n<td>Oficjalny j\u0119zyk<\/td>\n<td>francuski i angielski (de facto)<\/td>\n<\/tr>\n<tr style=\"text-align: justify\">\n<td>Stolica<\/td>\n<td>Jaunde<\/td>\n<\/tr>\n<tr style=\"text-align: justify\">\n<td>Terytorium<\/td>\n<td>475 440 km2<\/td>\n<\/tr>\n<tr style=\"text-align: justify\">\n<td>Populacja<\/td>\n<td>27 744 989 os\u00f3b<\/td>\n<\/tr>\n<tr style=\"text-align: justify\">\n<td>Waluta<\/td>\n<td>Frank CFA Beac (XAF)<\/td>\n<\/tr>\n<tr>\n<td style=\"text-align: justify\">Kod telefoniczny<\/td>\n<td style=\"text-align: justify\">+237<\/td>\n<\/tr>\n<\/tbody>\n<\/table>\n","protected":false},"excerpt":{"rendered":"<p>Republika Kamerunu to rz\u0105d po\u0142o\u017cony w Afryce \u015arodkowej, kt\u00f3rego odkryciami pod koniec XV wieku byli portugalski Zbawiciel. Od teraz licz\u0105 si\u0119 pierwsze kontakty mieszka\u0144c\u00f3w z Europejczykami. Nazwa kraju&#8230;<\/p>\n","protected":false},"author":1,"featured_media":5402,"comment_status":"open","ping_status":"open","sticky":false,"template":"","format":"standard","meta":{"footnotes":""},"categories":[7],"tags":[],"class_list":["post-1573","post","type-post","status-publish","format-standard","has-post-thumbnail","","category-flagi-krajow-afryki"],"aioseo_notices":[],"_links":{"self":[{"href":"https:\/\/flags-world.com\/pl\/wp-json\/wp\/v2\/posts\/1573","targetHints":{"allow":["GET"]}}],"collection":[{"href":"https:\/\/flags-world.com\/pl\/wp-json\/wp\/v2\/posts"}],"about":[{"href":"https:\/\/flags-world.com\/pl\/wp-json\/wp\/v2\/types\/post"}],"author":[{"embeddable":true,"href":"https:\/\/flags-world.com\/pl\/wp-json\/wp\/v2\/users\/1"}],"replies":[{"embeddable":true,"href":"https:\/\/flags-world.com\/pl\/wp-json\/wp\/v2\/comments?post=1573"}],"version-history":[{"count":0,"href":"https:\/\/flags-world.com\/pl\/wp-json\/wp\/v2\/posts\/1573\/revisions"}],"wp:featuredmedia":[{"embeddable":true,"href":"https:\/\/flags-world.com\/pl\/wp-json\/wp\/v2\/media\/5402"}],"wp:attachment":[{"href":"https:\/\/flags-world.com\/pl\/wp-json\/wp\/v2\/media?parent=1573"}],"wp:term":[{"taxonomy":"category","embeddable":true,"href":"https:\/\/flags-world.com\/pl\/wp-json\/wp\/v2\/categories?post=1573"},{"taxonomy":"post_tag","embeddable":true,"href":"https:\/\/flags-world.com\/pl\/wp-json\/wp\/v2\/tags?post=1573"}],"curies":[{"name":"wp","href":"https:\/\/api.w.org\/{rel}","templated":true}]}}