{"id":1569,"date":"2021-01-04T17:18:13","date_gmt":"2021-01-04T14:18:13","guid":{"rendered":"https:\/\/flags-world.com\/pl\/flaga-jemenu-znaczenie-i-kolory\/"},"modified":"2021-01-04T17:18:13","modified_gmt":"2021-01-04T14:18:13","slug":"flaga-jemenu-znaczenie-i-kolory","status":"publish","type":"post","link":"https:\/\/flags-world.com\/pl\/flaga-jemenu-znaczenie-i-kolory\/","title":{"rendered":"Flaga Jemenu: znaczenie i kolory"},"content":{"rendered":"<p style=\"text-align: justify\">Republika Jemenu znajduje si\u0119 w po\u0142udniowo-zachodniej cz\u0119\u015bci P\u00f3\u0142wyspu Arabskiego. Opr\u00f3cz l\u0105du nale\u017cy do wyspy Socotra, Camaran, Perim, Sukar i innych. Wsp\u00f3\u0142czesny rz\u0105d wydawa\u0142 si\u0119 w pierwszej po\u0142owie lat 90. XX wieku od zjednoczenia Jemenu P\u00f3\u0142nocnego i Po\u0142udniowego pod koniec d\u0142ugich zmaga\u0144. Cz\u0119\u015b\u0107 p\u00f3\u0142nocn\u0105 nazwano Jeme\u0144sk\u0105 Republik\u0105 Arabsk\u0105, po\u0142udniow\u0105 &#8212; Ludowo-Demokratyczn\u0105 Republik\u0105 Jemenu.<\/p>\n<p style=\"text-align: justify\">Tak wygl\u0105da wsp\u00f3\u0142czesna flaga Jemenu:<\/p>\n<p style=\"text-align: justify\"><span itemprop=\"image\" itemscope itemtype=\"https:\/\/schema.org\/ImageObject\"><img itemprop=\"url image\" loading=\"lazy\" decoding=\"async\" class=\"alignnone  wp-image-4641\" src=\"\/wp-content\/uploads\/2021\/01\/yemen-flag_1.png\" width=\"500\" height=\"333\" alt=\"Flaga Jemenu-1\" \/><meta itemprop=\"width\" content=\"500\"><meta itemprop=\"height\" content=\"333\"><\/span><\/p>\n<h2 style=\"text-align: justify\">Historia flagi Jemenu<\/h2>\n<p style=\"text-align: justify\">Nowoczesna flaga miejska zatwierdzona 22 maja 1990 r.<\/p>\n<p style=\"text-align: justify\">W latach 1927-1965 Republika Jemenu istnia\u0142a osobista flaga. Jemen wzi\u0105\u0142 go w dziedzictwo z kr\u00f3lestwa Jemenu, istniej\u0105cego w latach 1927-1962. Powsta\u0142 pod koniec pierwszego \u015bwiata i wyzwolenia kraju spod d\u0142ugich rz\u0105d\u00f3w osma\u0144skich. Na fladze koloru czerwonego przedstawiono szabl\u0119 z gwiazdami i 5 zakrzywionych typ\u00f3w: cztery w rogach flagi, a 5 &#8212; nad pistoletem.<\/p>\n<p style=\"text-align: justify\"><span itemprop=\"image\" itemscope itemtype=\"https:\/\/schema.org\/ImageObject\"><img itemprop=\"url image\" loading=\"lazy\" decoding=\"async\" class=\"alignnone  wp-image-4642\" src=\"\/wp-content\/uploads\/2021\/01\/yemen-flag_2.png\" width=\"500\" height=\"250\" alt=\"Flaga Yemen-2\" \/><meta itemprop=\"width\" content=\"500\"><meta itemprop=\"height\" content=\"250\"><\/span><\/p>\n<p style=\"text-align: justify\">Pod koniec Zwi\u0105zku Kr\u00f3lestwa Jemenu w drugiej po\u0142owie lat 50. XX wieku z Egiptem i Syri\u0105 zosta\u0142 zatwierdzony przez drug\u0105 flag\u0119. Na bander\u0119 czerwonych, bia\u0142ych i czarnych pask\u00f3w w centrum by\u0142a zielona pi\u0119ciogwiazdkowa gwiazda.<\/p>\n<p style=\"text-align: justify\">Od fundacji i do 4 kwietnia 1962 r., Znak miejski Jemen, flaga nale\u017ca\u0142a do Federacji Po\u0142udniowej Arabii. Sk\u0142ada\u0142 si\u0119 z 3 poziomych pask\u00f3w czarnego, zielonkawego i niebieskiego, wsp\u00f3\u0142dzielonego przez w\u0105skie \u017c\u00f3\u0142tawe. Opr\u00f3cz tego, gwiazda muzu\u0142ma\u0144ska i zaciski zosta\u0142y przedstawione na nim.<\/p>\n<p style=\"text-align: justify\"><span itemprop=\"image\" itemscope itemtype=\"https:\/\/schema.org\/ImageObject\"><img itemprop=\"url image\" loading=\"lazy\" decoding=\"async\" class=\"alignnone size-full wp-image-4643\" src=\"\/wp-content\/uploads\/2021\/01\/yemen-flag_3.png\" width=\"500\" height=\"250\" alt=\"Flaga Yemen-3\" \/><meta itemprop=\"width\" content=\"500\"><meta itemprop=\"height\" content=\"250\"><\/span><\/p>\n<p style=\"text-align: justify\">W przesz\u0142o\u015bci flaga Republiki Jemenu zosta\u0142a zast\u0105piona w 1962 roku za zdumiewaj\u0105co z 3 \u0142agodnych pask\u00f3w dla pa\u0144stw arabskich &#8212; czerwony, bia\u0142y i czarny z 2 Majan Greenish Gwiazd.<\/p>\n<p style=\"text-align: justify\"><span itemprop=\"image\" itemscope itemtype=\"https:\/\/schema.org\/ImageObject\"><img itemprop=\"url image\" loading=\"lazy\" decoding=\"async\" class=\"alignnone size-full wp-image-4644\" src=\"\/wp-content\/uploads\/2021\/01\/yemen-flag_4.png\" width=\"500\" height=\"333\" alt=\"Flaga Yemen-4\" \/><meta itemprop=\"width\" content=\"500\"><meta itemprop=\"height\" content=\"333\"><\/span><\/p>\n<p style=\"text-align: justify\">W drugiej po\u0142owie lat 60. XX wieku flaga tych samych kolor\u00f3w zmieni\u0142a go. U podstawy panelu znajdowa\u0142 si\u0119 niebieski tr\u00f3jk\u0105t z czerwon\u0105 pi\u0119cioramienn\u0105 gwiazd\u0105.<\/p>\n<p style=\"text-align: justify\"><span itemprop=\"image\" itemscope itemtype=\"https:\/\/schema.org\/ImageObject\"><img itemprop=\"url image\" loading=\"lazy\" decoding=\"async\" class=\"alignnone size-full wp-image-4645\" src=\"\/wp-content\/uploads\/2021\/01\/yemen-flag_5.png\" width=\"500\" height=\"333\" alt=\"Flaga Jemenu-5\" \/><meta itemprop=\"width\" content=\"500\"><meta itemprop=\"height\" content=\"333\"><\/span><\/p>\n<h2 style=\"text-align: justify\">Opis<\/h2>\n<p style=\"text-align: justify\">Nowoczesna flaga Jemenu sk\u0142ada si\u0119 z pask\u00f3w w r\u00f3\u017cnych kolorach. Szeroko\u015b\u0107 i d\u0142ugo\u015b\u0107 p\u0142\u00f3tna zosta\u0142a zatwierdzona przez Konstytucj\u0119 Jemenu w pierwszej po\u0142owie lat 90. XX wieku i tworzy proporcj\u0119 2:3.<\/p>\n<h2 style=\"text-align: justify\">Kolorowa flaga Jemenu<\/h2>\n<p style=\"text-align: justify\">Flaga jest prze\u0142amana trzema paskami: czerwonym, bia\u0142ym i czarnym. To dobre dla kraj\u00f3w arabskich.<\/p>\n<h2 style=\"text-align: justify\">Znaczenie kolor\u00f3w i znaku flagi<\/h2>\n<p style=\"text-align: justify\">Znaczenie flagi jeme\u0144skiej flagi doskonale utkanej z religi\u0105 islamsk\u0105. Wed\u0142ug legendy pod bia\u0142\u0105 flag\u0105 walczy\u0142 prorok Mahomet. Wszed\u0142 do niego w Mekce. Bia\u0142y jest uwa\u017cany za kolor Omeyadova, kt\u00f3ry jest bezpo\u015brednim potomkiem proroka. W latach 661-750 rz\u0105dzili krajami muzu\u0142ma\u0144skimi, a od 756 do 1031 i Hiszpani\u0105.<\/p>\n<p style=\"text-align: justify\">Czarny kolor nie licz\u0105c tego by\u0142 na flagach armii Mahometa. Ponadto nale\u017ca\u0142 do rodziny abbasyd\u00f3w, zarz\u0105dc\u00f3w kalifatu w latach 750-1258.<\/p>\n<p style=\"text-align: justify\">Czerwony by\u0142 uwa\u017cany za kolor haszysz\u00f3w, kt\u00f3rzy prowadzili swoj\u0105 rodzin\u0119 od dziadka proroka Mahometa. Bezpo\u015brednio w ci\u0105gu wiek\u00f3w byli emirami Mekki, prawo to przeszli z Ojca na potomka.<\/p>\n<h2 style=\"text-align: justify\">Interesuj\u0105ce fakty dotycz\u0105ce flagi<\/h2>\n<p style=\"text-align: justify\">Wsp\u00f3\u0142czesna historia inaczej nawi\u0105zuje do kolor\u00f3w na arabskich flagach. Pod koniec obalenia gmachu monarchistycznego w Egipcie w pierwszej po\u0142owie lat 50. XX wieku kolory arabskie zacz\u0119\u0142y symbolizowa\u0107 straszliw\u0105 histori\u0119 ciemi\u0119\u017conych. Czarny &#8212; trudno\u015bci i pr\u00f3by na drodze do wolno\u015bci, czerwony &#8212; ludowa strata w walce klas, bia\u0142y &#8212; godna uwagi przysz\u0142o\u015b\u0107 wolnego ludu.<\/p>\n<p style=\"text-align: justify\">Konstytucja Jemenu zatwierdzi\u0142a obecno\u015b\u0107 znaku pa\u0144stwowego na herbie kraju. Po obu stronach or\u0142a znajduj\u0105 si\u0119 flagi. A na piersi &#8212; tarcza z ga\u0142\u0105zk\u0105 kawowca. Bezpo\u015brednio w Jemenie na wszystkich kontynentach globu znajduje si\u0119 ukochany wypasany nap\u00f3j. Na wsi w czasach staro\u017cytnych istnia\u0142 kraj Saba, zbudowany przez tam\u0119 marib. Jest to symbolicznie przedstawione poni\u017cej wizerunku kawy.<\/p>\n<p style=\"text-align: justify\">Wsp\u00f3\u0142czesny symbol arabski zosta\u0142 zatwierdzony na pocz\u0105tku XX wieku w Stambule, gdzie gromadzili si\u0119 m\u0142odzi napastnicy tych kraj\u00f3w. W trakcie dyskusji doszli do wniosku, \u017ce symboliczny wolny sztandar Arab\u00f3w powinien zawiera\u0107 trzy kolory. Bia\u0142y-Omeyadov, Czarny &#8212; Abbasides, Zielony-Fimidov. Szarif Husajn, faworyt powstania w Hid\u017cazie 10 czerwca 1916 r., nale\u017ca\u0142 do rodziny, w kt\u00f3rej dynastyczni byli czerwoni. Podczas spotka\u0144 dodawa\u0142 go do sztandaru. 30 maja 1917 r. mo\u017cna uzna\u0107 urodziny wolnej flagi arabskiej.<\/p>\n<p style=\"text-align: justify\">Ka\u017cdy kraj na okres rozwoju zmienia nie tylko w\u0142adc\u00f3w i znaki narodowe. Flaga Jemenu zdo\u0142a\u0142a si\u0119 zmieni\u0107, ale pozostawi\u0107 jedno\u015b\u0107 z innymi flagami arabskimi.<\/p>\n<h2 style=\"text-align: justify\">Niespecjalistyczne informacje o Jemenie<\/h2>\n<table>\n<tbody>\n<tr style=\"text-align: justify\">\n<td>Oficjalny j\u0119zyk<\/td>\n<td>Arab<\/td>\n<\/tr>\n<tr style=\"text-align: justify\">\n<td>Stolica<\/td>\n<td>Sana<\/td>\n<\/tr>\n<tr style=\"text-align: justify\">\n<td>Terytorium<\/td>\n<td>527 970 km2<\/td>\n<\/tr>\n<tr style=\"text-align: justify\">\n<td>Populacja<\/td>\n<td>25 408 288 os\u00f3b<\/td>\n<\/tr>\n<tr style=\"text-align: justify\">\n<td>Waluta<\/td>\n<td>Rial jeme\u0144ski (Yer)<\/td>\n<\/tr>\n<tr>\n<td style=\"text-align: justify\">Kod telefoniczny<\/td>\n<td style=\"text-align: justify\">+967<\/td>\n<\/tr>\n<\/tbody>\n<\/table>\n","protected":false},"excerpt":{"rendered":"<p>Republika Jemenu znajduje si\u0119 w po\u0142udniowo-zachodniej cz\u0119\u015bci P\u00f3\u0142wyspu Arabskiego. Opr\u00f3cz l\u0105du nale\u017cy do wyspy Socotra, Camaran, Perim, Sukar i innych. Wsp\u00f3\u0142czesny rz\u0105d wydawa\u0142 si\u0119 w pierwszej po\u0142owie lat&#8230;<\/p>\n","protected":false},"author":1,"featured_media":5398,"comment_status":"open","ping_status":"open","sticky":false,"template":"","format":"standard","meta":{"footnotes":""},"categories":[4],"tags":[],"class_list":["post-1569","post","type-post","status-publish","format-standard","has-post-thumbnail","","category-azijos-ali-vliavos"],"aioseo_notices":[],"_links":{"self":[{"href":"https:\/\/flags-world.com\/pl\/wp-json\/wp\/v2\/posts\/1569","targetHints":{"allow":["GET"]}}],"collection":[{"href":"https:\/\/flags-world.com\/pl\/wp-json\/wp\/v2\/posts"}],"about":[{"href":"https:\/\/flags-world.com\/pl\/wp-json\/wp\/v2\/types\/post"}],"author":[{"embeddable":true,"href":"https:\/\/flags-world.com\/pl\/wp-json\/wp\/v2\/users\/1"}],"replies":[{"embeddable":true,"href":"https:\/\/flags-world.com\/pl\/wp-json\/wp\/v2\/comments?post=1569"}],"version-history":[{"count":0,"href":"https:\/\/flags-world.com\/pl\/wp-json\/wp\/v2\/posts\/1569\/revisions"}],"wp:featuredmedia":[{"embeddable":true,"href":"https:\/\/flags-world.com\/pl\/wp-json\/wp\/v2\/media\/5398"}],"wp:attachment":[{"href":"https:\/\/flags-world.com\/pl\/wp-json\/wp\/v2\/media?parent=1569"}],"wp:term":[{"taxonomy":"category","embeddable":true,"href":"https:\/\/flags-world.com\/pl\/wp-json\/wp\/v2\/categories?post=1569"},{"taxonomy":"post_tag","embeddable":true,"href":"https:\/\/flags-world.com\/pl\/wp-json\/wp\/v2\/tags?post=1569"}],"curies":[{"name":"wp","href":"https:\/\/api.w.org\/{rel}","templated":true}]}}