{"id":1541,"date":"2021-01-04T17:18:11","date_gmt":"2021-01-04T14:18:11","guid":{"rendered":"https:\/\/flags-world.com\/pl\/flaga-dibuti-znaczenie-i-kolory\/"},"modified":"2021-01-04T17:18:11","modified_gmt":"2021-01-04T14:18:11","slug":"flaga-dibuti-znaczenie-i-kolory","status":"publish","type":"post","link":"https:\/\/flags-world.com\/pl\/flaga-dibuti-znaczenie-i-kolory\/","title":{"rendered":"Flaga D\u017cibuti: znaczenie i kolory"},"content":{"rendered":"<p style=\"text-align: justify\">D\u017cibuti &#8212; ma\u0142y rz\u0105d w p\u00f3\u0142nocno-wschodniej Afryce. Jego okolicy tworzy kilka wi\u0119cej ni\u017c 23 tys. km2. Jest to republika z osobistymi znakami miejskich.<\/p>\n<p style=\"text-align: justify\">Nowoczesna flaga D\u017cibuti wygl\u0105da:<\/p>\n<p style=\"text-align: justify\"><span itemprop=\"image\" itemscope itemtype=\"https:\/\/schema.org\/ImageObject\"><img itemprop=\"url image\" loading=\"lazy\" decoding=\"async\" class=\"alignnone size-full wp-image-3258\" src=\"\/wp-content\/uploads\/2021\/01\/flag-of-djibouti_1.png\" width=\"500\" height=\"333\" alt=\"Flaga d\u017cibuti 1\" \/><meta itemprop=\"width\" content=\"500\"><meta itemprop=\"height\" content=\"333\"><\/span><\/p>\n<h2 style=\"text-align: justify\">Historia Flaga D\u017cibuti<\/h2>\n<p style=\"text-align: justify\">Pod koniec lat 80. XIX wieku na ziemiach znalezionych przez francuskich emisariuszy w plemieniu ISSA rozpocz\u0105\u0142 si\u0119 budow\u0119 miasta D\u017cibuti. W tym kierunku p\u00f3\u017aniej gubernator francuski. Nad miastem sztandar gubernatora, kt\u00f3ry zmiesza\u0142 niebiesk\u0105 tkanin\u0119 z 2 tr\u00f3jk\u0105tnymi wyko\u0144czeniami (brazerami) i tr\u00f3jkolorow\u0105 Francj\u0105.<\/p>\n<p style=\"text-align: justify\"><span itemprop=\"image\" itemscope itemtype=\"https:\/\/schema.org\/ImageObject\"><img itemprop=\"url image\" loading=\"lazy\" decoding=\"async\" class=\"alignnone size-full wp-image-3259\" src=\"\/wp-content\/uploads\/2021\/01\/flag-of-djibouti_2.png\" alt=\"Flaga D\u017cibuti-2\" width=\"433\" height=\"217\" \/><meta itemprop=\"width\" content=\"433\"><meta itemprop=\"height\" content=\"217\"><\/span><\/p>\n<p style=\"text-align: justify\">W drugiej po\u0142owie lat 50. i u schy\u0142ku masowych manifestacji Somalii w D\u017cibuti rz\u0105d francuski przyj\u0105\u0142 ustaw\u0119 o rozszerzeniu samorz\u0105du zamorskiego. Zosta\u0142 stworzony przez Zarz\u0105d, 1. Wiceprezes kt\u00f3rego Issa Mahamud Harbi Farah stworzy\u0142 now\u0105 flag\u0119.<\/p>\n<p style=\"text-align: justify\">By\u0142 to prostok\u0105t z\u0142o\u017cony z 2 poziomych pask\u00f3w. G\u00f3ra &#8212; niebieska, jak Somalia. Ni\u017cszy, zielony, uosobiony islam. Czerwony tr\u00f3jk\u0105t r\u00f3wnoboczny na drzewie oznacza\u0142 walk\u0119 rewolucyjn\u0105. Umieszczona na nim bia\u0142a pi\u0119cioramienna wi\u0105zka gwiazdy zosta\u0142a umieszczona na \u015brodku panelu.<\/p>\n<p style=\"text-align: justify\"><span itemprop=\"image\" itemscope itemtype=\"https:\/\/schema.org\/ImageObject\"><img itemprop=\"url image\" loading=\"lazy\" decoding=\"async\" class=\"alignnone size-full wp-image-3260\" src=\"\/wp-content\/uploads\/2021\/01\/flag-of-djibouti_3.png\" alt=\"Flaga D\u017cibuti 3\" width=\"240\" height=\"161\" \/><meta itemprop=\"width\" content=\"240\"><meta itemprop=\"height\" content=\"161\"><\/span><\/p>\n<p style=\"text-align: justify\">Nowoczesna flaga D\u017cibuti, jako znak kraju, zosta\u0142a przyj\u0119ta 27 czerwca 1977 r. W tym dniu D\u017cibuti zosta\u0142 ca\u0142kowicie uwolniony od zale\u017cno\u015bci kolonialnej.<\/p>\n<blockquote>\n<p style=\"text-align: justify\">Podobna tkanina wznios\u0142a si\u0119 nad pa\u0144stwem w pierwszej po\u0142owie lat 70. XX wieku bojownicy o niepodleg\u0142o\u015b\u0107. Ale znaczenie znak\u00f3w si\u0119 zmieni\u0142o.<\/p>\n<\/blockquote>\n<h2 style=\"text-align: justify\">Opis<\/h2>\n<p style=\"text-align: justify\">Jest to prostok\u0105t o stosunku d\u0142ugo\u015bci do szeroko\u015bci 21:38. W poziomie jest podzielony na dwa r\u00f3wne paski. Wierzch ma jasnoniebieski &#8212; kolor. Ni\u017cszy &#8212; zielony.<\/p>\n<p style=\"text-align: justify\">R\u00f3wnok\u0105tny bia\u0142y tr\u00f3jk\u0105t z jednej strony przylega do k\u0105ta, r\u00f3g jest skierowany do \u015brodka.<\/p>\n<p style=\"text-align: justify\">W \u015brodku tr\u00f3jk\u0105ta &#8212; czerwona gwiazda z pi\u0119cioma promieniami w pozycji pionowej. Gwiazda jest wpisana w wyimaginowany okr\u0105g o \u015brednicy 1\/5 szeroko\u015bci panelu.<\/p>\n<h2 style=\"text-align: justify\">Kolory flagi D\u017cibuti<\/h2>\n<p style=\"text-align: justify\">Posiada nast\u0119puj\u0105ce kolory:<\/p>\n<ol style=\"text-align: justify\">\n<li>Jasnoniebieski lub b\u0142\u0119kitny (Pantone 292c);<\/li>\n<li>High-green (Pantone 361c);<\/li>\n<li>Bia\u0142y;<\/li>\n<li>Czerwony (Pantone 179C).<\/li>\n<\/ol>\n<h2 style=\"text-align: justify\">Znaczenie kolor\u00f3w flagi D\u017cibuti<\/h2>\n<ol>\n<li style=\"text-align: justify\">Jasnoniebieski jest dost\u0119pny pod znakiem niezauwa\u017conego morza i bezkresnego nieba i uosabia lud Issa. Ziele\u0144 \u015bwiadczy o naturalnym kontynencie afryka\u0144skim, ojczy\u017anie, bujnej ro\u015blinno\u015bci i odpowiada ludziom z daleka.<\/li>\n<li style=\"text-align: justify\">Bia\u0142y tr\u00f3jk\u0105t &#8212; symbol \u015bwiata.<\/li>\n<li style=\"text-align: justify\">Czerwona Gwiazda umieszczona na fladze na pami\u0105tk\u0119 walki narod\u00f3w o niezale\u017cno\u015b\u0107 od kolonizator\u00f3w. Na nowoczesnej fladze symbolizuje spo\u0142ecze\u0144stwa i jedno\u015b\u0107 ludu.<\/li>\n<\/ol>\n<h2 style=\"text-align: justify\">Inne flagi<\/h2>\n<p style=\"text-align: justify\">Flaga Pa\u0144stwowego Sojuszu Niepodleg\u0142o\u015bci:<\/p>\n<p style=\"text-align: justify\"><span itemprop=\"image\" itemscope itemtype=\"https:\/\/schema.org\/ImageObject\"><img itemprop=\"url image\" loading=\"lazy\" decoding=\"async\" class=\"alignnone size-full wp-image-3261\" src=\"\/wp-content\/uploads\/2021\/01\/flag-of-djibouti_4.png\" alt=\"Flaga D\u017cibuti 4\" width=\"317\" height=\"216\" \/><meta itemprop=\"width\" content=\"317\"><meta itemprop=\"height\" content=\"216\"><\/span><\/p>\n<h2 style=\"text-align: justify\">Niespecjalistyczne informacje o D\u017cibuti<\/h2>\n<table>\n<tbody>\n<tr>\n<td style=\"text-align: justify\">Oficjalny j\u0119zyk<\/td>\n<td>arabski, francuski<\/td>\n<\/tr>\n<tr>\n<td>Stolica<\/td>\n<td>D\u017cibuti<\/td>\n<\/tr>\n<tr>\n<td>Terytorium<\/td>\n<td>23 200 km2<\/td>\n<\/tr>\n<tr>\n<td>Populacja<\/td>\n<td>921 804 os\u00f3b<\/td>\n<\/tr>\n<tr>\n<td>Waluta<\/td>\n<td>Frank D\u017cibuti (DJF, kod 268)<\/td>\n<\/tr>\n<tr>\n<td>Kod telefoniczny<\/td>\n<td>+253<\/td>\n<\/tr>\n<\/tbody>\n<\/table>\n","protected":false},"excerpt":{"rendered":"<p>D\u017cibuti &#8212; ma\u0142y rz\u0105d w p\u00f3\u0142nocno-wschodniej Afryce. Jego okolicy tworzy kilka wi\u0119cej ni\u017c 23 tys. km2. Jest to republika z osobistymi znakami miejskich. Nowoczesna flaga D\u017cibuti wygl\u0105da: Historia&#8230;<\/p>\n","protected":false},"author":1,"featured_media":5362,"comment_status":"open","ping_status":"open","sticky":false,"template":"","format":"standard","meta":{"footnotes":""},"categories":[7],"tags":[],"class_list":["post-1541","post","type-post","status-publish","format-standard","has-post-thumbnail","","category-flagi-krajow-afryki"],"aioseo_notices":[],"_links":{"self":[{"href":"https:\/\/flags-world.com\/pl\/wp-json\/wp\/v2\/posts\/1541","targetHints":{"allow":["GET"]}}],"collection":[{"href":"https:\/\/flags-world.com\/pl\/wp-json\/wp\/v2\/posts"}],"about":[{"href":"https:\/\/flags-world.com\/pl\/wp-json\/wp\/v2\/types\/post"}],"author":[{"embeddable":true,"href":"https:\/\/flags-world.com\/pl\/wp-json\/wp\/v2\/users\/1"}],"replies":[{"embeddable":true,"href":"https:\/\/flags-world.com\/pl\/wp-json\/wp\/v2\/comments?post=1541"}],"version-history":[{"count":0,"href":"https:\/\/flags-world.com\/pl\/wp-json\/wp\/v2\/posts\/1541\/revisions"}],"wp:featuredmedia":[{"embeddable":true,"href":"https:\/\/flags-world.com\/pl\/wp-json\/wp\/v2\/media\/5362"}],"wp:attachment":[{"href":"https:\/\/flags-world.com\/pl\/wp-json\/wp\/v2\/media?parent=1541"}],"wp:term":[{"taxonomy":"category","embeddable":true,"href":"https:\/\/flags-world.com\/pl\/wp-json\/wp\/v2\/categories?post=1541"},{"taxonomy":"post_tag","embeddable":true,"href":"https:\/\/flags-world.com\/pl\/wp-json\/wp\/v2\/tags?post=1541"}],"curies":[{"name":"wp","href":"https:\/\/api.w.org\/{rel}","templated":true}]}}