{"id":5755,"date":"2021-01-16T12:07:33","date_gmt":"2021-01-16T09:07:33","guid":{"rendered":"https:\/\/flags-world.com\/lv\/2021\/01\/16\/antarktdas-karogs\/"},"modified":"2021-01-16T12:07:33","modified_gmt":"2021-01-16T09:07:33","slug":"antarktdas-karogs","status":"publish","type":"post","link":"https:\/\/flags-world.com\/lv\/antarktdas-karogs\/","title":{"rendered":"Antarkt\u012bdas karogs"},"content":{"rendered":"<p style=\"text-align: justify\">Antarkt\u012bdas karoga izstr\u0101di p\u0113c person\u012bgas iniciat\u012bvas veica veksiologi (cilv\u0113ki, kas p\u0113ta karogu izcelsmes v\u0113sturi &#8211; zin\u0101tnes apak\u0161noda\u013ca). Izstr\u0101de bija tik veiksm\u012bga, ka vi\u0146i piln\u012bb\u0101 nol\u0113ma atteikties no autor\u012bbas &#8211; nav autora vai autorties\u012bbu \u012bpa\u0161nieka ties\u012bbu t\u0101s izstr\u0101d\u0101t.<\/p>\n<p><span itemprop=\"image\" itemscope itemtype=\"https:\/\/schema.org\/ImageObject\"><img itemprop=\"url image\" loading=\"lazy\" decoding=\"async\" class=\"alignnone size-full wp-image-4816\" src=\"\/wp-content\/uploads\/2021\/01\/antarctica-flag_1.png\" width=\"400\" height=\"266\" alt=\"Antarkt\u012bdas karogs-1\" \/><meta itemprop=\"width\" content=\"400\"><meta itemprop=\"height\" content=\"266\"><\/span><\/p>\n<h2 style=\"text-align: justify\">Karoga v\u0113sture<\/h2>\n<p style=\"text-align: justify\">Antarkt\u012bda ir kontinent\u0101l\u0101 da\u013ca, kas atrodas plan\u0113tas Zeme dienvidos. Paties\u012bb\u0101 Antarkt\u012bda nav vald\u012bba, un tai nekad nav bijis br\u012bvas varas, val\u016btas, sazi\u0146as valodas statuss, ta\u010du 2002. gad\u0101, Antarktikas l\u012bguma asoci\u0101cijai, cietzemei \u200b\u200btika pie\u0161\u0137irts neofici\u0101ls karogs.<\/p>\n<p style=\"text-align: justify\">Karoga pamatnes pamat\u0101 bija galven\u0101 Antarkt\u012bdas at\u0161\u0137ir\u012bg\u0101 iez\u012bme &#8211; neitralit\u0101te un visp\u0101r\u0113ja pieder\u012bba jebkurai valstij. No likumdo\u0161anas viedok\u013ca, pamatojoties uz ANO reakciju, Antarkt\u012bdu nevar atz\u012bt par da\u013cu no valsts teritorijas. Karogs izgatavots p\u0113c ONN organiz\u0101cijas karoga l\u012bdz\u012bbas, &#8211; ir l\u012bdz\u012bga simbolika.<\/p>\n<p style=\"text-align: justify\">Karoga galven\u0101 simbolika ir neitralit\u0101te attiec\u012bb\u0101 pret valst\u012bm Antarkt\u012bdai un attiec\u012bb\u0101 pret Antarkt\u012bdu pret otraj\u0101m valst\u012bm.<\/p>\n<p style=\"text-align: justify\">Pirmo reizi virs kontinenta karogu pac\u0113la popul\u0101r\u0101 izdevuma &quot;The Ravan&quot; redaktors Teds Kejs 2002. gad\u0101. Taj\u0101 pa\u0161\u0101 laik\u0101 zin\u0101tnisk\u0101s b\u0101zes, kas atrodas kontinent\u0101, solidarit\u0101tes simbol\u0101, pac\u0113la karogu ar\u012b.<\/p>\n<h2 style=\"text-align: justify\">Karoga apraksts<\/h2>\n<p style=\"text-align: justify\">Karogs izskat\u0101s k\u0101 baltas kontinenta kont\u016bras uz vien\u0101d\u012bbas z\u012bmes fona \u2013 zil\u0101 kr\u0101s\u0101. Form\u0101li un normat\u012bvajos aktos apstiprin\u0101t\u0101 l\u012bnija, proporcijas vai apraksts nepast\u0101v t\u0101 neofici\u0101luma d\u0113\u013c.<\/p>\n<h2 style=\"text-align: justify\">Ko noz\u012bm\u0113 karoga kr\u0101sas?<\/h2>\n<ul style=\"text-align: justify\">\n<li>Balts \u2014 nor\u0101diet kontinenta kont\u016bru. Nav pareizas v\u0113rt\u012bbas. Varb\u016bt karoga veidot\u0101js grib\u0113ja nodot kontinenta aukstumu, rad\u012bt asoci\u0101ciju ar baltu sniegu, kas Antarkt\u012bd\u0101 ir reizi gad\u0101 (kontinent\u0101 temperat\u016bra nepaaugstin\u0101s virs 0 uz temperat\u016bras indikatoriem).<\/li>\n<li>Zils &#8211; neitralit\u0101tes, savstarp\u0113jas cie\u0146as un vienl\u012bdz\u012bbas z\u012bme. \u0160\u012b kr\u0101sa ir saist\u012bta ar debes\u012bm, kas ir viena visiem neatkar\u012bgi no rases, reli\u0123isk\u0101s, etnisk\u0101s, lingvistisk\u0101s vai otr\u0101s pieder\u012bbas.<\/li>\n<\/ul>\n<h2 style=\"text-align: justify\">Citas Antarkt\u012bdas karoga versijas<\/h2>\n<p><span itemprop=\"image\" itemscope itemtype=\"https:\/\/schema.org\/ImageObject\"><img itemprop=\"url image\" loading=\"lazy\" decoding=\"async\" class=\"alignnone  wp-image-4818\" src=\"\/wp-content\/uploads\/2021\/01\/antarctica-flag_3.png\" alt=\"Antarkt\u012bdas karogs-2\" width=\"300\" height=\"200\" \/><meta itemprop=\"width\" content=\"300\"><meta itemprop=\"height\" content=\"200\"><\/span><\/p>\n<p style=\"text-align: justify\">Antarktikas l\u012bguma karogs<\/p>\n<p><span itemprop=\"image\" itemscope itemtype=\"https:\/\/schema.org\/ImageObject\"><img itemprop=\"url image\" loading=\"lazy\" decoding=\"async\" class=\"alignnone  wp-image-4819\" src=\"\/wp-content\/uploads\/2021\/01\/antarctica-flag_2.png\" alt=\"Antarkt\u012bdas karogs-3\" width=\"300\" height=\"200\" \/><meta itemprop=\"width\" content=\"300\"><meta itemprop=\"height\" content=\"200\"><\/span><\/p>\n<p style=\"text-align: justify\">Antarkt\u012bdas karogs \u2014 Vitnijas Smitas z\u012bm\u0113jums<\/p>\n<h2 style=\"text-align: justify\">Nespecializ\u0113ta inform\u0101cija par Antarkt\u012bdu<\/h2>\n<table>\n<tbody>\n<tr style=\"text-align: justify\">\n<td>Ofici\u0101l\u0101 valoda<\/td>\n<td>n\u0113<\/td>\n<\/tr>\n<tr style=\"text-align: justify\">\n<td>Kapit\u0101ls<\/td>\n<td>neform\u0101l\u0101 galvaspils\u0113ta ir McMurdo stacija<\/td>\n<\/tr>\n<tr style=\"text-align: justify\">\n<td>Teritorija<\/td>\n<td>14 107 000 km2<\/td>\n<\/tr>\n<tr style=\"text-align: justify\">\n<td>Popul\u0101cija<\/td>\n<td>1000-4000 cilv\u0113ku (pol\u0101ro staciju darbinieki)<\/td>\n<\/tr>\n<tr style=\"text-align: justify\">\n<td>Val\u016bta<\/td>\n<td>n\u0113<\/td>\n<\/tr>\n<tr>\n<td style=\"text-align: justify\">Telefona kods<\/td>\n<td style=\"text-align: justify\">+672<\/td>\n<\/tr>\n<\/tbody>\n<\/table>\n","protected":false},"excerpt":{"rendered":"<p>Antarkt\u012bdas karoga izstr\u0101di p\u0113c person\u012bgas iniciat\u012bvas veica veksiologi (cilv\u0113ki, kas p\u0113ta karogu izcelsmes v\u0113sturi &#8211; zin\u0101tnes apak\u0161noda\u013ca). Izstr\u0101de bija tik veiksm\u012bga, ka vi\u0146i piln\u012bb\u0101 nol\u0113ma atteikties no autor\u012bbas&#8230;<\/p>\n","protected":false},"author":1,"featured_media":5773,"comment_status":"open","ping_status":"open","sticky":false,"template":"","format":"standard","meta":{"footnotes":""},"categories":[9],"tags":[],"class_list":["post-5755","post","type-post","status-publish","format-standard","has-post-thumbnail","","category-starptautisko-organizciju-karogi"],"aioseo_notices":[],"_links":{"self":[{"href":"https:\/\/flags-world.com\/lv\/wp-json\/wp\/v2\/posts\/5755","targetHints":{"allow":["GET"]}}],"collection":[{"href":"https:\/\/flags-world.com\/lv\/wp-json\/wp\/v2\/posts"}],"about":[{"href":"https:\/\/flags-world.com\/lv\/wp-json\/wp\/v2\/types\/post"}],"author":[{"embeddable":true,"href":"https:\/\/flags-world.com\/lv\/wp-json\/wp\/v2\/users\/1"}],"replies":[{"embeddable":true,"href":"https:\/\/flags-world.com\/lv\/wp-json\/wp\/v2\/comments?post=5755"}],"version-history":[{"count":0,"href":"https:\/\/flags-world.com\/lv\/wp-json\/wp\/v2\/posts\/5755\/revisions"}],"wp:featuredmedia":[{"embeddable":true,"href":"https:\/\/flags-world.com\/lv\/wp-json\/wp\/v2\/media\/5773"}],"wp:attachment":[{"href":"https:\/\/flags-world.com\/lv\/wp-json\/wp\/v2\/media?parent=5755"}],"wp:term":[{"taxonomy":"category","embeddable":true,"href":"https:\/\/flags-world.com\/lv\/wp-json\/wp\/v2\/categories?post=5755"},{"taxonomy":"post_tag","embeddable":true,"href":"https:\/\/flags-world.com\/lv\/wp-json\/wp\/v2\/tags?post=5755"}],"curies":[{"name":"wp","href":"https:\/\/api.w.org\/{rel}","templated":true}]}}