{"id":5292,"date":"2021-08-22T09:03:29","date_gmt":"2021-08-22T06:03:29","guid":{"rendered":"https:\/\/flags-world.com\/lv\/2021\/08\/22\/luhanskas-apgabala-karogs-ko-nozm-katra-krsa\/"},"modified":"2021-08-22T09:03:29","modified_gmt":"2021-08-22T06:03:29","slug":"luhanskas-apgabala-karogs-ko-nozm-katra-krsa","status":"publish","type":"post","link":"https:\/\/flags-world.com\/lv\/luhanskas-apgabala-karogs-ko-nozm-katra-krsa\/","title":{"rendered":"Luhanskas apgabala karogs: ko noz\u012bm\u0113 katra kr\u0101sa"},"content":{"rendered":"<p style=\"text-align: justify\">LNR karogs vizu\u0101li l\u012bdz\u012bgs Krievijas Feder\u0101cijas karogam. Apstiprin\u0101ts 2014. gad\u0101 l\u012bdz ar Satversmes pie\u0146em\u0161anu. J\u0101\u0146em v\u0113r\u0101, ka virkn\u0113 LDP valstu tiek uzskat\u012bta par neatz\u012btu republiku, ar\u012b atbilsto\u0161as \u200b\u200bsimbolikas att\u0113la public\u0113\u0161ana ir nelikum\u012bga (piem\u0113ram, Ukrain\u0101).<\/p>\n<h2 style=\"text-align: justify\">Luhanskas karogs: Foto<\/h2>\n<p><span itemprop=\"image\" itemscope itemtype=\"https:\/\/schema.org\/ImageObject\"><img itemprop=\"url image\" loading=\"lazy\" decoding=\"async\" class=\"alignnone wp-image-5294\" src=\"\/wp-content\/uploads\/2021\/08\/flag-of-the-luhansk-region_1.png\" alt=\"LNR karogs\" width=\"498\" height=\"332\" \/><meta itemprop=\"width\" content=\"498\"><meta itemprop=\"height\" content=\"332\"><\/span><\/p>\n<p style=\"text-align: justify\">Luhanskas Tautas Republikas karogs ir taisnst\u016brveida audums ar vien\u0101d\u0101m zilas, zilas un sarkanas kr\u0101sas sloksn\u0113m. Karoga garums atbilst 2 da\u013c\u0101m, platums &#8211; 3. Tiek uzskat\u012bts, ka vizu\u0101li karogu veidoja karoga DPR l\u012bdz\u012bba (forma, joslu izm\u0113rs &#8211; vien\u0101ds).<\/p>\n<p style=\"text-align: justify\">karoga valsts statuss apstiprin\u0101ts 2014. gada 2. novembr\u012b (kop\u0101 ar Satversmes un Republikas neatkar\u012bbas atz\u012b\u0161anu). Taj\u0101 pa\u0161\u0101 laik\u0101 tika veikta vi\u0146a paaugstin\u0101\u0161ana par pils\u0113tas p\u0101rvaldi (pirms \u0161\u012b perioda v\u0113lams atrasties paramilit\u0101r\u0101s da\u013c\u0101s). Lai gan tiek ar\u012b uzskat\u012bts, ka tas pirmo reizi tika izgatavots 2014. gada apr\u012bl\u012b Al\u010devskas administr\u0101cij\u0101, kas ir da\u013ca no Luhanskas Tautas Republikas. P\u0113c tam atbilsto\u0161\u0101s fotogr\u0101fijas tika public\u0113tas viet\u0113jos medijos. Tobr\u012bd Ukraina situ\u0101ciju \u0161aj\u0101s teritorij\u0101s vairs nekontrol\u0113ja, un Krievijas Feder\u0101cij\u0101 no LNR un DPR puses tika nos\u016bt\u012bti dokumenti izskat\u012b\u0161anai par neatkar\u012bbas atz\u012b\u0161anu.<\/p>\n<p style=\"text-align: justify\">Faktisk\u0101 republikas proklam\u0113\u0161ana notika 2014. gada apr\u012bl\u012b, tikl\u012bdz Ukrain\u0101 ien\u0101ca &quot;p\u0101rejas&quot; vara. Bija pl\u0101nots, ka valsts simbolika tiks sagatavota un pie\u0146emta 9. maij\u0101 (izmanto\u0161anai pl\u0101notaj\u0101 uzvaras par\u0101d\u0113). Ta\u010du tad amatpersonas nevar\u0113ja vienoties par to, k\u0101 karogam j\u0101izskat\u0101s. S\u0101kotn\u0113ji vi\u0146\u0161 bija t\u0101ds pats k\u0101 DPR (ar melnu sv\u012btru). Bet, ja Do\u0146eck\u0101 melnais simboliz\u0113 ogles, tad LDP zil\u0101 kr\u0101sa tiek \u0146emta par pamatu t\u0101p\u0113c, ka dabasg\u0101ze re\u0123ion\u0101 domin\u0113 ar\u012b ieguves r\u016bpniec\u012bb\u0101.<\/p>\n<p><span itemprop=\"image\" itemscope itemtype=\"https:\/\/schema.org\/ImageObject\"><img itemprop=\"url image\" loading=\"lazy\" decoding=\"async\" class=\"alignnone wp-image-5293\" src=\"\/wp-content\/uploads\/2021\/08\/flag-of-the-luhansk-region_1.jpg\" alt=\"Luganskas Tautas Republikas karogs\" width=\"500\" height=\"375\" \/><meta itemprop=\"width\" content=\"500\"><meta itemprop=\"height\" content=\"375\"><\/span><\/p>\n<h2 style=\"text-align: justify\">Karoga diena LNR<\/h2>\n<p style=\"text-align: justify\">LDR karoga diena tiek svin\u0113ta 11. maij\u0101 (kop\u0161 2015. gada). Lai gan masu svin\u012bbas k\u0101 t\u0101das netiek veiktas. C\u0113lonis &#8211; LDP l\u012bdz \u0161im sv\u0113tku dienu saraksts nav apstiprin\u0101ts. Tiek izmantots saraksts, kas ir l\u012bdz\u012bgs DNR nor\u0101d\u012btajam. Ar\u012b LDP atz\u012bm\u0113 uzvaras p\u0101r fa\u0161ismu dienu, k\u0101 ar\u012b Satversmes pie\u0146em\u0161anas dienu.<\/p>\n<h2 style=\"text-align: justify\">K\u0101das ir LNR karoga kr\u0101sas<\/h2>\n<p style=\"text-align: justify\">Ofici\u0101l\u0101 interpret\u0101cija &#8211; nav sniegta. Nosac\u012bti\u00a0\u2014 \u0161\u0101di:<\/p>\n<ol style=\"text-align: justify\">\n<li>Zil\u0101 kr\u0101sa tiek uzskat\u012bta par Dievm\u0101tes simbolu, tas ir, nor\u0101da uz LNR iedz\u012bvot\u0101ju pieder\u012bbu pareiztic\u012bgajai kristiet\u012bbai.<\/li>\n<li>Zil\u0101 kr\u0101sa ir notur\u012bbas un neatlaid\u012bbas z\u012bme, kas nor\u0101da uz v\u0113lmi aizst\u0101v\u0113t savu br\u012bv\u012bbu (apraksts \u0146emts p\u0113c t\u0101da pa\u0161a principa k\u0101 DPR karogs).<\/li>\n<li>Sarkans &#8211; Wola uz uzvaru. Da\u017ek\u0101rt vi\u0146i joproj\u0101m tiek interpret\u0113ti k\u0101 &quot;asinis izlietas LNR neatkar\u012bbas ieg\u016b\u0161anai&quot;.<\/li>\n<\/ol>\n<p><span itemprop=\"image\" itemscope itemtype=\"https:\/\/schema.org\/ImageObject\"><img itemprop=\"url image\" loading=\"lazy\" decoding=\"async\" class=\"alignnone wp-image-5295\" src=\"\/wp-content\/uploads\/2021\/08\/flag-of-the-luhansk-region_2.png\" width=\"500\" height=\"333\" alt=\"Luganskas karogs\" \/><meta itemprop=\"width\" content=\"500\"><meta itemprop=\"height\" content=\"333\"><\/span><\/p>\n<p style=\"text-align: justify\">Past\u0101v ar\u012b at\u0161\u0137ir\u012bga interpret\u0101cija, kas bie\u017e\u0101k izplat\u012bta DPR iedz\u012bvot\u0101ju vid\u016b:<\/p>\n<ol style=\"text-align: justify\">\n<li>Zils &#8211; mier\u012bgu debesu simbols;<\/li>\n<li>Zils &#8211; simboliz\u0113 gar\u012bdzniec\u012bbu, uztic\u012bbu reli\u0123ijai;<\/li>\n<li>Sarkan\u0101 kr\u0101sa simboliz\u0113 milit\u0101ro gatav\u012bbu aizsarg\u0101t zemes sen\u010dus.<\/li>\n<\/ol>\n<p style=\"text-align: justify\">Starp citu, k\u0101du laiku \u0161is karogs tika izmantots ar att\u0113lu Heraldikas centr\u0101 ar saulespu\u0137i uz za\u013ca fona un zirgu uz sarkana, nojaucot og\u013cu r\u016bpn\u012bcu (nor\u0101dot uz re\u0123iona pieder\u012bbu kalnr\u016bpniec\u012bb\u0101). Bet k\u0101 valsts versija Porada neizmantoja. Heraldika k\u0101 \u0123erbonis ar\u012b netika izmantota deklar\u0101cijas par Republikas neatkar\u012bbu izsludin\u0101\u0161anas laik\u0101.<\/p>\n<p style=\"text-align: justify\">Ar\u012b s\u0101kot ar 2015. gadu, nereti republikas galvas uzrun\u0101s simbols ar \u0113rg\u013ca att\u0113lu, kas tur \u0137ep\u0101s 2 Kirk. T\u0101pat gandr\u012bz 2 gadus \u0161is att\u0113ls tika izmantots uz Iek\u0161lietu ministrijas z\u012bmoga, cit\u0101s kontrol\u0113s. Uz \u0161\u012b \u0123erbo\u0146a fona las\u0101ms ar\u012b Val\u0113rijs Bolotovs, uz laiku pildot LPR vad\u012bt\u0101ja pien\u0101kumus, vi\u0146a aicin\u0101jums r\u016bp\u0113ties no amata.<\/p>\n<p style=\"text-align: justify\">Kop\u0161 2014. gada tiek izmantota piln\u012bga, m\u016bsdien\u012bga LNR karoga vari\u0101cija. Vi\u0146a att\u0113ls par\u0101d\u0101s ar\u012b republik\u0101 izdotaj\u0101s pas\u0113s. Uzraksts &quot;Luhanskas Republika&quot;, kas bija uz rekl\u0101mkaroga s\u0101kotn\u0113j\u0101m versij\u0101m, netika apstiprin\u0101ts. 2020. gada s\u0101kum\u0101 padome izskat\u012bja iesp\u0113ju karogam pievienot \u0123erboni, ta\u010du liel\u0101k\u0101 da\u013ca amatpersonu balsojum\u0101 nepiedal\u012bj\u0101s.<\/p>\n","protected":false},"excerpt":{"rendered":"<p>LNR karogs vizu\u0101li l\u012bdz\u012bgs Krievijas Feder\u0101cijas karogam. Apstiprin\u0101ts 2014. gad\u0101 l\u012bdz ar Satversmes pie\u0146em\u0161anu. J\u0101\u0146em v\u0113r\u0101, ka virkn\u0113 LDP valstu tiek uzskat\u012bta par neatz\u012btu republiku, ar\u012b atbilsto\u0161as \u200b\u200bsimbolikas&#8230;<\/p>\n","protected":false},"author":1,"featured_media":5889,"comment_status":"open","ping_status":"open","sticky":false,"template":"","format":"standard","meta":{"footnotes":""},"categories":[3],"tags":[],"class_list":["post-5292","post","type-post","status-publish","format-standard","has-post-thumbnail","","category-eiropas-karogi"],"aioseo_notices":[],"_links":{"self":[{"href":"https:\/\/flags-world.com\/lv\/wp-json\/wp\/v2\/posts\/5292","targetHints":{"allow":["GET"]}}],"collection":[{"href":"https:\/\/flags-world.com\/lv\/wp-json\/wp\/v2\/posts"}],"about":[{"href":"https:\/\/flags-world.com\/lv\/wp-json\/wp\/v2\/types\/post"}],"author":[{"embeddable":true,"href":"https:\/\/flags-world.com\/lv\/wp-json\/wp\/v2\/users\/1"}],"replies":[{"embeddable":true,"href":"https:\/\/flags-world.com\/lv\/wp-json\/wp\/v2\/comments?post=5292"}],"version-history":[{"count":0,"href":"https:\/\/flags-world.com\/lv\/wp-json\/wp\/v2\/posts\/5292\/revisions"}],"wp:featuredmedia":[{"embeddable":true,"href":"https:\/\/flags-world.com\/lv\/wp-json\/wp\/v2\/media\/5889"}],"wp:attachment":[{"href":"https:\/\/flags-world.com\/lv\/wp-json\/wp\/v2\/media?parent=5292"}],"wp:term":[{"taxonomy":"category","embeddable":true,"href":"https:\/\/flags-world.com\/lv\/wp-json\/wp\/v2\/categories?post=5292"},{"taxonomy":"post_tag","embeddable":true,"href":"https:\/\/flags-world.com\/lv\/wp-json\/wp\/v2\/tags?post=5292"}],"curies":[{"name":"wp","href":"https:\/\/api.w.org\/{rel}","templated":true}]}}