{"id":5274,"date":"2021-08-22T08:17:21","date_gmt":"2021-08-22T05:17:21","guid":{"rendered":"https:\/\/flags-world.com\/lv\/2021\/08\/22\/palestnas-karogs-krsas-un-nozme\/"},"modified":"2021-08-22T08:17:21","modified_gmt":"2021-08-22T05:17:21","slug":"palestnas-karogs-krsas-un-nozme","status":"publish","type":"post","link":"https:\/\/flags-world.com\/lv\/palestnas-karogs-krsas-un-nozme\/","title":{"rendered":"Palest\u012bnas karogs: kr\u0101sas un noz\u012bme"},"content":{"rendered":"<p style=\"text-align: justify\">Palest\u012bnas karogs, kas sast\u0101v no tr\u012bs kr\u0101sain\u0101m sv\u012btr\u0101m un vien\u0101dmalu spilgti sarkana tr\u012bsst\u016bra, ir atsauce uz rekl\u0101mkarogu, ko izmantoja Pirm\u0101 pasaules kara laik\u0101 (ar to saprotot 1916.\u00a0gada ar\u0101bu sacel\u0161anos un karu ar Osma\u0146u imp\u0113riju). Pirmo reizi pie\u0146emts k\u0101 valsts simbols 1939. gad\u0101 un p\u0113c tam 1964. gad\u0101.<\/p>\n<h2 style=\"text-align: justify\">Foto Palest\u012bnas karogs<\/h2>\n<p><span itemprop=\"image\" itemscope itemtype=\"https:\/\/schema.org\/ImageObject\"><img itemprop=\"url image\" loading=\"lazy\" decoding=\"async\" class=\"alignnone wp-image-5276\" src=\"\/wp-content\/uploads\/2021\/08\/flag-of-palestine_1.png\" alt=\"Palest\u012bnas karogs\" width=\"499\" height=\"281\" \/><meta itemprop=\"width\" content=\"499\"><meta itemprop=\"height\" content=\"281\"><\/span><\/p>\n<p style=\"text-align: justify\">Palest\u012bnas karogam ir taisnst\u016bra forma. Sast\u0101v no trim vien\u0101d\u0101m josl\u0101m, k\u0101 ar\u012b vien\u0101dmalu tr\u012bsst\u016bra. Kr\u0101sas simboliz\u0113:<\/p>\n<ol style=\"text-align: justify\">\n<li>Melns &#8211; atbilst abac\u012bda kr\u0101sai, vienai no taut\u0101m, kas piedal\u012bj\u0101s sacel\u0161an\u0101s.<\/li>\n<li>Balts &#8211; atbilst paklaus\u012bg\u0101s \u0123imenes kr\u0101sai.<\/li>\n<li>Sarkans &#8211; visp\u0101rin\u0101ts raksturs Harid\u017eite.<\/li>\n<li>Za\u013c\u0161 &#8211; nor\u0101da uz reli\u0123iju, tas ir, isl\u0101mu.<\/li>\n<\/ol>\n<blockquote>\n<p style=\"text-align: justify\">T\u0101pat tiek uzskat\u012bts, ka kr\u0101su dati &#8211; Panara, t.i.e., rakstur\u012bgs sen\u0101s valodas verb\u0101cijai.<\/p>\n<\/blockquote>\n<h2 style=\"text-align: justify\">K\u0101ds Palest\u012bnas karogs<\/h2>\n<p style=\"text-align: justify\">Interesants fakts, ka Palest\u012bnas karoga nosac\u012btais autors ir 1939. gads (toreiz tika apstiprin\u0101ts) ir britu diplom\u0101ts Marks Saikss. Tiesa, apstipriniet, ka \u0161\u012b inform\u0101cija \u0161odien nav iesp\u0113jama. Tiek uzskat\u012bts, ka tie\u0161i vi\u0146\u0161 ierosin\u0101ja \u0161o iesp\u0113ju ar\u0101bu valst\u012bm kar\u0101 pret Osma\u0146u imp\u0113riju. Vispirms tas tika izmantots k\u0101 kaujas rekl\u0101mkarogs, p\u0113c tam apstiprin\u0101ts k\u0101 Palest\u012bnas valsts un vi\u0146a taut\u012bbu valsts simbols.<\/p>\n<blockquote>\n<p style=\"text-align: justify\">Ir ar\u012b le\u0123enda, kur\u0101 karogu rad\u012bjis Huseins Ibn Ali misijas laik\u0101 V\u0101cij\u0101. Atkal \u0161\u012b inform\u0101cija neapstiprina pasauli, v\u0101cu v\u0113sturniekiem.<\/p>\n<\/blockquote>\n<p style=\"text-align: justify\">Un fran\u010du v\u0113stures zi\u0146ojumos parasti tiek apgalvots, ka laika posm\u0101 no 1924. l\u012bdz 1939. gadam karogs bija piln\u012bgi at\u0161\u0137ir\u012bgs: balts un zils lauks ar 6-galu &quot;D\u0101vida zvaigzni&quot;. Tie\u0161i \u0161\u0101ds karogs tika att\u0113lots uz ku\u0123a &quot;Emmanuel&quot;, kas pieder\u0113ja palest\u012bnie\u0161u komp\u0101nijai &quot;Hormia&quot; (nodarbojas ar p\u0101rtikas un iero\u010du pieg\u0101di Francijai Pirm\u0101 pasaules kara laik\u0101). Starp citu, pat vi\u0146a fotogr\u0101fija ir saglab\u0101jusies. Bet tiek uzskat\u012bts, ka \u0161is karogs tika izveidots p\u0113c uz\u0146\u0113muma hormi iniciat\u012bvas un nek\u0101d\u0101 veid\u0101 nav saist\u012bts ar re\u017e\u012bma apstiprin\u0101tajiem palest\u012bnie\u0161iem.<\/p>\n<p><span itemprop=\"image\" itemscope itemtype=\"https:\/\/schema.org\/ImageObject\"><img itemprop=\"url image\" loading=\"lazy\" decoding=\"async\" class=\"alignnone wp-image-5277\" src=\"\/wp-content\/uploads\/2021\/08\/flag-of-palestine_1.jpg\" alt=\"Palest\u012bnas karogs\" width=\"500\" height=\"304\" \/><meta itemprop=\"width\" content=\"500\"><meta itemprop=\"height\" content=\"304\"><\/span><\/p>\n<p style=\"text-align: justify\">Starp citu, ku\u0123is &quot;Emmanuel&quot; burtiski da\u017eus m\u0113ne\u0161us p\u0113c \u0161\u012b gad\u012bjuma nogrima kaut kur Vidusj\u016bras \u016bde\u0146os. Tad vi\u0146\u0161 p\u0101rtrauca eksistenci un &quot;hormi&quot;. T\u0101p\u0113c visi dokumenti par vis\u0101m da\u013c\u0101m netiek saglab\u0101ti. Nav zin\u0101ms, kur\u0161 bija karoga autors, kur\u0161 bija atbild\u012bgs par vi\u0146a pieteik\u0161anos korpusam.<\/p>\n<p style=\"text-align: justify\">Bet 20. gadsimta beig\u0101s daudz\u0101s valst\u012bs, kuras neatzina Palest\u012bnas valsts neatkar\u012bbu, vi\u0146a Pr\u0101gas t\u0113ls parasti tika uzskat\u012bts par nelikum\u012bgu. Tikai 1988. gada novembr\u012b OOP vi\u0146a t\u0113lu apstiprin\u0101ja k\u0101 palest\u012bnie\u0161u tautas nacion\u0101lo d\u0101rgumu. Un 2006. gada decembr\u012b blakus Izra\u0113lai tika pacelts karogs, kas p\u0113c tam iez\u012bm\u0113ja pamieru. 2015. gad\u0101 karodzi\u0146\u0161 tika pacelts ar\u012b ANO p\u0101rst\u0101vniec\u012bb\u0101, kas simboliz\u0113ja Palest\u012bnas k\u0101 neatkar\u012bgas valsts atz\u012b\u0161anu no pasaules liel\u0101ko valstu puses.<\/p>\n<h2 style=\"text-align: justify\">Noz\u012bm\u0113 kr\u0101su palest\u012bnas karogu<\/h2>\n<p style=\"text-align: justify\">Ko tie\u0161i noz\u012bm\u0113 karogs un k\u0101 tas b\u016btu interpret\u0113jams Palest\u012bnas tautas deklar\u0101cij\u0101, netiek preciz\u0113ts. Visizplat\u012bt\u0101k\u0101 versija ir t\u0101da, ka katra kr\u0101sa simboliz\u0113 \u0123imenes, kuras lika &quot;pamatu n\u0101kotnes Palest\u012bnas valstij&quot;. Saska\u0146\u0101 ar citu versiju katra kr\u0101sa noz\u012bm\u0113:<\/p>\n<ol style=\"text-align: justify\">\n<li>Melns &#8211; drosme;<\/li>\n<li>Balts &#8211; gar\u012bg\u0101 t\u012br\u012bba;<\/li>\n<li>Za\u013c\u0161 &#8211; reli\u0123ija;<\/li>\n<li>Sarkans &#8211; v\u0113lme aizst\u0101v\u0113t savu zemi.<\/li>\n<\/ol>\n<p style=\"text-align: justify\">Tiek uzskat\u012bts, ka \u0161is karogs v\u0113l\u0101k k\u013cuva par galveno cit\u0101m ar\u0101bu lielvalst\u012bm. Tostarp S\u012brija, Ir\u0101ka, Kuveita, AAE, Rietumsah\u0101ras tautas. Lai gan katr\u0101 no \u0161tatiem ir savas le\u0123endas par to, k\u0101 t\u0101s baneris k\u013cuvis par valsts simbolu. Un tie krasi at\u0161\u0137iras.<\/p>\n<blockquote>\n<p style=\"text-align: justify\">Un, veicot milit\u0101ras oper\u0101cijas, bie\u017ei var atz\u012bm\u0113t Palest\u012bnas un Izra\u0113las karogus.<\/p>\n<\/blockquote>\n<p><span itemprop=\"image\" itemscope itemtype=\"https:\/\/schema.org\/ImageObject\"><img itemprop=\"url image\" loading=\"lazy\" decoding=\"async\" class=\"alignnone wp-image-5275\" src=\"\/wp-content\/uploads\/2021\/08\/flag-of-palestine_2.jpg\" alt=\"Palest\u012bnas karoga att\u0113li\" width=\"500\" height=\"375\" \/><meta itemprop=\"width\" content=\"500\"><meta itemprop=\"height\" content=\"375\"><\/span><\/p>\n<p style=\"text-align: justify\">Ta\u010du pa\u0161i to autori ir pa\u0161i paramilit\u0101ru grupu p\u0101rst\u0101vji. Vi\u0146\u0161 vienk\u0101r\u0161i simboliz\u0113 cilv\u0113ku kopienu un c\u012b\u0146u par vienu kop\u012bgu m\u0113r\u0137i.<\/p>\n<p style=\"text-align: justify\">Kop\u0101, k\u0101ds atz\u012bts Palest\u012bnas karogs? \u0160is ir \u010detru kr\u0101su karogs, kas s\u0101kotn\u0113ji tika izveidots 1916.\u00a0gad\u0101 un nemiernieku apstiprin\u0101ts 1939.\u00a0gad\u0101. L\u012bdz 20. gadsimta beig\u0101m vair\u0101kas valstis bija aizliegtas vair\u0101k\u0101s valst\u012bs, bet tagad to atz\u012bst par ANO un pat Izra\u0113la.<\/p>\n","protected":false},"excerpt":{"rendered":"<p>Palest\u012bnas karogs, kas sast\u0101v no tr\u012bs kr\u0101sain\u0101m sv\u012btr\u0101m un vien\u0101dmalu spilgti sarkana tr\u012bsst\u016bra, ir atsauce uz rekl\u0101mkarogu, ko izmantoja Pirm\u0101 pasaules kara laik\u0101 (ar to saprotot 1916.\u00a0gada ar\u0101bu&#8230;<\/p>\n","protected":false},"author":1,"featured_media":5928,"comment_status":"open","ping_status":"open","sticky":false,"template":"","format":"standard","meta":{"footnotes":""},"categories":[2],"tags":[],"class_list":["post-5274","post","type-post","status-publish","format-standard","has-post-thumbnail","","category-zijas-karogi"],"aioseo_notices":[],"_links":{"self":[{"href":"https:\/\/flags-world.com\/lv\/wp-json\/wp\/v2\/posts\/5274","targetHints":{"allow":["GET"]}}],"collection":[{"href":"https:\/\/flags-world.com\/lv\/wp-json\/wp\/v2\/posts"}],"about":[{"href":"https:\/\/flags-world.com\/lv\/wp-json\/wp\/v2\/types\/post"}],"author":[{"embeddable":true,"href":"https:\/\/flags-world.com\/lv\/wp-json\/wp\/v2\/users\/1"}],"replies":[{"embeddable":true,"href":"https:\/\/flags-world.com\/lv\/wp-json\/wp\/v2\/comments?post=5274"}],"version-history":[{"count":0,"href":"https:\/\/flags-world.com\/lv\/wp-json\/wp\/v2\/posts\/5274\/revisions"}],"wp:featuredmedia":[{"embeddable":true,"href":"https:\/\/flags-world.com\/lv\/wp-json\/wp\/v2\/media\/5928"}],"wp:attachment":[{"href":"https:\/\/flags-world.com\/lv\/wp-json\/wp\/v2\/media?parent=5274"}],"wp:term":[{"taxonomy":"category","embeddable":true,"href":"https:\/\/flags-world.com\/lv\/wp-json\/wp\/v2\/categories?post=5274"},{"taxonomy":"post_tag","embeddable":true,"href":"https:\/\/flags-world.com\/lv\/wp-json\/wp\/v2\/tags?post=5274"}],"curies":[{"name":"wp","href":"https:\/\/api.w.org\/{rel}","templated":true}]}}