{"id":5263,"date":"2021-08-21T20:56:30","date_gmt":"2021-08-21T17:56:30","guid":{"rendered":"https:\/\/flags-world.com\/lv\/2021\/08\/21\/es-karogs-nozme-un-krsas\/"},"modified":"2021-08-21T20:56:30","modified_gmt":"2021-08-21T17:56:30","slug":"es-karogs-nozme-un-krsas","status":"publish","type":"post","link":"https:\/\/flags-world.com\/lv\/es-karogs-nozme-un-krsas\/","title":{"rendered":"ES karogs: noz\u012bme un kr\u0101sas"},"content":{"rendered":"<p style=\"text-align: justify\">Eiropas karogs k\u0101 atsevi\u0161\u0137s rekl\u0101mkarogs tika apstiprin\u0101ts 1955. gad\u0101 ar toreiz\u0113j\u0101s Eiropas Padomes l\u0113mumu. Un daudzi mald\u012bgi uzskata, ka zvaig\u017e\u0146u skaits uz t\u0101 ir vien\u0101ds ar ES pieder\u012bgo dal\u012bbnieku sarakstu. Bet t\u0101d\u0101 gad\u012bjum\u0101 karogs bija j\u0101maina gandr\u012bz ik p\u0113c 2 &#8211; 3 gadiem. T\u0101tad dom\u0101jiet pa\u0161as zvaigznes, vai k\u0101ds sl\u0113pts zemteksts nes ES karogu un kas ir aiz t\u0101 rad\u012b\u0161anas autor\u012bbas?<\/p>\n<h2 style=\"text-align: justify\">Eiropas Savien\u012bbas karogs: foto<\/h2>\n<p style=\"text-align: justify\">Eiropas Savien\u012bbas karogu att\u0113lo 12 piecstaru dzeltenas zvaigznes uz zila fona. Kop\u0101 ar pazi\u0146ojumu atz\u012bts par nemain\u012btu. Tas ir, no to valstu skaita, kas ietilpst Eiropas Savien\u012bb\u0101 vai Eirop\u0101 (k\u0101 \u0123eogr\u0101fisk\u0101 vien\u012bb\u0101), rekl\u0101mkarogs nemain\u012bsies.<\/p>\n<p><span itemprop=\"image\" itemscope itemtype=\"https:\/\/schema.org\/ImageObject\"><img itemprop=\"url image\" loading=\"lazy\" decoding=\"async\" class=\"alignnone wp-image-5265\" src=\"\/wp-content\/uploads\/2021\/08\/eu-flag_1.jpg\" alt=\"Eiropas Savien\u012bbas karogs\" width=\"500\" height=\"341\" \/><meta itemprop=\"width\" content=\"500\"><meta itemprop=\"height\" content=\"341\"><\/span><\/p>\n<p style=\"text-align: justify\">Ir tehniska nomenklat\u016bra zvaig\u017e\u0146u izvieto\u0161anas metodei:<\/p>\n<ul style=\"text-align: justify\">\n<li>Starus nedr\u012bkst v\u0113rst uz leju;<\/li>\n<li>Visas zvaigznes ir novietotas vien\u0101di, nevis radi\u0101li no centra (l\u012bdz\u012bgi cipariem uz parast\u0101 meh\u0101nisk\u0101 pulkste\u0146a).<\/li>\n<\/ul>\n<blockquote>\n<p style=\"text-align: justify\">Karogs ir apstiprin\u0101ts vis\u0101s Eiropas valst\u012bs, to atz\u012bst ar\u012b p\u0101r\u0113j\u0101 pasaule.<\/p>\n<\/blockquote>\n<h2 style=\"text-align: justify\">Cik zvaig\u017e\u0146u ir uz Eiropas Savien\u012bbas karoga<\/h2>\n<p style=\"text-align: justify\">Zvaig\u017e\u0146u skaits &#8211; 12 un \u0161is skaitlis paliek nemain\u012bgs. J\u0101piebilst, ka 60. gados Eiropas Padome apsv\u0113ra iesp\u0113ju main\u012bt karogu. Zvaig\u017e\u0146u skaits, nek\u0101 pl\u0101nots, pieauga l\u012bdz 15, kas atbilda to valstu skaitam, kuras \u0123eogr\u0101fiski pieder Eiropas Sadraudz\u012bbai. Bet ar asu kritiku pret to, toreiz\u0113jo V\u0101cijas varu. Galvenie iemesli:<\/p>\n<ul style=\"text-align: justify\">\n<li>N\u0101kotn\u0113 jaut\u0101jums par zvaig\u017e\u0146u skaitu var\u0113tu tikt uzskat\u012bts par spekulat\u012bvu (sakar\u0101 ar to, ka starp da\u017e\u0101m valst\u012bm rad\u0101s saimnieks, un t\u0101s nevar\u0113ja atz\u012bt kaimi\u0146valsts neatkar\u012bbas deklar\u0101ciju);<\/li>\n<li>Juridiska karoga mai\u0146a (un \u0161aj\u0101 gad\u012bjum\u0101 var rasties periodiska nepiecie\u0161am\u012bba) ir p\u0101r\u0101k sare\u017e\u0123\u012bta tehniski un finansi\u0101li d\u0101rga.<\/li>\n<\/ul>\n<blockquote>\n<p style=\"text-align: justify\">Ta\u010du taj\u0101 pa\u0161\u0101 laik\u0101 V\u0101cijas p\u0101rst\u0101vji pied\u0101v\u0101ja karoga centr\u0101 pievienot nosac\u012btu plan\u0113tas att\u0113lu. No \u0161\u012bs idejas ar\u012b atteic\u0101s.<\/p>\n<\/blockquote>\n<p><span itemprop=\"image\" itemscope itemtype=\"https:\/\/schema.org\/ImageObject\"><img itemprop=\"url image\" loading=\"lazy\" decoding=\"async\" class=\"alignnone wp-image-5266\" src=\"\/wp-content\/uploads\/2021\/08\/eu-flag_2.jpg\" width=\"500\" height=\"334\" alt=\"Eiropas Savien\u012bbas karogs\" \/><meta itemprop=\"width\" content=\"500\"><meta itemprop=\"height\" content=\"334\"><\/span><\/p>\n<h2 style=\"text-align: justify\">K\u0101p\u0113c uz Eiropas Savien\u012bbas karoga 12 zvaigznes<\/h2>\n<p style=\"text-align: justify\">Skaitlis 12 &#8211; simbolisks. Tas simboliz\u0113 &quot;piln\u012bbu, vienot\u012bbu un piln\u012bgumu&quot;. Past\u0101v ar\u012b teorija, ka zvaig\u017e\u0146u skaits atbilst skaitam, cik no t\u0101m bija uz Dievm\u0101tes simbola v\u0101rda. Bet t\u0101 ir nepatiesa inform\u0101cija. Galu gal\u0101 valstis, kas ir da\u013ca no Eiropas Savien\u012bbas, var pa\u0161as izlemt, kura no reli\u0123ij\u0101m t\u0101m b\u016bs galven\u0101. Un Dievm\u0101tes simbols izturas pret kristiet\u012bbu (katolicismu). Attiec\u012bgi, ja ES karogs tiktu izmantots reli\u0123ijas karog\u0101, to var\u0113tu uzskat\u012bt par maz\u0101kumtaut\u012bbas trauc\u0113jumiem.<\/p>\n<p><span itemprop=\"image\" itemscope itemtype=\"https:\/\/schema.org\/ImageObject\"><img itemprop=\"url image\" loading=\"lazy\" decoding=\"async\" class=\"alignnone size-full wp-image-5264\" src=\"\/wp-content\/uploads\/2021\/08\/eu-flag_3.jpg\" alt=\"Eiropas Savien\u012bbas karogs Foto\" width=\"300\" height=\"300\" \/><meta itemprop=\"width\" content=\"300\"><meta itemprop=\"height\" content=\"300\"><\/span><\/p>\n<p style=\"text-align: justify\">Un tikai da\u017ei zina, ka ES karoga autors. Jau 1949. gad\u0101 Padome izsludin\u0101ja konkursu par karoga un \u0123erbo\u0146a izveidi, kas simboliz\u0113 &quot;Sadraudz\u012bbu, tautu vienot\u012bbu&quot;. Tika prezent\u0113tas vair\u0101k nek\u0101 200 vari\u0101cijas, ta\u010du t\u0101s apstiprin\u0101ja fran\u010du m\u0101kslinieka Arsena H\u012bsa darbu. Ties\u012bb\u0101s m\u016bsdienu karoga vari\u0101cija nedaudz at\u0161\u0137iras no vi\u0146a rad\u012bt\u0101s. Vi\u0146a darb\u0101 zvaigzne tika novietota radi\u0101li. Un tie nebija dzelteni (zelta) un sudraba. Tas ir, vizu\u0101li tas viss bija l\u012bdz\u012bgs zvaig\u017e\u0146u att\u0113lam Jaunavas veiklaj\u0101. T\u0101p\u0113c past\u0101v\u0113ja teorija, ka ES karogs ir saist\u012bts ar reli\u0123iju.<\/p>\n<blockquote>\n<p style=\"text-align: justify\">Starp citu, Arsena Heatsa darbs tika izv\u0113l\u0113ts absol\u016bti nejau\u0161i. Pirms tam tika uzskat\u012bts, ka balt\u0101 lilija uz zila fona tiks apstiprin\u0101ta k\u0101 karogs, kas vair\u0101k l\u012bdzin\u0101s kara\u013ca \u0123erbonim. Ta\u010du ar\u012b \u0161ai rekl\u0101mkaroga versijai bija pretinieki, kuri uzskat\u012bja, ka lilijas t\u0113ls ir velt\u012bjums Francijas v\u0113sturei.<\/p>\n<\/blockquote>\n<h2 style=\"text-align: justify\">Ko dara zvaigznes uz Eiropas karoga<\/h2>\n<p style=\"text-align: justify\">Zvaig\u017e\u0146u skaits ir tikai skaitlis, kas simboliz\u0113 vienot\u012bbu un piln\u012bgumu. Papildu zemteksts pats par sevi nav. Kad to apstiprin\u0101ja karogs, Sadraudz\u012bba ofici\u0101li sast\u0101v\u0113ja no tikai 6 \u0161tatiem, kuru nosaukumus orde\u0146a pasludin\u0101\u0161anas laik\u0101 Padome v\u0113l papla\u0161in\u0101ja. Un \u0161odien vi\u0146iem jau ir vair\u0101k nek\u0101 45.<\/p>\n<p style=\"text-align: justify\">Rezult\u0101t\u0101 Eiropas Savien\u012bbas karogs simboliz\u0113 tautu un visu pasaules valstu vienot\u012bbu. Un tagad t\u0101 att\u0113lu nenodro\u0161ina autorties\u012bbas. Tas ir, druk\u0101t produktus ar \u0161o karogu var ikviens. Vien\u012bg\u0101 pras\u012bba ir iev\u0113rot pareizo zvaig\u017e\u0146u atra\u0161an\u0101s vietu un to skaitu. Un ir ar\u012b aizliegums izmantot karogu k\u0101 valstspieder\u012bgo jebkurai no pasaules valst\u012bm (pat da\u013cai no ES pa\u0161reiz\u0113j\u0101m).<\/p>\n","protected":false},"excerpt":{"rendered":"<p>Eiropas karogs k\u0101 atsevi\u0161\u0137s rekl\u0101mkarogs tika apstiprin\u0101ts 1955. gad\u0101 ar toreiz\u0113j\u0101s Eiropas Padomes l\u0113mumu. Un daudzi mald\u012bgi uzskata, ka zvaig\u017e\u0146u skaits uz t\u0101 ir vien\u0101ds ar ES pieder\u012bgo&#8230;<\/p>\n","protected":false},"author":1,"featured_media":5819,"comment_status":"open","ping_status":"open","sticky":false,"template":"","format":"standard","meta":{"footnotes":""},"categories":[9],"tags":[],"class_list":["post-5263","post","type-post","status-publish","format-standard","has-post-thumbnail","","category-starptautisko-organizciju-karogi"],"aioseo_notices":[],"_links":{"self":[{"href":"https:\/\/flags-world.com\/lv\/wp-json\/wp\/v2\/posts\/5263","targetHints":{"allow":["GET"]}}],"collection":[{"href":"https:\/\/flags-world.com\/lv\/wp-json\/wp\/v2\/posts"}],"about":[{"href":"https:\/\/flags-world.com\/lv\/wp-json\/wp\/v2\/types\/post"}],"author":[{"embeddable":true,"href":"https:\/\/flags-world.com\/lv\/wp-json\/wp\/v2\/users\/1"}],"replies":[{"embeddable":true,"href":"https:\/\/flags-world.com\/lv\/wp-json\/wp\/v2\/comments?post=5263"}],"version-history":[{"count":0,"href":"https:\/\/flags-world.com\/lv\/wp-json\/wp\/v2\/posts\/5263\/revisions"}],"wp:featuredmedia":[{"embeddable":true,"href":"https:\/\/flags-world.com\/lv\/wp-json\/wp\/v2\/media\/5819"}],"wp:attachment":[{"href":"https:\/\/flags-world.com\/lv\/wp-json\/wp\/v2\/media?parent=5263"}],"wp:term":[{"taxonomy":"category","embeddable":true,"href":"https:\/\/flags-world.com\/lv\/wp-json\/wp\/v2\/categories?post=5263"},{"taxonomy":"post_tag","embeddable":true,"href":"https:\/\/flags-world.com\/lv\/wp-json\/wp\/v2\/tags?post=5263"}],"curies":[{"name":"wp","href":"https:\/\/api.w.org\/{rel}","templated":true}]}}