{"id":5258,"date":"2021-08-21T20:47:14","date_gmt":"2021-08-21T17:47:14","guid":{"rendered":"https:\/\/flags-world.com\/lv\/2021\/08\/21\/filipnu-karogs-nozme-un-krsas\/"},"modified":"2021-08-21T20:47:14","modified_gmt":"2021-08-21T17:47:14","slug":"filipnu-karogs-nozme-un-krsas","status":"publish","type":"post","link":"https:\/\/flags-world.com\/lv\/filipnu-karogs-nozme-un-krsas\/","title":{"rendered":"Filip\u012bnu karogs: noz\u012bme un kr\u0101sas"},"content":{"rendered":"<p style=\"text-align: justify\">Filip\u012bnu karogs tika ofici\u0101li pie\u0146emts 1898.\u00a0gad\u0101 tie\u0161i pirms filip\u012bnie\u0161u un amerik\u0101\u0146u kara s\u0101kuma. Atk\u0101rtoti apstiprin\u0101ts 1936. gad\u0101 un nostiprin\u0101ts status\u0101 &quot;Nacion\u0101lais&quot;. Taj\u0101 pa\u0161\u0101 laik\u0101 joproj\u0101m past\u0101v izsludin\u0101t\u0101s milit\u0101r\u0101s mobiliz\u0101cijas laik\u0101 izmantot\u0101 karoga milit\u0101r\u0101 versija.<\/p>\n<h2 style=\"text-align: justify\">Filip\u012bnu karogs: foto<\/h2>\n<p style=\"text-align: justify\">Vizu\u0101li sast\u0101v no 3 atsevi\u0161\u0137\u0101m kr\u0101s\u0101m: balta, zila, sarkana. Uz balta fona ir ar\u012b dzeltena saule ar 8 stariem un trim zvaigzn\u0113m. Stari simboliz\u0113 Filip\u012bnu provinces. Bet zvaigznes ir tr\u012bs galvenie cilv\u0113ki, kas 20. gadsimta beig\u0101s izveidoja atsevi\u0161\u0137u valsti.<\/p>\n<p><span itemprop=\"image\" itemscope itemtype=\"https:\/\/schema.org\/ImageObject\"><img itemprop=\"url image\" loading=\"lazy\" decoding=\"async\" class=\"alignnone size-full wp-image-5260\" src=\"\/wp-content\/uploads\/2021\/08\/flag-of-the-philippines_1.png\" width=\"500\" height=\"212\" alt=\"Filip\u012bnu karogs\" \/><meta itemprop=\"width\" content=\"500\"><meta itemprop=\"height\" content=\"212\"><\/span><\/p>\n<h2 style=\"text-align: justify\">Kr\u0101su karogs Filip\u012bnas simboliz\u0113 sekojo\u0161o<\/h2>\n<ol style=\"text-align: justify\">\n<li>Zils &#8211; tautas patriotisms;<\/li>\n<li>Sarkans &#8211; valsts drosme;<\/li>\n<li>Balts &#8211; pasaules simbols.<\/li>\n<\/ol>\n<p style=\"text-align: justify\">Tiek uzskat\u012bts, ka \u0161\u012bs pane\u013ca autors ir Emilio Aguinaldo, kur\u0161 1899. gad\u0101 k\u013cuva par pirmo izveidot\u0101s valsts prezidentu. Un neatkar\u012bbas pasludin\u0101\u0161anas ceremonijai vi\u0146a atbilsto\u0161ais audekls uz\u0161uva Hos\u0113 Riala br\u0101\u013cameitu &#8211; vienu no nacion\u0101lajiem Filip\u012bnu varo\u0146iem, kur\u0161 dz\u012bvoja Sp\u0101nijas okup\u0101cijas period\u0101. Un tas, starp citu, ir saglab\u0101jies l\u012bdz \u0161im. Tagad \u0161is karogs ir pieejams Biagio pils\u0113tas muzejam.<\/p>\n<p style=\"text-align: justify\"><span itemprop=\"image\" itemscope itemtype=\"https:\/\/schema.org\/ImageObject\"><img itemprop=\"url image\" loading=\"lazy\" decoding=\"async\" class=\"alignnone wp-image-5261\" src=\"\/wp-content\/uploads\/2021\/08\/flag-of-the-philippines_1.jpg\" alt=\"Filip\u012bnu reli\u0123ija\" width=\"320\" height=\"436\" \/><meta itemprop=\"width\" content=\"320\"><meta itemprop=\"height\" content=\"436\"><\/span><\/p>\n<blockquote>\n<p style=\"text-align: justify\">Bet uz Filip\u012bnu karoga reli\u0123ija nek\u0101di neietekm\u0113, lai gan atsevi\u0161\u0137os v\u0113sturiskos zi\u0146ojumos nor\u0101d\u012bts pret\u0113jais. Liel\u0101k\u0101 da\u013ca iedz\u012bvot\u0101ju ir kristie\u0161i, no kuriem aptuveni 80% ir kato\u013ci.<\/p>\n<\/blockquote>\n<h2 style=\"text-align: justify\">Filip\u012bnu karogs kara laik\u0101<\/h2>\n<p style=\"text-align: justify\">Filip\u012bnas ir vien\u012bg\u0101 valsts pasaul\u0113, kas milit\u0101r\u0101s ekspansijas laik\u0101 izmanto atsevi\u0161\u0137u karogu. Zilas un sarkanas sv\u012btras main\u0101s viet\u0101m (sarkana aug\u0161pus\u0113, zila &#8211; uz leju).<\/p>\n<p><span itemprop=\"image\" itemscope itemtype=\"https:\/\/schema.org\/ImageObject\"><img itemprop=\"url image\" loading=\"lazy\" decoding=\"async\" class=\"alignnone wp-image-5259\" src=\"\/wp-content\/uploads\/2021\/08\/flag-of-the-philippines_2.jpg\" alt=\"Filip\u012bnu karogs Foto\" width=\"500\" height=\"245\" \/><meta itemprop=\"width\" content=\"500\"><meta itemprop=\"height\" content=\"245\"><\/span><\/p>\n<p style=\"text-align: justify\">Un tie\u0161i vi\u0146\u0161 tika izmantots Filip\u012bnu-Amerikas kara laik\u0101 19. gadsimta beig\u0101s. L\u012bdz 1901. gadam vi\u0146\u0161 tika izmantots k\u0101 ofici\u0101lais \u0123erbonis, bet p\u0113c amerik\u0101\u0146u uzvaras visp\u0101r tika atz\u012bts par nepie\u0146emamu simbolu, un vi\u0146a kopiju vai pat m\u0101ksliniecisko att\u0113lu glab\u0101\u0161ana tika piel\u012bdzin\u0101ta valsts nodev\u012bbai.<\/p>\n<h2 style=\"text-align: justify\">Filip\u012bnu karoga v\u0113sture<\/h2>\n<p style=\"text-align: justify\">Pa\u0161reiz\u0113j\u0101 form\u0101 karogs tika apstiprin\u0101ts Filip\u012bnu neatkar\u012bbas izn\u012bcin\u0101\u0161anas las\u012bjum\u0101 (1989.\u00a0gada j\u016bnij\u0101). St\u0101sts apgalvo, ka kristiet\u012bba tika apstiprin\u0101ta k\u0101 galven\u0101 reli\u0123ija, kuru atbalst\u012bja toreiz\u0113jais valdnieks Emilio Agidaldo Valsts pal\u0101tas vad\u012bb\u0101.<\/p>\n<p style=\"text-align: justify\">Taj\u0101 pa\u0161\u0101 laika posm\u0101 pa\u0161reiz\u0113j\u0101s valsts teritorij\u0101 tika izveidota Katizanunana patriotisk\u0101 organiz\u0101cija, kas ir atvasin\u0101ta no Ku-Klom klana. Vi\u0146u apstiprin\u0101tais karogs ir sarkanais karogs ar balto sauli un 3\u00a0burtu &quot;K&quot; att\u0113lu. Tom\u0113r frakciju p\u0101rst\u0101v\u0113ja divas neatkar\u012bgas organiz\u0101cijas:<\/p>\n<ul style=\"text-align: justify\">\n<li>Magdivanga;<\/li>\n<li>Magdalo.<\/li>\n<\/ul>\n<p style=\"text-align: justify\">Un katrs no tiem karogi nedaudz at\u0161\u0137\u012br\u0101s. Tikai 1987. gad\u0101 vi\u0146i pie\u0146\u0113ma visp\u0101r\u0113jo rekl\u0101mkarogu &#8211; balto sauli uz sarkana fona ar burta &quot;A&quot; att\u0113lu uz Dovespan filip\u012bnie\u0161u alfab\u0113ta (tad vairs netika izmantots visur).<\/p>\n<p style=\"text-align: justify\">1901. gad\u0101 pa\u0161reiz\u0113j\u0101 rekl\u0101mkaroga versija tika aizliegta l\u012bdz 1920. gadam. Un tad s\u0101k\u0101s jap\u0101\u0146u okup\u0101cija Filip\u012bn\u0101s, p\u0113c kuras tauta tika atz\u012bta par jap\u0101\u0146u baneri &#8211; Sarkan\u0101 saule uz balta fona. Tiesa, tas ilgst visu \u0161o gadu, p\u0113c tam vara atkal p\u0101rg\u0101ja valsts galvenajam rangam. P\u0113c tam atgrieza valsts karoga att\u0113lu, un t\u0101 tas bija l\u012bdz 1960. gadam.<\/p>\n<p style=\"text-align: justify\">N\u0101kotn\u0113 rekl\u0101mkarogs ir main\u012bjies vair\u0101kas reizes, kad valsts vad\u012bba ir nodota Katjubu\u0146u p\u0101rst\u0101vjiem (tolaik jau nebija, jo galven\u0101 likvid\u0101cija notika 1897. 1962.\u00a0gada s\u0101kum\u0101 rekl\u0101mkarogs atkal tika apstiprin\u0101ts, un kop\u0161 t\u0101 laika vi\u0146\u0161 joproj\u0101m ir nenosaukts.<\/p>\n<p style=\"text-align: justify\">Interesanti ar\u012b fakts, ka tehnisk\u0101 apraksta deklar\u0101cij\u0101 valsts karoga un karoga prec\u012bz\u0101s kr\u0101sas. \u0160\u012b iemesla d\u0113\u013c k\u0101du laiku zil\u0101 viet\u0101 tika izmantota gai\u0161i zila kr\u0101sa. \u0160o iesp\u0113ju var atrast daudzos 1960.\u20131970.\u00a0gada fotoatt\u0113los. Sarkans k\u0101du laiku bija bug, un p\u0113c tam &#8211; spilgti pies\u0101tin\u0101ts. Kop\u0113jais Filip\u012bnu karogs pirmo reizi tika apstiprin\u0101ts 19. gadsimta beig\u0101s. P\u0113c &#8211; vair\u0101kk\u0101rt aizliegts, main\u012bts, bet p\u0113c kopsummas atst\u0101ts pats pirmais variants, kas pie\u0146emts kop\u0101 ar deklar\u0101ciju par valsts neatkar\u012bbu. 2000. gadu vid\u016b mediji zi\u0146oja, ka valsts varas iest\u0101des apsver iesp\u0113ju atteikties no rekl\u0101mkaroga milit\u0101r\u0101s versijas. Bet \u0161\u0101du likumprojektu uz pamata pat neuzskat\u012bja.<\/p>\n","protected":false},"excerpt":{"rendered":"<p>Filip\u012bnu karogs tika ofici\u0101li pie\u0146emts 1898.\u00a0gad\u0101 tie\u0161i pirms filip\u012bnie\u0161u un amerik\u0101\u0146u kara s\u0101kuma. Atk\u0101rtoti apstiprin\u0101ts 1936. gad\u0101 un nostiprin\u0101ts status\u0101 &quot;Nacion\u0101lais&quot;. Taj\u0101 pa\u0161\u0101 laik\u0101 joproj\u0101m past\u0101v izsludin\u0101t\u0101s milit\u0101r\u0101s&#8230;<\/p>\n","protected":false},"author":1,"featured_media":5821,"comment_status":"open","ping_status":"open","sticky":false,"template":"","format":"standard","meta":{"footnotes":""},"categories":[2],"tags":[],"class_list":["post-5258","post","type-post","status-publish","format-standard","has-post-thumbnail","","category-zijas-karogi"],"aioseo_notices":[],"_links":{"self":[{"href":"https:\/\/flags-world.com\/lv\/wp-json\/wp\/v2\/posts\/5258","targetHints":{"allow":["GET"]}}],"collection":[{"href":"https:\/\/flags-world.com\/lv\/wp-json\/wp\/v2\/posts"}],"about":[{"href":"https:\/\/flags-world.com\/lv\/wp-json\/wp\/v2\/types\/post"}],"author":[{"embeddable":true,"href":"https:\/\/flags-world.com\/lv\/wp-json\/wp\/v2\/users\/1"}],"replies":[{"embeddable":true,"href":"https:\/\/flags-world.com\/lv\/wp-json\/wp\/v2\/comments?post=5258"}],"version-history":[{"count":0,"href":"https:\/\/flags-world.com\/lv\/wp-json\/wp\/v2\/posts\/5258\/revisions"}],"wp:featuredmedia":[{"embeddable":true,"href":"https:\/\/flags-world.com\/lv\/wp-json\/wp\/v2\/media\/5821"}],"wp:attachment":[{"href":"https:\/\/flags-world.com\/lv\/wp-json\/wp\/v2\/media?parent=5258"}],"wp:term":[{"taxonomy":"category","embeddable":true,"href":"https:\/\/flags-world.com\/lv\/wp-json\/wp\/v2\/categories?post=5258"},{"taxonomy":"post_tag","embeddable":true,"href":"https:\/\/flags-world.com\/lv\/wp-json\/wp\/v2\/tags?post=5258"}],"curies":[{"name":"wp","href":"https:\/\/api.w.org\/{rel}","templated":true}]}}