{"id":5235,"date":"2021-08-19T21:46:23","date_gmt":"2021-08-19T18:46:23","guid":{"rendered":"https:\/\/flags-world.com\/lv\/2021\/08\/19\/uzbekistnas-karogs-nozme-un-krsas\/"},"modified":"2021-08-19T21:46:23","modified_gmt":"2021-08-19T18:46:23","slug":"uzbekistnas-karogs-nozme-un-krsas","status":"publish","type":"post","link":"https:\/\/flags-world.com\/lv\/uzbekistnas-karogs-nozme-un-krsas\/","title":{"rendered":"Uzbekist\u0101nas karogs: noz\u012bme un kr\u0101sas"},"content":{"rendered":"<p style=\"text-align: justify\">Uzbekist\u0101nas karog\u0101 ir biju\u0161\u0101s PSRS valstij nestandarta z\u012bmes. Tie atspogu\u013co t\u0101s v\u0113sturisko pag\u0101tni gan pirms iest\u0101\u0161an\u0101s PSRS, gan p\u0113c t\u0101s. Kad Uzbekist\u0101na bija PSRS sast\u0101v\u0101, vi\u0146a valsts simbolika main\u012bj\u0101s 7 reizes. Uzbeku valsts karoga \u0161odienas versija &#8211; dev\u012btais. Apsveriet \u0161\u012b valsts simbola iez\u012bmes vis\u0101 t\u0101 past\u0101v\u0113\u0161anas laik\u0101 un sniedziet t\u0101 simbolos izmantoto interpret\u0101ciju.<\/p>\n<h2 style=\"text-align: justify\">Uzbekist\u0101nas karogs: Foto<\/h2>\n<p style=\"text-align: justify\">Uzbekist\u0101nas karoga fotoatt\u0113lu varat redz\u0113t zem\u0101k.<\/p>\n<p><span itemprop=\"image\" itemscope itemtype=\"https:\/\/schema.org\/ImageObject\"><img itemprop=\"url image\" loading=\"lazy\" decoding=\"async\" class=\"alignnone size-full wp-image-5239\" src=\"\/wp-content\/uploads\/2021\/08\/flag-of-uzbekistan_1.gif\" width=\"500\" height=\"335\" alt=\"Uzbekist\u0101nas karogs\" \/><meta itemprop=\"width\" content=\"500\"><meta itemprop=\"height\" content=\"335\"><\/span><\/p>\n<p style=\"text-align: justify\">P\u0113c t\u0101 att\u0113la varat izveidot detaliz\u0113tu aprakstu:<\/p>\n<ul style=\"text-align: justify\">\n<li>ir audums, kas sast\u0101v no trim plat\u0101m kr\u0101su sloksn\u0113m. Forma &#8211; taisnst\u016brveida. Nav uzrakstu un apmal\u012b\u0161u;<\/li>\n<li>Zil\u0101 josla &#8211; t\u012bru debesu un \u016bdens apz\u012bm\u0113jums, k\u0101 ar\u012b &#8211; velt\u012bjums Austrumu trad\u012bcij\u0101m, uz kur\u0101m \u0161\u012b kr\u0101sa tiek godin\u0101ta;<\/li>\n<li>Balt\u0101 kr\u0101sa simboliz\u0113 pasauli un cilv\u0113ku domu t\u012br\u012bbu;<\/li>\n<li>Za\u013c\u0101 josla Standarta apak\u0161\u0101 s\u016bta uz Uzbekist\u0101nas augl\u012bgo dabu;<\/li>\n<li>Sarkanas sv\u012btras &#8211; dz\u012bv\u012bbas simbols, kas pl\u016bst jebkur\u0101 dz\u012bv\u0101 rad\u012bb\u0101.<\/li>\n<\/ul>\n<blockquote>\n<p style=\"text-align: justify\">Aug\u0161\u0113j\u0101 kreisaj\u0101 st\u016br\u012b &#8211; pusm\u0113ness simbols ar divpadsmit zvaigzn\u0113m.<\/p>\n<\/blockquote>\n<h2 style=\"text-align: justify\">Kad tika pie\u0146emts Uzbekist\u0101nas karogs<\/h2>\n<p style=\"text-align: justify\">Uzbekist\u0101nas Republikas valsts karoga pie\u0146em\u0161anas datums ir 1991. gada 18. novembris. Valsts simbolu izstr\u0101di, ac\u012bmredzot, uzbeki veica jau iepriek\u0161, jo tas tika pie\u0146emts tikai divus m\u0113ne\u0161us p\u0113c neatkar\u012bbas par\u0101d\u012b\u0161an\u0101s.<\/p>\n<p><span itemprop=\"image\" itemscope itemtype=\"https:\/\/schema.org\/ImageObject\"><img itemprop=\"url image\" loading=\"lazy\" decoding=\"async\" class=\"alignnone wp-image-5238\" src=\"\/wp-content\/uploads\/2021\/08\/flag-of-uzbekistan_1.png\" alt=\"Uzbekist\u0101nas karoga foto\" width=\"500\" height=\"340\" \/><meta itemprop=\"width\" content=\"500\"><meta itemprop=\"height\" content=\"340\"><\/span><\/p>\n<p style=\"text-align: justify\">Simboliski par\u0101da jaun\u0101s valsts galven\u0101s v\u0113rt\u012bbas un trad\u012bcijas. Tur ir atsauce uz valsts v\u0113sturi &#8211; t\u0101tad pusm\u0113ness simbols ir atrodams valsts karogos pirms t\u0101 non\u0101k PSRS.<\/p>\n<h2 style=\"text-align: justify\">Uzbekist\u0101nas karogs pirms ieie\u0161anas PSRS<\/h2>\n<p style=\"text-align: justify\">L\u012bdz iest\u0101\u0161an\u0101s br\u012bdim PSRS m\u016bsdienu Uzbekist\u0101nas re\u0123ionu apz\u012bm\u0113\u0161anai tika izmantoti austrumu trad\u012bcij\u0101s veidoti pane\u013ci. Zem\u0101k ir fotoatt\u0113ls ar Buh\u0101ras Khan\u0101ta karogu, kas k\u013cuva par Uzbekist\u0101nas da\u013cu.<\/p>\n<p style=\"text-align: justify\">K\u0101 redzat, \u0161is uzbeku karogs iev\u0113rojami at\u0161\u0137iras no m\u016bsdienu iesp\u0113j\u0101m:<\/p>\n<ul style=\"text-align: justify\">\n<li>Ap\u0123\u0113rbs \u012bss, br\u012bv\u0101 s\u0101nu mala nel\u012bdzena, krokaina piegriezuma. Ir tr\u012bs virsotnes, kas dekor\u0113tas ar pu\u0161\u0137iem;<\/li>\n<li>Audekla galven\u0101 da\u013ca ir spilgti za\u013c\u0101 kr\u0101s\u0101, gar mal\u0101m oran\u017ea apmale ar melnu rot\u0101jumu;<\/li>\n<li>Pane\u013ca centr\u0101 &#8211; musulma\u0146u simboli: pusm\u0113ness ar zvaigzni un salikt\u0101m rok\u0101m. Pa kreisi un pa labi no rakstz\u012bm\u0113m &#8211; uzraksti. Rakstz\u012bmju un uzrakstu kr\u0101sa &#8211; Zelta.<\/li>\n<\/ul>\n<p><span itemprop=\"image\" itemscope itemtype=\"https:\/\/schema.org\/ImageObject\"><img itemprop=\"url image\" loading=\"lazy\" decoding=\"async\" class=\"alignnone wp-image-5237\" src=\"\/wp-content\/uploads\/2021\/08\/flag-of-uzbekistan_2.png\" alt=\"Uzbekist\u0101nas PSR karogs\" width=\"488\" height=\"244\" \/><meta itemprop=\"width\" content=\"488\"><meta itemprop=\"height\" content=\"244\"><\/span><\/p>\n<p><span itemprop=\"image\" itemscope itemtype=\"https:\/\/schema.org\/ImageObject\"><img itemprop=\"url image\" loading=\"lazy\" decoding=\"async\" class=\"alignnone wp-image-5236\" src=\"\/wp-content\/uploads\/2021\/08\/flag-of-uzbekistan_3.png\" alt=\"Uzbekist\u0101nas karogs\" width=\"500\" height=\"250\" \/><meta itemprop=\"width\" content=\"500\"><meta itemprop=\"height\" content=\"250\"><\/span><\/p>\n<blockquote>\n<p style=\"text-align: justify\">\u00a0Veidojot \u0161\u0101du baneri, tiek iev\u0113rotas musulma\u0146u trad\u012bcijas.<\/p>\n<\/blockquote>\n<h2 style=\"text-align: justify\">Uzbekist\u0101nas PSR karogs<\/h2>\n<p style=\"text-align: justify\">Ien\u0101kot PSRS, Uzbekist\u0101nas karogs zaud\u0113ja individualit\u0101ti. Laika posm\u0101 no 1925. l\u012bdz 1952. gadam tika pie\u0146emtas 7 Uzbekist\u0101nas standarta vari\u0101cijas, ta\u010du past\u0101v\u0113ja tikai 1952. gada versija, lai Republika ieg\u016btu neatkar\u012bbu.<\/p>\n<p style=\"text-align: justify\">Vis\u0101m pulkste\u0146a opcij\u0101m ir l\u012bdz\u012bgas funkcijas. Rekl\u0101mkarogs &#8211; spilgti sarkans. Aug\u0161\u0113j\u0101 kreisaj\u0101 st\u016br\u012b &#8211; uzraksts &quot;Uzbekist\u0101nas SSR&quot; ir sa\u012bsin\u0101t\u0101 vai piln\u0101 variant\u0101. Fonts main\u0101s.<\/p>\n<blockquote>\n<p style=\"text-align: justify\">B\u016btisk\u0101m at\u0161\u0137ir\u012bb\u0101m ir 1952. gada versija &#8211; aug\u0161\u0113j\u0101 kreisaj\u0101 st\u016br\u012b sakrustots sirpis un \u0101murs, pane\u013ca vid\u016b &#8211; \u0161aura zila josla<\/p>\n<\/blockquote>\n<h2 style=\"text-align: justify\">K\u0101das ir zvaigznes uz Uzbekist\u0101nas karoga<\/h2>\n<p style=\"text-align: justify\">Divpadsmit zvaigzn\u0113m, kas atrodas m\u016bsdienu uzbeku karoga aug\u0161\u0113j\u0101 kreisaj\u0101 st\u016br\u012b, ir interesanta un daudzveid\u012bga noz\u012bme. Da\u013ca p\u0113tnieku uzskata, ka zvaigznes noz\u012bm\u0113 divpadsmit zodiaka z\u012bmes. \u0160\u012b versija ir ofici\u0101li atz\u012bta.<\/p>\n<blockquote>\n<p style=\"text-align: justify\">Cita da\u013ca apgalvo, ka t\u0101 var b\u016bt simbolika, kas nos\u016bt\u012bta uz divpadsmit zvaig\u017e\u0146u m\u0113ne\u0161iem.<\/p>\n<\/blockquote>\n<blockquote>\n<p style=\"text-align: justify\">Var atsaukties uz reli\u0123iskiem pamatiem \u2013 musulma\u0146u taut\u0101m skaitlim 12 ir sv\u0113ta v\u0113rt\u012bba. Tie\u0161i \u0161aj\u0101 vecum\u0101 z\u0113ni k\u013c\u016bst par v\u012brie\u0161iem. Ir pievienoti ar\u012b citi reli\u0123iski pas\u0101kumi.<\/p>\n<\/blockquote>\n<h2 style=\"text-align: justify\">Uzbekist\u0101nas kr\u0101sains karogs<\/h2>\n<p style=\"text-align: justify\">Uzbekist\u0101na ir viena no valst\u012bm, kas nol\u0113musi atteikties no tradicion\u0101l\u0101s tr\u012bskr\u0101sas un at\u0161\u0137aid\u012bt to ar citiem t\u0113liem.<\/p>\n<p style=\"text-align: justify\">Pa\u0161reiz\u0113j\u0101 Uzbekist\u0101nas valsts karoga galven\u0101s kr\u0101sas ir balta, zila (debesu \u0113n\u0101), gai\u0161i za\u013ca un sarkana. Domin\u0113 baltas, debeszilas un gai\u0161i za\u013cas nokr\u0101sas. Sarkan\u0101s kr\u0101sas iespiedumi ir nenoz\u012bm\u012bgi, uz banera ir tikai divas pl\u0101nas sarkanas sv\u012btras starp galveno kr\u0101su l\u012bnij\u0101m. Pusm\u0113ness un divpadsmit zvaigznes tiem blakus ir izgatavoti balt\u0101 kr\u0101s\u0101.<\/p>\n","protected":false},"excerpt":{"rendered":"<p>Uzbekist\u0101nas karog\u0101 ir biju\u0161\u0101s PSRS valstij nestandarta z\u012bmes. Tie atspogu\u013co t\u0101s v\u0113sturisko pag\u0101tni gan pirms iest\u0101\u0161an\u0101s PSRS, gan p\u0113c t\u0101s. Kad Uzbekist\u0101na bija PSRS sast\u0101v\u0101, vi\u0146a valsts simbolika&#8230;<\/p>\n","protected":false},"author":1,"featured_media":5967,"comment_status":"open","ping_status":"open","sticky":false,"template":"","format":"standard","meta":{"footnotes":""},"categories":[2],"tags":[],"class_list":["post-5235","post","type-post","status-publish","format-standard","has-post-thumbnail","","category-zijas-karogi"],"aioseo_notices":[],"_links":{"self":[{"href":"https:\/\/flags-world.com\/lv\/wp-json\/wp\/v2\/posts\/5235","targetHints":{"allow":["GET"]}}],"collection":[{"href":"https:\/\/flags-world.com\/lv\/wp-json\/wp\/v2\/posts"}],"about":[{"href":"https:\/\/flags-world.com\/lv\/wp-json\/wp\/v2\/types\/post"}],"author":[{"embeddable":true,"href":"https:\/\/flags-world.com\/lv\/wp-json\/wp\/v2\/users\/1"}],"replies":[{"embeddable":true,"href":"https:\/\/flags-world.com\/lv\/wp-json\/wp\/v2\/comments?post=5235"}],"version-history":[{"count":0,"href":"https:\/\/flags-world.com\/lv\/wp-json\/wp\/v2\/posts\/5235\/revisions"}],"wp:featuredmedia":[{"embeddable":true,"href":"https:\/\/flags-world.com\/lv\/wp-json\/wp\/v2\/media\/5967"}],"wp:attachment":[{"href":"https:\/\/flags-world.com\/lv\/wp-json\/wp\/v2\/media?parent=5235"}],"wp:term":[{"taxonomy":"category","embeddable":true,"href":"https:\/\/flags-world.com\/lv\/wp-json\/wp\/v2\/categories?post=5235"},{"taxonomy":"post_tag","embeddable":true,"href":"https:\/\/flags-world.com\/lv\/wp-json\/wp\/v2\/tags?post=5235"}],"curies":[{"name":"wp","href":"https:\/\/api.w.org\/{rel}","templated":true}]}}