{"id":5231,"date":"2021-08-19T21:35:49","date_gmt":"2021-08-19T18:35:49","guid":{"rendered":"https:\/\/flags-world.com\/lv\/2021\/08\/19\/ehijas-karogs-nozme-un-krsas\/"},"modified":"2021-08-19T21:35:49","modified_gmt":"2021-08-19T18:35:49","slug":"ehijas-karogs-nozme-un-krsas","status":"publish","type":"post","link":"https:\/\/flags-world.com\/lv\/ehijas-karogs-nozme-un-krsas\/","title":{"rendered":"\u010cehijas karogs: noz\u012bme un kr\u0101sas"},"content":{"rendered":"<p style=\"text-align: justify\">P\u0113c m\u016bsdienu standartiem \u010cehija ir sal\u012bdzino\u0161i jauna valsts, jo republikas izveido\u0161an\u0101s notika p\u0113c \u010cehoslov\u0101kijas sabrukuma 1993. gad\u0101, liecina t\u0101 saukt\u0101s &quot;samta \u0161\u0137ir\u0161an\u0101s&quot; rezult\u0101ti. Faktiski valstij ir sena v\u0113sture, jo pirm\u0101 piemin\u0113\u0161ana par \u010cehijas Firstisti ir atrodama 10. gadsimt\u0101.<\/p>\n<blockquote>\n<p style=\"text-align: justify\">\u010cehijas karogam ir gar\u0161 un interesants st\u0101sts, skaista noz\u012bme. T\u0101 past\u0101v ilg\u0101k nek\u0101 \u010cehija, un tas ir j\u016bsu skaidrojums.<\/p>\n<\/blockquote>\n<h2 style=\"text-align: justify\"><strong>\u010cehijas karogs: k\u0101 tas izskat\u0101s<\/strong><\/h2>\n<p style=\"text-align: justify\">Fotoatt\u0113lu, kur\u0101 att\u0113lots, k\u0101 izskat\u0101s m\u016bsdienu \u010cehijas karogs, varat atrast zem\u0101k.<\/p>\n<p><span itemprop=\"image\" itemscope itemtype=\"https:\/\/schema.org\/ImageObject\"><img itemprop=\"url image\" loading=\"lazy\" decoding=\"async\" class=\"alignnone wp-image-5232\" src=\"\/wp-content\/uploads\/2021\/08\/flag-of-the-czech-republic_1.jpg\" alt=\"\u010cehijas karogs\" width=\"500\" height=\"266\" \/><meta itemprop=\"width\" content=\"500\"><meta itemprop=\"height\" content=\"266\"><\/span><\/p>\n<p style=\"text-align: justify\">P\u0113c fotogr\u0101fijas varat izveidot \u0161\u0101du valsts simbola aprakstu:<\/p>\n<ol style=\"text-align: justify\">\n<li>Tr\u012bskr\u0101su taisnst\u016bra audums, sadal\u012bts tr\u012bs elementos: zils tr\u012bsst\u016bris, kas ar pamatni v\u0113rsts uz karoga mastu, divas trapeces &#8211; balta un sarkana kr\u0101sa;<\/li>\n<li>Tr\u016bkst apmales;<\/li>\n<li>Papildu rakstz\u012bmes nav;<\/li>\n<li>Pane\u013ca mala &#8211; gluda.<\/li>\n<\/ol>\n<p style=\"text-align: justify\">Karoga iez\u012bme ir t\u0101da, ka vi\u0146\u0161 nav main\u012bjies uz republikas past\u0101v\u0113\u0161anu un pirms t\u0101s izveido\u0161anas. \u0160\u012b versija past\u0101v kop\u0161 1920. gada, p\u0113rn simbols atz\u012bm\u0113ja 90. gadadienu.<\/p>\n<h2 style=\"text-align: justify\"><strong>Ko noz\u012bm\u0113 \u010cehijas karogs<\/strong><\/h2>\n<p style=\"text-align: justify\">\u010cehijas karoga at\u0161ifr\u0113\u0161anai izmantotie apz\u012bm\u0113jumi ir visai interesanti. Katrai standarta izveid\u0113 izmantotajai kr\u0101sai ir sava noz\u012bme. Vi\u0146iem ir ar\u012b tr\u012bsst\u016bris.<\/p>\n<p style=\"text-align: justify\">T\u0101l\u0101k dekod\u0113\u0161ana:<\/p>\n<ol style=\"text-align: justify\">\n<li>Zil\u0101 kr\u0101sa noz\u012bm\u0113 bez m\u0101ko\u0146iem debesis un skaidrus valsts horizontus. Da\u013ca p\u0113tnieku atz\u012bm\u0113, ka Mor\u0101vija var b\u016bt ar\u012b iez\u012bm\u0113ta zil\u0101 kr\u0101s\u0101;<\/li>\n<li>Balt\u0101 kr\u0101sa tiek izmantota t\u0101s tradicion\u0101laj\u0101 t\u012br\u012bbas v\u0113rt\u012bb\u0101, t\u0101l\u0101k simboliz\u0113 mier\u012bgus cilv\u0113kus;<\/li>\n<li>Sarkans &#8211; atg\u0101din\u0101jums par asin\u012bm tautie\u0161iem, kuri nolika savas galvas c\u012b\u0146\u0101 par valsts neatkar\u012bbu;<\/li>\n<li>Tr\u012bsst\u016bris ir ieviests, lai apz\u012bm\u0113tu ties\u012bbu un br\u012bv\u012bbu vienl\u012bdz\u012bbu.<\/li>\n<\/ol>\n<blockquote>\n<p style=\"text-align: justify\">Bie\u017ei simbolika ir saist\u012bta ar le\u0123endu par \u010cehijas Republikas veido\u0161anos.<\/p>\n<\/blockquote>\n<h2 style=\"text-align: justify\"><strong>Le\u0123enda, ar kuru ir saist\u012bta \u010cehijas valsts simbolika<\/strong><\/h2>\n<p style=\"text-align: justify\">L\u012bdz 1920. gadam \u010cehijas karasp\u0113ka un ku\u0123u apz\u012bm\u0113\u0161anai tika izmantots divu kr\u0101su balts-sarkans standarts, kas izmanto m\u016bsdienu Poliju. K\u0101p\u0113c divi \u0161tati baud\u012bja vienu rekl\u0101mkarogu, st\u0101sta le\u0123enda.<\/p>\n<p style=\"text-align: justify\">Saska\u0146\u0101 ar le\u0123endu, Polijas un \u010cehijas dibin\u0101t\u0101ji Lehi un \u010cehi bija viet\u0113jie br\u0101\u013ci. Kad Lehs ieraudz\u012bja balto \u0113rgli uz sarkan\u0101s saulrieta saules fona, vi\u0146\u0161 nol\u0113ma izmantot \u0161\u012bs kr\u0101sas, lai apz\u012bm\u0113tu savu karasp\u0113ku. P\u0113c Brother \u0161\u012bs kr\u0101sas savos baneros s\u0101ka lietot un \u010dehu. M\u016bsdienu \u010cehijas karogs ar \u0161o le\u0123endu nav saist\u012bts.<\/p>\n<h2 style=\"text-align: justify\"><strong>\u010cehijas karoga v\u0113sture<\/strong><\/h2>\n<p style=\"text-align: justify\">Pirmo reizi jaut\u0101jums par \u010cehijas valsts simbolikas izveidi tika izvirz\u012bts 1918. gad\u0101. Valsts vald\u012bbas pie\u0146emtais karogs \u0161aj\u0101 laika posm\u0101 past\u0101v\u0113ja neilgi &#8211; jau 1920. gad\u0101 vi\u0146\u0161 main\u012bja l\u012bdz m\u016bsdien\u0101m izmantoto variantu.<\/p>\n<p><span itemprop=\"image\" itemscope itemtype=\"https:\/\/schema.org\/ImageObject\"><img itemprop=\"url image\" loading=\"lazy\" decoding=\"async\" class=\"alignnone wp-image-5233\" src=\"\/wp-content\/uploads\/2021\/08\/flag-of-the-czech-republic_2.jpg\" width=\"500\" height=\"156\" alt=\"\u010cehijas karoga foto\" \/><meta itemprop=\"width\" content=\"500\"><meta itemprop=\"height\" content=\"156\"><\/span><\/p>\n<p style=\"text-align: justify\">Laika posm\u0101 no 1939. l\u012bdz 1945. gadam nacistisk\u0101 V\u0101cija tika izmantota \u010cehijas teritorijas okup\u0101cijas laik\u0101.<\/p>\n<p style=\"text-align: justify\">Ir v\u0113rts atz\u012bm\u0113t, ka standarts, kura fotoatt\u0113lu var apskat\u012bt iepriek\u0161, l\u012bdz 1993.\u00a0gadam \u010cehijas Republikas virsnieks nepieder\u0113ja, jo valstis neeksist\u0113ja.<\/p>\n<h2 style=\"text-align: justify\"><strong>Karogs l\u012bdz\u012bgs \u010dehu valodai<\/strong><\/h2>\n<p style=\"text-align: justify\">Varb\u016bt j\u016bs jau esat redz\u0113ju\u0161i \u010cehijas karogu cit\u0101 valst\u012b. \u0160eit nav v\u0113sturisku k\u013c\u016bdu &#8211; l\u012bdz\u012bgu standartu \u010cehoslov\u0101kija izmantoja no 1920. l\u012bdz 1993. gadam. T\u0101 ir \u010cehoslov\u0101kijas v\u0113sture, kas ietver nacistu okup\u0101ciju, daudzas teritori\u0101l\u0101s konvert\u0101cijas. Neskatoties uz to visu, valsts simbolika tika saglab\u0101ta un nebija pak\u013cauta izmai\u0146\u0101m.<\/p>\n<p style=\"text-align: justify\">\u010cehija izveidoj\u0101s biju\u0161\u0101s \u010cehoslov\u0101kijas teritorij\u0101 un k\u013cuva par t\u0101s p\u0113cteci. 1920. gad\u0101 rad\u012bto audumu nol\u0113ma izmantot, godinot vi\u0146a v\u0113sturi.<\/p>\n<h2 style=\"text-align: justify\"><strong>M\u0113\u0123iniet main\u012bt simbolus<\/strong><\/h2>\n<p style=\"text-align: justify\">M\u0113\u0123in\u0101jumi izmantot citas rakstz\u012bmes, lai apz\u012bm\u0113tu nomazg\u0101tu v\u0113stur\u0113, joproj\u0101m piedal\u012bj\u0101s. T\u0101tad m\u016bsdienu \u010cehijas karogs m\u0113\u0123in\u0101ja main\u012bties sacel\u0161an\u0101s laik\u0101 Pr\u0101g\u0101 1968. gad\u0101. Sacel\u0161anos sauca par &quot;Pr\u0101gas pavasari&quot;.<\/p>\n<p style=\"text-align: justify\">P\u0113c \u010cehijas Republikas izveido\u0161an\u0101s valsts simbolu atlases laik\u0101 tika apspriesta \u0161\u012bs standarta versijas izmanto\u0161ana ilgu laiku. Ir izstr\u0101d\u0101tas jaunas baneru iesp\u0113jas, ta\u010du saska\u0146\u0101 ar rezult\u0101tu neviens no tiem netika apstiprin\u0101ts.<\/p>\n<blockquote>\n<p style=\"text-align: justify\">Vislab\u0101k ir piem\u0113rots vecais 1920. gada karogs &#8211; tas par\u0101da visu \u010dehu v\u0113sturi un atg\u0101dina notikumus, kas ar vi\u0146iem notika.<\/p>\n<\/blockquote>\n","protected":false},"excerpt":{"rendered":"<p>P\u0113c m\u016bsdienu standartiem \u010cehija ir sal\u012bdzino\u0161i jauna valsts, jo republikas izveido\u0161an\u0101s notika p\u0113c \u010cehoslov\u0101kijas sabrukuma 1993. gad\u0101, liecina t\u0101 saukt\u0101s &quot;samta \u0161\u0137ir\u0161an\u0101s&quot; rezult\u0101ti. Faktiski valstij ir sena v\u0113sture,&#8230;<\/p>\n","protected":false},"author":1,"featured_media":5806,"comment_status":"open","ping_status":"open","sticky":false,"template":"","format":"standard","meta":{"footnotes":""},"categories":[3],"tags":[],"class_list":["post-5231","post","type-post","status-publish","format-standard","has-post-thumbnail","","category-eiropas-karogi"],"aioseo_notices":[],"_links":{"self":[{"href":"https:\/\/flags-world.com\/lv\/wp-json\/wp\/v2\/posts\/5231","targetHints":{"allow":["GET"]}}],"collection":[{"href":"https:\/\/flags-world.com\/lv\/wp-json\/wp\/v2\/posts"}],"about":[{"href":"https:\/\/flags-world.com\/lv\/wp-json\/wp\/v2\/types\/post"}],"author":[{"embeddable":true,"href":"https:\/\/flags-world.com\/lv\/wp-json\/wp\/v2\/users\/1"}],"replies":[{"embeddable":true,"href":"https:\/\/flags-world.com\/lv\/wp-json\/wp\/v2\/comments?post=5231"}],"version-history":[{"count":0,"href":"https:\/\/flags-world.com\/lv\/wp-json\/wp\/v2\/posts\/5231\/revisions"}],"wp:featuredmedia":[{"embeddable":true,"href":"https:\/\/flags-world.com\/lv\/wp-json\/wp\/v2\/media\/5806"}],"wp:attachment":[{"href":"https:\/\/flags-world.com\/lv\/wp-json\/wp\/v2\/media?parent=5231"}],"wp:term":[{"taxonomy":"category","embeddable":true,"href":"https:\/\/flags-world.com\/lv\/wp-json\/wp\/v2\/categories?post=5231"},{"taxonomy":"post_tag","embeddable":true,"href":"https:\/\/flags-world.com\/lv\/wp-json\/wp\/v2\/tags?post=5231"}],"curies":[{"name":"wp","href":"https:\/\/api.w.org\/{rel}","templated":true}]}}