{"id":5223,"date":"2021-08-18T06:52:54","date_gmt":"2021-08-18T03:52:54","guid":{"rendered":"https:\/\/flags-world.com\/lv\/2021\/08\/18\/zviedrijas-karogs-krsas-un-nozme\/"},"modified":"2021-08-18T06:52:54","modified_gmt":"2021-08-18T03:52:54","slug":"zviedrijas-karogs-krsas-un-nozme","status":"publish","type":"post","link":"https:\/\/flags-world.com\/lv\/zviedrijas-karogs-krsas-un-nozme\/","title":{"rendered":"Zviedrijas karogs: kr\u0101sas un noz\u012bme"},"content":{"rendered":"<p style=\"text-align: justify\">Zviedrijas karogu var pamatoti saukt par vienu no vec\u0101kajiem vald\u012bbas simboliem. V\u0113sturnieki atz\u012bm\u0113, ka prec\u012bzs valsts aizlieguma pa\u0161reiz\u0113j\u0101s versijas par\u0101d\u012b\u0161an\u0101s laiks nav noteikts. V\u0113stures rakstos pirmo reizi dzelten\u0101 krusta par\u0101d\u012b\u0161anos uz zilas dr\u0101nas iez\u012bm\u0113 16. gs. \u0160\u012b simbolika tika akt\u012bvi izmantota gan mier\u012bgiem m\u0113r\u0137iem, gan Zviedrijas valsts karasp\u0113ka nor\u0101d\u012b\u0161anai kaujas lauk\u0101. Att\u0113ls tika izmantots karav\u012bru mun\u012bcijai &#8211; vairogiem, apmet\u0146iem uz bru\u0146inieku bru\u0146\u0101m vai zirgiem.<\/p>\n<h2 style=\"text-align: justify\">Foto Zviedrijas karogs<\/h2>\n<p style=\"text-align: justify\">Zem\u0101k redzams Zviedrijas karoga fotoatt\u0113ls.<\/p>\n<p><span itemprop=\"image\" itemscope itemtype=\"https:\/\/schema.org\/ImageObject\"><img itemprop=\"url image\" loading=\"lazy\" decoding=\"async\" class=\"alignnone wp-image-5225\" src=\"\/wp-content\/uploads\/2021\/08\/flag-of-sweden-colors-and-meaning_1.jpg\" alt=\"Zviedrijas karogs\" width=\"500\" height=\"313\" \/><meta itemprop=\"width\" content=\"500\"><meta itemprop=\"height\" content=\"313\"><\/span><\/p>\n<p style=\"text-align: justify\">Kop\u0161 t\u0101 pirms\u0101kumiem \u0161is valsts simbols praktiski nav main\u012bts. Tas noz\u012bm\u0113, ka Zviedrija to veiksm\u012bgi izveda cauri visam vi\u0146a st\u0101stam. L\u012bdz\u012bga kr\u0101su kombin\u0101cija tiek izmantota armijas zviedru gult\u0101s, kuras fotoatt\u0113ls ir par\u0101d\u012bts zem\u0101k.<\/p>\n<p style=\"text-align: justify\">K\u0101 redzams, at\u0161\u0137ir\u012bbas izpau\u017eas tikai form\u0101 &#8211; pane\u013ca gals nav taisns, bet nogriezts &#8211; tr\u012bsst\u016bri gar mal\u0101m un vid\u016b. Multivides tr\u012bsst\u016bris n\u0101k no taisnas l\u012bnijas rekl\u0101mkaroga centr\u0101.<\/p>\n<p style=\"text-align: justify\"><span itemprop=\"image\" itemscope itemtype=\"https:\/\/schema.org\/ImageObject\"><img itemprop=\"url image\" loading=\"lazy\" decoding=\"async\" class=\"alignnone wp-image-5226\" src=\"\/wp-content\/uploads\/2021\/08\/flag-of-sweden-colors-and-meaning_1.png\" width=\"500\" height=\"333\" alt=\"Zviedrijas karogs\" \/><meta itemprop=\"width\" content=\"500\"><meta itemprop=\"height\" content=\"333\"><\/span><\/p>\n<h2 style=\"text-align: justify\">Zviedrijas valsts simbolikas v\u0113sture<\/h2>\n<p style=\"text-align: justify\">Standarta ofici\u0101l\u0101 apstiprin\u0101\u0161ana t\u0101 modernaj\u0101 versij\u0101 notika 1821. gad\u0101, pirms tam tas tika piem\u0113rots, ta\u010du t\u0101 statuss ofici\u0101li netika fiks\u0113ts. Vecais Zviedrijas karogs tiek izmantots l\u012bdz m\u016bsdien\u0101m.<\/p>\n<p style=\"text-align: justify\">Laika posm\u0101 no 1814. l\u012bdz 1905. gadam past\u0101v\u0113ja zviedru-norv\u0113\u0123u savien\u012bba, kas sast\u0101v\u0113ja no Zviedrijas valsts simbola, kam bija at\u0161\u0137ir\u012bbas. K\u0101 tas izskat\u0101s, ir nor\u0101d\u012bts zem\u0101k.<\/p>\n<p style=\"text-align: justify\">At\u0161\u0137ir\u012bba izpau\u017eas \u0161\u0101di: pane\u013cu aug\u0161\u0113j\u0101 kreisaj\u0101 st\u016br\u012b ir zviedru-norv\u0113\u0123u U\u013cjas simbolika. Ietekme uz vec\u0101s versijas izmanto\u0161anu \u0160is standarts netika nodro\u0161in\u0101ts &#8211; tas tika izmantots tikai U\u013cjas liet\u0101s.<\/p>\n<blockquote>\n<p style=\"text-align: justify\">Paral\u0113li past\u0101v\u0113ja alternat\u012bvs standarts civilaj\u0101m ties\u0101m.<\/p>\n<\/blockquote>\n<h2 style=\"text-align: justify\">K\u0101ds Zviedrijas karogs<\/h2>\n<p style=\"text-align: justify\">Zviedrijas ties\u012bbu aktos ir skaidras nor\u0101des par pane\u013ca kr\u0101su un izm\u0113ru. M\u016bsdienu versij\u0101 tas izskat\u0101s k\u0101 taisnst\u016brveida audums, kas rada Skandin\u0101vijas krustu, veidojot 2 kvadr\u0101tus un 2 taisnst\u016brus ap krusta vertik\u0101l\u0101s l\u012bnijas mal\u0101m.<\/p>\n<p style=\"text-align: justify\">Pantone palete zil\u0101s un dzelten\u0101s kr\u0101sas apz\u012bm\u0113\u0161anai tiek izmantota 301\u00b0C zilai un 109\u00b0C dzeltenai. Likums nosaka skaidru Karoga malas, lauku platuma un to lieluma attiec\u012bbu. Valsts simbolikas fotoatt\u0113li tika sniegti iepriek\u0161.<\/p>\n<h2 style=\"text-align: justify\">Valsts karoga diena Zviedrij\u0101<\/h2>\n<p style=\"text-align: justify\">Valst\u012b ir uzst\u0101d\u012bti Zviedrijas karoga sv\u0113tki. Datums \u2013 6.j\u016bnijs. Svin\u0113ts kop\u0161 1916. gada. Kop\u0161 1983. gada t\u0101 ir apvienota ar Zviedrijas nacion\u0101lo dienu.<\/p>\n<p style=\"text-align: justify\">Sv\u0113tku dienas izv\u0113lei ir v\u0113sturisks fons: 1523. gad\u0101 valsts neatkar\u012bba s\u0101k\u0101s \u0161aj\u0101 dien\u0101 p\u0113c Gustava Vasas kara\u013ca iev\u0113l\u0113\u0161anas. Turkl\u0101t 1809. gad\u0101 taj\u0101 pa\u0161\u0101 dien\u0101 notika jaun\u0101s Konstit\u016bcijas valsts pie\u0146em\u0161ana. \u0160is dokuments ir b\u016btiski papla\u0161in\u0101jis pilso\u0146u ties\u012bbas un br\u012bv\u012bbas.<\/p>\n<p><span itemprop=\"image\" itemscope itemtype=\"https:\/\/schema.org\/ImageObject\"><img itemprop=\"url image\" loading=\"lazy\" decoding=\"async\" class=\"alignnone wp-image-5224\" src=\"\/wp-content\/uploads\/2021\/08\/flag-of-sweden-colors-and-meaning_2.png\" alt=\"Zviedrijas karoga foto\" width=\"498\" height=\"311\" \/><meta itemprop=\"width\" content=\"498\"><meta itemprop=\"height\" content=\"311\"><\/span><\/p>\n<p style=\"text-align: justify\">Divi noz\u012bm\u012bgi notikumi valsts v\u0113stur\u0113 &#8211; lielisks iemesls sv\u0113tkiem. Reiz \u0161aj\u0101 dien\u0101 galvaspils\u0113t\u0101 vai jebkur\u0101 cit\u0101 Zviedrijas pils\u0113t\u0101 j\u016bs sajut\u012bsiet nacion\u0101lo gar\u0161u.<\/p>\n<h2 style=\"text-align: justify\">Zviedrijas karoga kr\u0101sas<\/h2>\n<p style=\"text-align: justify\">\u0160\u012b valsts simbola noz\u012bmes at\u0161ifr\u0113\u0161ana liel\u0101 m\u0113r\u0101 ir saist\u012bta ar le\u0123end\u0101m. Apsveriet, ko noz\u012bm\u0113 katrs tonis:<\/p>\n<ol style=\"text-align: justify\">\n<li>Zil\u0101 kr\u0101sa tiek izmantota, lai apz\u012bm\u0113tu paties\u012bbu, cent\u012bbu un taisn\u012bgumu;<\/li>\n<li>Dzeltens izmantots d\u0101snum\u0101;<\/li>\n<li>Krusta izmanto\u0161ana uz auduma ir reli\u0123ijas atspogu\u013cojums valsts un t\u0101s pirmo kara\u013cu v\u0113stur\u0113.<\/li>\n<\/ol>\n<blockquote>\n<p style=\"text-align: justify\">Le\u0123enda v\u0113sta, ka Zelta krusts debes\u012bs ieraudz\u012bja vienu no pirmajiem zviedru valdniekiem \u2013 karali \u0112riku I sv\u0113to. Savu t\u0113lu vi\u0146\u0161 p\u0101rc\u0113lis ar\u012b uz Zviedrijas karogu, iespaidots par redz\u0113to.<\/p>\n<\/blockquote>\n<h2 style=\"text-align: justify\">Zviedrijas karoga apraksts<\/h2>\n<p style=\"text-align: justify\">Zviedrijas karoga aprakstu var veikt ar fotogr\u0101fiju. Valsts galveno simbolu raksturo:<\/p>\n<ul style=\"text-align: justify\">\n<li>Pla\u0161s kadrs no pies\u0101tin\u0101tas zilas kr\u0101sas taisnst\u016bra formas;<\/li>\n<li>Skandin\u0101vu auduma \u0161\u0137\u0113rso\u0161ana un sadal\u012b\u0161ana 4 da\u013c\u0101s.<\/li>\n<\/ul>\n<p style=\"text-align: justify\">Audekla malas gludas, papildus apmales Nr. Skandin\u0101vijas krusta malas ir gludas. Armijai paredz\u0113taj\u0101 versij\u0101 audekla br\u012bv\u0101 mala, kas atrodas s\u0101nos, sast\u0101v no trim trijst\u016briem: kreisaj\u0101 un labaj\u0101 pus\u0113 ir taisnst\u016bra tr\u012bsst\u016bri zil\u0101 kr\u0101s\u0101, centr\u0101 &#8211; dzeltens. Trijst\u016bru galotnes ir asas.<\/p>\n","protected":false},"excerpt":{"rendered":"<p>Zviedrijas karogu var pamatoti saukt par vienu no vec\u0101kajiem vald\u012bbas simboliem. V\u0113sturnieki atz\u012bm\u0113, ka prec\u012bzs valsts aizlieguma pa\u0161reiz\u0113j\u0101s versijas par\u0101d\u012b\u0161an\u0101s laiks nav noteikts. V\u0113stures rakstos pirmo reizi dzelten\u0101&#8230;<\/p>\n","protected":false},"author":1,"featured_media":5978,"comment_status":"open","ping_status":"open","sticky":false,"template":"","format":"standard","meta":{"footnotes":""},"categories":[3],"tags":[],"class_list":["post-5223","post","type-post","status-publish","format-standard","has-post-thumbnail","","category-eiropas-karogi"],"aioseo_notices":[],"_links":{"self":[{"href":"https:\/\/flags-world.com\/lv\/wp-json\/wp\/v2\/posts\/5223","targetHints":{"allow":["GET"]}}],"collection":[{"href":"https:\/\/flags-world.com\/lv\/wp-json\/wp\/v2\/posts"}],"about":[{"href":"https:\/\/flags-world.com\/lv\/wp-json\/wp\/v2\/types\/post"}],"author":[{"embeddable":true,"href":"https:\/\/flags-world.com\/lv\/wp-json\/wp\/v2\/users\/1"}],"replies":[{"embeddable":true,"href":"https:\/\/flags-world.com\/lv\/wp-json\/wp\/v2\/comments?post=5223"}],"version-history":[{"count":0,"href":"https:\/\/flags-world.com\/lv\/wp-json\/wp\/v2\/posts\/5223\/revisions"}],"wp:featuredmedia":[{"embeddable":true,"href":"https:\/\/flags-world.com\/lv\/wp-json\/wp\/v2\/media\/5978"}],"wp:attachment":[{"href":"https:\/\/flags-world.com\/lv\/wp-json\/wp\/v2\/media?parent=5223"}],"wp:term":[{"taxonomy":"category","embeddable":true,"href":"https:\/\/flags-world.com\/lv\/wp-json\/wp\/v2\/categories?post=5223"},{"taxonomy":"post_tag","embeddable":true,"href":"https:\/\/flags-world.com\/lv\/wp-json\/wp\/v2\/tags?post=5223"}],"curies":[{"name":"wp","href":"https:\/\/api.w.org\/{rel}","templated":true}]}}