{"id":5213,"date":"2021-08-18T06:28:02","date_gmt":"2021-08-18T03:28:02","guid":{"rendered":"https:\/\/flags-world.com\/lv\/2021\/08\/18\/ehoslovkijas-karogs-krsas-un-nozme\/"},"modified":"2021-08-18T06:28:02","modified_gmt":"2021-08-18T03:28:02","slug":"ehoslovkijas-karogs-krsas-un-nozme","status":"publish","type":"post","link":"https:\/\/flags-world.com\/lv\/ehoslovkijas-karogs-krsas-un-nozme\/","title":{"rendered":"\u010cehoslov\u0101kijas karogs: kr\u0101sas un noz\u012bme"},"content":{"rendered":"<p style=\"text-align: justify\">\u010cehoslov\u0101kija ir valsts, kas past\u0101v\u0113ja no 1918. l\u012bdz 1993. gadam. T\u0101s valsts simbolika ir balst\u012bta uz viet\u0113j\u0101m le\u0123end\u0101m. M\u016bsdien\u0101s \u0161ai valstij piedero\u0161aj\u0101 teritorij\u0101 atrodas \u010cehija, kas k\u0101 valsts simbolu izmanto \u010cehoslov\u0101kijas karogu. Interesants fakts, ka \u010cehoslov\u0101kijas Republika, at\u0161\u0137ir\u012bb\u0101 no cit\u0101m valst\u012bm, nesa savu karogu cauri visam st\u0101stam &#8211; t\u0101 praktiski netika pak\u013cauta izmai\u0146\u0101m. Un tas ir par sp\u012bti vair\u0101kk\u0101rt\u0113jai teritorijas p\u0101rdalei, bie\u017eajai nosaukuma mai\u0146ai.<\/p>\n<p><span itemprop=\"image\" itemscope itemtype=\"https:\/\/schema.org\/ImageObject\"><img itemprop=\"url image\" loading=\"lazy\" decoding=\"async\" class=\"alignnone wp-image-5216\" src=\"\/wp-content\/uploads\/2021\/08\/flag-of-czechoslovak_1.png\" alt=\"\u010cehoslov\u0101kijas karogs\" width=\"497\" height=\"331\" \/><meta itemprop=\"width\" content=\"497\"><meta itemprop=\"height\" content=\"331\"><\/span><\/p>\n<h2 style=\"text-align: justify\"><strong>\u010cehoslov\u0101kijas karogs &#8211; Foto<\/strong><\/h2>\n<p style=\"text-align: justify\">Veidojot republiku 1918. gad\u0101, Va\u0161ingtonas \u0161tata apz\u012bm\u0113\u0161anai tika izmantots divkr\u0101su audums. Uz t\u0101 bija divas baltas un sarkanas kr\u0101sas joslas (vien\u0101da platuma). Fotoatt\u0113ls ir par\u0101d\u012bts zem\u0101k.<\/p>\n<p><span itemprop=\"image\" itemscope itemtype=\"https:\/\/schema.org\/ImageObject\"><img itemprop=\"url image\" loading=\"lazy\" decoding=\"async\" class=\"alignnone wp-image-5215\" src=\"\/wp-content\/uploads\/2021\/08\/flag-of-czechoslovak_1.jpg\" alt=\"\u010cehoslov\u0101kijas karoga att\u0113li\" width=\"456\" height=\"305\" \/><meta itemprop=\"width\" content=\"456\"><meta itemprop=\"height\" content=\"305\"><\/span><\/p>\n<p style=\"text-align: justify\">M\u016bsdien\u0101s l\u012bdz\u012bgas kr\u0101sas un to izvietojums uz auduma izmanto Poliju. \u0160\u012b iesp\u0113ja nebija ilga &#8211; l\u012bdz 1918. gada beig\u0101m valst\u012b s\u0101k\u0101s alternat\u012bva \u010cehoslov\u0101kijas karoga izstr\u0101de. 1919. gada vasar\u0101 tika nolemts pievienot zilu. 1920. gad\u0101 tika prezent\u0113ta gal\u012bg\u0101 simbolikas versija.<\/p>\n<blockquote><p>\u0160aj\u0101 variant\u0101 vi\u0146\u0161 past\u0101v\u0113ja pirms valsts sabruk\u0161anas.<\/p><\/blockquote>\n<h2 style=\"text-align: justify\"><strong>Simbolikas apraksts un at\u0161ifr\u0113\u0161ana<\/strong><\/h2>\n<p style=\"text-align: justify\">No koka uz auduma ir taisns tr\u012bsst\u016bris (\u0137\u012blis) zil\u0101 kr\u0101s\u0101. Pati audums ir horizont\u0101li sadal\u012bts div\u0101s da\u013c\u0101s: aug\u0161pus\u0113 tas ir balt\u0101 kr\u0101s\u0101, apak\u0161\u0101 kr\u0101sots sarkan\u0101 kr\u0101s\u0101.<\/p>\n<p style=\"text-align: justify\">\u010cehoslov\u0101kijas karogu var at\u0161ifr\u0113t \u0161\u0101di:<\/p>\n<ol style=\"text-align: justify\">\n<li>P\u0101rg\u0101jiena tr\u012bsst\u016bris ir bezm\u0101ko\u0146ainu debesu un skaidru horizontu simbols;<\/li>\n<li>Balts noz\u012bm\u0113 t\u012br\u012bbu un mieru;<\/li>\n<li>Sarkans &#8211; asins simbols, ka patrioti tika izlieti, lai valsts b\u016btu br\u012bva.<\/li>\n<\/ol>\n<blockquote><p>Zilo kr\u0101su var interpret\u0113t k\u0101 Mor\u0101vijas simbolu. Vien\u0101dmalu tr\u012bsst\u016bris uz auduma ir visu valst\u012b dz\u012bvojo\u0161o tautu vienl\u012bdz\u012bbas apz\u012bm\u0113jums.<\/p><\/blockquote>\n<h3 style=\"text-align: justify\"><strong>Karogs <\/strong><strong>\u010cehoslov\u0101kija 1939. gad\u0101<\/strong><\/h3>\n<p style=\"text-align: justify\">1938. gada ruden\u012b p\u0113c Minhenes l\u012bguma parakst\u012b\u0161anas Republika zaud\u0113ja Sukanas re\u0123ionu. P\u0113c teritorijas da\u013cas zaud\u0113\u0161anas s\u0101k\u0101s valsts reorganiz\u0101cija. Laika posm\u0101 no 1939. l\u012bdz 1945. gadam valsts teritorij\u0101 darboj\u0101s Boh\u0113mijas un Mor\u0101vijas protektor\u0101ts no V\u0101cijas vald\u012bbas.<\/p>\n<p style=\"text-align: justify\">Teritorija bija okup\u0113ta, \u010cehoslov\u0101kijas vald\u012bba atrad\u0101s trimd\u0101. Bet tas neietekm\u0113ja \u010cehoslov\u0101kijas karogu &#8211; main\u012bj\u0101s citi valsts simboli, iebruc\u0113ji s\u016bt\u012bja iedz\u012bvot\u0101jus str\u0101d\u0101t, un vi\u0146\u0161 nemain\u012bj\u0101s. P\u0113c Otr\u0101 pasaules kara beig\u0101m nek\u0101das izmai\u0146as netika veiktas.<\/p>\n<h3 style=\"text-align: justify\"><strong>Karogs <\/strong><strong>\u010cehoslov\u0101kijas iek\u0161ien\u0113 <\/strong><strong>1968. gads<\/strong><\/h3>\n<p style=\"text-align: justify\">\u0160is gads iez\u012bm\u0113j\u0101s ar m\u0113\u0123in\u0101jumiem main\u012bt valsts politisko strukt\u016bru. Valsts s\u0101ka sacel\u0161anos ar nosaukumu &quot;Pr\u0101gas pavasaris&quot;. \u0160aj\u0101 period\u0101 pirmo reizi 20 gadu laik\u0101 tika nov\u0113rota asimetrija nacion\u0101l\u0101s valsts iek\u0101rt\u0101 &#8211; \u010cehij\u0101 bija attiec\u012bg\u0101s iest\u0101des, nebija atbilsto\u0161u iest\u0101\u017eu, Slov\u0101kij\u0101 bija.<\/p>\n<blockquote><p>\u010cehoslov\u0101kijas karogs paliek nemain\u012bgs &#8211; p\u0101rsteidzo\u0161a stabilit\u0101te.<\/p><\/blockquote>\n<h3 style=\"text-align: justify\"><strong>Karogs <\/strong><strong>\u010cehoslov\u0101kijas iek\u0161ien\u0113 <\/strong><strong>1980. gads <\/strong><\/h3>\n<p style=\"text-align: justify\">1980. gad\u0101 vi\u0146\u0161 nemain\u012bj\u0101s, lai gan no 1969. gada valsts iek\u0161ien\u0113 jau past\u0101v\u0113ja feder\u0101lais dal\u012bjums div\u0101s republik\u0101s ar atsevi\u0161\u0137iem nosaukumiem. Vi\u0146\u0161 past\u0101v\u0113ja l\u012bdz komunistisk\u0101 re\u017e\u012bma kri\u0161anai 1989. gad\u0101 un kav\u0113j\u0101s \u2013 pati \u010cehoslov\u0101kija izjuka tikai 1993. gad\u0101.<\/p>\n<p style=\"text-align: justify\">Ir gr\u016bti izskaidrot tik stingru ap\u0146em\u0161anos pret varu un iedz\u012bvot\u0101jiem ar \u010cehoslov\u0101kijas karoga versiju, kas pie\u0146emta 2020.\u00a0gad\u0101. Iesp\u0113jams, iemesls skaist\u0101 le\u0123end\u0101 par diviem br\u0101\u013ciem, kas rad\u012bja \u010cehiju, jo m\u016bsdien\u0101s \u0161\u012b simbolika apz\u012bm\u0113 biju\u0161\u0101s \u010cehoslov\u0101kijas teritorijas st\u0101vokli &#8211; vald\u012bbai \u010cehijas Republikas veido\u0161an\u0101 tika izv\u0113l\u0113ta vec\u0101 versija, nevis jauna rekl\u0101mkaroga.<\/p>\n<h2 style=\"text-align: justify\"><strong>Komunistisk\u0101s \u010cehoslov\u0101kijas karogs<\/strong><\/h2>\n<p style=\"text-align: justify\">Komunisma laik\u0101 \u0161is valsts simbols at\u0161\u0137ir\u012bb\u0101 no citu valstu simboliem netika main\u012bts. Alternat\u012bv\u0101s v\u0113stures cien\u012bt\u0101ji ir izstr\u0101d\u0101ju\u0161i jaunu \u010cehoslov\u0101kijas karoga versiju. T\u0101s att\u0113ls ir zem\u0101k.<\/p>\n<p><span itemprop=\"image\" itemscope itemtype=\"https:\/\/schema.org\/ImageObject\"><img itemprop=\"url image\" loading=\"lazy\" decoding=\"async\" class=\"alignnone wp-image-5214\" src=\"\/wp-content\/uploads\/2021\/08\/flag-of-czechoslovak_2.png\" width=\"500\" height=\"250\" alt=\"\u010cehoslov\u0101kijas karogs 1980\" \/><meta itemprop=\"width\" content=\"500\"><meta itemprop=\"height\" content=\"250\"><\/span><\/p>\n<p style=\"text-align: justify\">Un \u0161eit nav b\u016btisku izmai\u0146u simbolos:<\/p>\n<ul style=\"text-align: justify\">\n<li>vien\u0101da izm\u0113ra sv\u012btras atrodas horizont\u0101li, kr\u0101sas tiek saglab\u0101tas;<\/li>\n<li>l\u012bdzsvarots zils tr\u012bsst\u016bris &#8211; viet\u0101;<\/li>\n<li>Vien\u012bg\u0101 at\u0161\u0137ir\u012bba ir sarkana piecstaru zvaigzne tr\u012bsst\u016bra centr\u0101.<\/li>\n<\/ul>\n<blockquote>\n<p style=\"text-align: justify\">Sarkan\u0101s kr\u0101sas karog\u0101 ierakst\u012bt\u0101 zvaigzne nor\u0101da uz komunistiskajai grupai piedero\u0161o valsti.<\/p>\n<\/blockquote>\n","protected":false},"excerpt":{"rendered":"<p>\u010cehoslov\u0101kija ir valsts, kas past\u0101v\u0113ja no 1918. l\u012bdz 1993. gadam. T\u0101s valsts simbolika ir balst\u012bta uz viet\u0113j\u0101m le\u0123end\u0101m. M\u016bsdien\u0101s \u0161ai valstij piedero\u0161aj\u0101 teritorij\u0101 atrodas \u010cehija, kas k\u0101 valsts&#8230;<\/p>\n","protected":false},"author":1,"featured_media":5807,"comment_status":"open","ping_status":"open","sticky":false,"template":"","format":"standard","meta":{"footnotes":""},"categories":[3],"tags":[],"class_list":["post-5213","post","type-post","status-publish","format-standard","has-post-thumbnail","","category-eiropas-karogi"],"aioseo_notices":[],"_links":{"self":[{"href":"https:\/\/flags-world.com\/lv\/wp-json\/wp\/v2\/posts\/5213","targetHints":{"allow":["GET"]}}],"collection":[{"href":"https:\/\/flags-world.com\/lv\/wp-json\/wp\/v2\/posts"}],"about":[{"href":"https:\/\/flags-world.com\/lv\/wp-json\/wp\/v2\/types\/post"}],"author":[{"embeddable":true,"href":"https:\/\/flags-world.com\/lv\/wp-json\/wp\/v2\/users\/1"}],"replies":[{"embeddable":true,"href":"https:\/\/flags-world.com\/lv\/wp-json\/wp\/v2\/comments?post=5213"}],"version-history":[{"count":0,"href":"https:\/\/flags-world.com\/lv\/wp-json\/wp\/v2\/posts\/5213\/revisions"}],"wp:featuredmedia":[{"embeddable":true,"href":"https:\/\/flags-world.com\/lv\/wp-json\/wp\/v2\/media\/5807"}],"wp:attachment":[{"href":"https:\/\/flags-world.com\/lv\/wp-json\/wp\/v2\/media?parent=5213"}],"wp:term":[{"taxonomy":"category","embeddable":true,"href":"https:\/\/flags-world.com\/lv\/wp-json\/wp\/v2\/categories?post=5213"},{"taxonomy":"post_tag","embeddable":true,"href":"https:\/\/flags-world.com\/lv\/wp-json\/wp\/v2\/tags?post=5213"}],"curies":[{"name":"wp","href":"https:\/\/api.w.org\/{rel}","templated":true}]}}