{"id":5197,"date":"2021-08-15T09:27:37","date_gmt":"2021-08-15T06:27:37","guid":{"rendered":"https:\/\/flags-world.com\/lv\/2021\/08\/15\/apvienoto-nciju-organizcijas-karogs-attls-un-krsas\/"},"modified":"2021-08-15T09:27:37","modified_gmt":"2021-08-15T06:27:37","slug":"apvienoto-nciju-organizcijas-karogs-attls-un-krsas","status":"publish","type":"post","link":"https:\/\/flags-world.com\/lv\/apvienoto-nciju-organizcijas-karogs-attls-un-krsas\/","title":{"rendered":"Apvienoto N\u0101ciju Organiz\u0101cijas karogs: att\u0113ls un kr\u0101sas"},"content":{"rendered":"<p style=\"text-align: justify\">Apvienoto N\u0101ciju Organiz\u0101cijas karogs ir ofici\u0101lais simbols organiz\u0101cijai, kas izveidota Otr\u0101 pasaules kara laik\u0101, lai nodro\u0161in\u0101tu mieru un mierm\u012bl\u012bgu starpvalstu konfliktu risin\u0101\u0161anu. T\u0101tad bija ANO, kuras dibin\u0101t\u0101jas bija 50 valstis. Organiz\u0101cijas pamatprincipus un funkcijas nosaka harta. Ir ar\u012b ANO embl\u0113ma, un izlasi rakstu, uzzin\u0101si &#8211; k\u0101p\u0113c karogi pl\u012bvo pirms ANO \u0113kas.<\/p>\n<h2 style=\"text-align: justify\">Apvienoto N\u0101ciju Organiz\u0101cijas karogs: foto<\/h2>\n<p style=\"text-align: justify\">ANO karoga v\u0113sture s\u0101kas ar embl\u0113mas tap\u0161anas v\u0113sturi, kas gatavoj\u0101s konferencei Sanfrancisko. Organiz\u0101cijas \u0123ener\u0101lsekret\u0101rs izvirz\u012bja uzdevumu nodro\u0161in\u0101t, lai Asambleja apstiprin\u0101tu pied\u0101v\u0101to skici. Un \u0122ener\u0101l\u0101s asamblejas otraj\u0101 sesij\u0101 dal\u012bbniekiem tika prezent\u0113ts Memorands, kur organiz\u0101cijai ir nepiecie\u0161ams savs karogs, jo ANO tiks prezent\u0113ta da\u017e\u0101d\u0101s pasaules viet\u0101s un da\u017e\u0101d\u0101s instit\u016bcij\u0101s.<\/p>\n<p style=\"text-align: justify\"><span itemprop=\"image\" itemscope itemtype=\"https:\/\/schema.org\/ImageObject\"><img itemprop=\"url image\" loading=\"lazy\" decoding=\"async\" class=\"alignnone wp-image-5198\" src=\"\/wp-content\/uploads\/2021\/08\/flag-of-the-united-nations_1.jpg\" alt=\"ANO karogs\" width=\"482\" height=\"321\" \/><meta itemprop=\"width\" content=\"482\"><meta itemprop=\"height\" content=\"321\"><\/span><\/p>\n<blockquote>\n<p style=\"text-align: justify\">T\u0101 1947. gada 20. oktobr\u012b Asambleja pie\u0146\u0113ma rezol\u016bciju, kur\u0101 nor\u0101d\u012bts, ka ofici\u0101lais ANO karogs ir \u0122ener\u0101l\u0101s asamblejas apstiprin\u0101t\u0101 ofici\u0101l\u0101 embl\u0113ma, kas novietota uz zil\u0101s dr\u0101nas.<\/p>\n<\/blockquote>\n<h2 style=\"text-align: justify\">Cik valstis ir ANO<\/h2>\n<p style=\"text-align: justify\">L\u012bdz \u0161im ANO ir viena no daudzskaitl\u012bg\u0101kaj\u0101m organiz\u0101cij\u0101m pasaul\u0113, t\u0101s sast\u0101v\u0101 ir 193 valstis. No neatkar\u012bg\u0101m valst\u012bm, kuras ir atz\u012btas pasaul\u0113, organiz\u0101cij\u0101 nav iek\u013cauts Vatik\u0101ns. P\u0113d\u0113jo reizi ANO dal\u012bbvalstu skaits main\u012bj\u0101s 2011. gad\u0101, kad tika pie\u0146emta Dienvidsud\u0101na. P\u0113c tam dal\u012bbnieku saraksts netika papildin\u0101ts.<\/p>\n<p style=\"text-align: justify\">ANO Stat\u016btu 4. pants apstiprin\u0101ja pras\u012bbas valstij, kas pretend\u0113 uz dal\u012bbu organiz\u0101cij\u0101. Dokument\u0101 teikts, ka ANO dal\u012bbvalstij ir ties\u012bbas k\u013c\u016bt par mieru m\u012blo\u0161u valsti, kas uz\u0146emsies visas \u0161aj\u0101 hart\u0101 apstiprin\u0101t\u0101s saist\u012bbas, k\u0101 ar\u012b, p\u0113c pa\u0161as organiz\u0101cijas dom\u0101m, \u0161\u012bs saist\u012bbas var pild\u012bt.<\/p>\n<blockquote>\n<p style=\"text-align: justify\"><em>Svar\u012bgs! Valsts uz\u0146em\u0161anu ANO nosaka \u0122ener\u0101l\u0101s asamblejas dekr\u0113ts, pamatojoties uz Dro\u0161\u012bbas padomes ieteikumiem.<\/em><\/p>\n<\/blockquote>\n<p style=\"text-align: justify\">Saska\u0146\u0101 ar ANO Stat\u016btu 6. pantu valsti, kas regul\u0101ri p\u0101rk\u0101pj noteikumus, var izsl\u0113gt no organiz\u0101cijas. Atbilsto\u0161u l\u0113mumu pie\u0146em \u0122ener\u0101l\u0101 asambleja, pamatojoties uz Dro\u0161\u012bbas padomes ieteikumiem.<\/p>\n<blockquote>\n<p style=\"text-align: justify\">Visi 193 karogi pl\u012bvo pie ANO \u0113kas \u2013 tas apliecina visu valstu dal\u012bbas faktu organiz\u0101cijas darb\u012bb\u0101.<\/p>\n<\/blockquote>\n<h2 style=\"text-align: justify\">Kas ir att\u0113lots uz Apvienoto N\u0101ciju Organiz\u0101cijas karogiem?<\/h2>\n<p style=\"text-align: justify\">Ofici\u0101lais ANO simbols tika pie\u0146emts 1947. gada 20. august\u0101. Taj\u0101 att\u0113lota embl\u0113ma, kurai ir ar\u012b interesants st\u0101sts. Darbs pie t\u0101 izveides tika veikts Otr\u0101 pasaules kara beigu gad\u0101. S\u0101kotn\u0113ji embl\u0113mu bija pl\u0101nots izmantot tikai vien\u0101 konferenc\u0113, kas bija paredz\u0113ta 1945. gad\u0101 Sanfrancisko.<\/p>\n<blockquote>\n<p style=\"text-align: justify\"><em>Interesants fakts! Tie\u0161i \u0161\u012b konference es k\u013cuvu par z\u012bmi, jo uz t\u0101s tika apstiprin\u0101ta Organiz\u0101cijas harta.<\/em><\/p>\n<\/blockquote>\n<p style=\"text-align: justify\">Pie simbola izveides str\u0101d\u0101ja ASV Strat\u0113\u0123isko pakalpojumu departamenta speci\u0101listi. Tika apstiprin\u0101ts projekts, kas sast\u0101v no pasaules kartes vien\u0101da att\u0101luma pol\u0101r\u0101 azimuta projekcijas veid\u0101, k\u0101 ar\u012b diviem ol\u012bvu zariem. \u0160ie divi simboli visprec\u012bz\u0101k un piln\u012bg\u0101k simboliz\u0113 ANO izveides m\u0113r\u0137i un past\u0101v\u0113\u0161anu \u2013 miera uztur\u0113\u0161anu vis\u0101 pasaul\u0113. Embl\u0113mas izmanto\u0161ana ir iesp\u0113jama tikai ar organiz\u0101cijas \u0123ener\u0101lsekret\u0101ra at\u013cauju. 1946. gada decembr\u012b embl\u0113ma tika ofici\u0101li apstiprin\u0101ta. \u0160\u012b embl\u0113ma atrodas ANO karoga centr\u0101.<\/p>\n<h2 style=\"text-align: justify\">K\u0101das kr\u0101sas Apvienoto N\u0101ciju karogs<\/h2>\n<p style=\"text-align: justify\">K\u0101 galven\u0101 t\u012bmek\u013ca kr\u0101sa ir izv\u0113l\u0113ta zil\u0101 kr\u0101s\u0101, t\u0101pat k\u0101 kr\u0101sa, kas ir visstingr\u0101k saist\u012bta ar pasauli. Z\u012bm\u012bgi, ka stingri ierobe\u017eojumi ANO embl\u0113mas lieto\u0161anai neattiecas uz ofici\u0101lo organiz\u0101cijas karogu. To p\u0101rdod k\u0101 suven\u012brus, bet tikai p\u0113c \u0123ener\u0101lsekret\u0101ra rakstiskas at\u013caujas sa\u0146em\u0161anas.<\/p>\n<p style=\"text-align: justify\">Apvienoto N\u0101ciju Organiz\u0101cijas karogs kr\u0101sots zil\u0101 kr\u0101s\u0101, nevis nejau\u0161i. Autori m\u0113\u0123in\u0101ja atrast toni, kas piln\u012bb\u0101 atspogu\u013cotu organiz\u0101cijas j\u0113dzienu. T\u0101d\u0113j\u0101di tika nolemts, ka zil\u0101 kr\u0101sa ir pret\u0113ja milit\u0101rajai, sarkanajai. V\u0113l viens interesants fakts &#8211; prec\u012bzs zil\u0101s kr\u0101sas tonis nav apstiprin\u0101ts nevien\u0101 ofici\u0101laj\u0101 ANO dokument\u0101, bet s\u0101kotn\u0113ji tika izv\u0113l\u0113ts Pantone 279. Pirmaj\u0101 karoga variant\u0101, kas tika ierosin\u0101ts 1946. gad\u0101, bija diezgan dr\u016bms pel\u0113kzils tonis, vi\u0146i nol\u0113ma atteikties no zil\u0101.<\/p>\n<p style=\"text-align: justify\">Embl\u0113ma uz zili balta fona &#8211; k\u0101p\u0113c izv\u0113l\u0113ta tie\u0161i kr\u0101su kombin\u0101cija &#8211; nav zin\u0101ms. Ofici\u0101los avotos inform\u0101cijas netr\u016bkst. \u0160aj\u0101 numur\u0101 v\u0113sturnieki un zin\u0101tnieki veido min\u0113jumus un pied\u0101v\u0101 savus pie\u0146\u0113mumus. Visticam\u0101k balto vislab\u0101k kontrast\u0113 un kombin\u0113 ar zilo, uzsver pamatm\u0113r\u0137us un ANO uzdevumus, simboliz\u0113 pasauli un t\u012br\u012bbu. Daudzi cilv\u0113ki zilo un balto ziedu kombin\u0101cij\u0101 redz debesis bez m\u0101ko\u0146iem.<\/p>\n","protected":false},"excerpt":{"rendered":"<p>Apvienoto N\u0101ciju Organiz\u0101cijas karogs ir ofici\u0101lais simbols organiz\u0101cijai, kas izveidota Otr\u0101 pasaules kara laik\u0101, lai nodro\u0161in\u0101tu mieru un mierm\u012bl\u012bgu starpvalstu konfliktu risin\u0101\u0161anu. T\u0101tad bija ANO, kuras dibin\u0101t\u0101jas bija&#8230;<\/p>\n","protected":false},"author":1,"featured_media":5776,"comment_status":"open","ping_status":"open","sticky":false,"template":"","format":"standard","meta":{"footnotes":""},"categories":[9],"tags":[],"class_list":["post-5197","post","type-post","status-publish","format-standard","has-post-thumbnail","","category-starptautisko-organizciju-karogi"],"aioseo_notices":[],"_links":{"self":[{"href":"https:\/\/flags-world.com\/lv\/wp-json\/wp\/v2\/posts\/5197","targetHints":{"allow":["GET"]}}],"collection":[{"href":"https:\/\/flags-world.com\/lv\/wp-json\/wp\/v2\/posts"}],"about":[{"href":"https:\/\/flags-world.com\/lv\/wp-json\/wp\/v2\/types\/post"}],"author":[{"embeddable":true,"href":"https:\/\/flags-world.com\/lv\/wp-json\/wp\/v2\/users\/1"}],"replies":[{"embeddable":true,"href":"https:\/\/flags-world.com\/lv\/wp-json\/wp\/v2\/comments?post=5197"}],"version-history":[{"count":0,"href":"https:\/\/flags-world.com\/lv\/wp-json\/wp\/v2\/posts\/5197\/revisions"}],"wp:featuredmedia":[{"embeddable":true,"href":"https:\/\/flags-world.com\/lv\/wp-json\/wp\/v2\/media\/5776"}],"wp:attachment":[{"href":"https:\/\/flags-world.com\/lv\/wp-json\/wp\/v2\/media?parent=5197"}],"wp:term":[{"taxonomy":"category","embeddable":true,"href":"https:\/\/flags-world.com\/lv\/wp-json\/wp\/v2\/categories?post=5197"},{"taxonomy":"post_tag","embeddable":true,"href":"https:\/\/flags-world.com\/lv\/wp-json\/wp\/v2\/tags?post=5197"}],"curies":[{"name":"wp","href":"https:\/\/api.w.org\/{rel}","templated":true}]}}