{"id":5165,"date":"2021-08-14T09:31:05","date_gmt":"2021-08-14T06:31:05","guid":{"rendered":"https:\/\/flags-world.com\/lv\/2021\/08\/14\/horvtijas-karogs-nozme-un-krsas\/"},"modified":"2021-08-14T09:31:05","modified_gmt":"2021-08-14T06:31:05","slug":"horvtijas-karogs-nozme-un-krsas","status":"publish","type":"post","link":"https:\/\/flags-world.com\/lv\/horvtijas-karogs-nozme-un-krsas\/","title":{"rendered":"Horv\u0101tijas karogs: noz\u012bme un kr\u0101sas"},"content":{"rendered":"<p style=\"text-align: justify\">Horv\u0101tijas karogs &#8211; ofici\u0101lais valsts simbols, ko att\u0113lo taisnst\u016brveida audums. Atrib\u016btam tiek pielietotas tr\u012bs horizont\u0101las sv\u012btras no sarkanas un baltas l\u012bdz zilai. Vid\u016b dauz\u0101s Horv\u0101tijas \u0123erbonis. Platuma attiec\u012bba 1:2.<\/p>\n<h2 style=\"text-align: justify\">Horv\u0101tijas karogs: foto<\/h2>\n<p><span itemprop=\"image\" itemscope itemtype=\"https:\/\/schema.org\/ImageObject\"><img itemprop=\"url image\" loading=\"lazy\" decoding=\"async\" class=\"alignnone wp-image-5167\" src=\"\/wp-content\/uploads\/2021\/08\/flag-of-croatia_1.png\" width=\"500\" height=\"278\" alt=\"Horv\u0101tijas karogs\" \/><meta itemprop=\"width\" content=\"500\"><meta itemprop=\"height\" content=\"278\"><\/span><\/p>\n<p style=\"text-align: justify\">Kr\u0101su risin\u0101jum\u0101 apvienotas tradicion\u0101l\u0101s sl\u0101vu kr\u0101sas, kas ir pie\u0146emamas ar\u012b horv\u0101tiem. Vi\u0146i klai\u0146o milit\u0101raj\u0101s form\u0101s un tautas t\u0113rpos. \u0160o kr\u0101su nacion\u0101lais statuss tika legaliz\u0113ts 1848. gad\u0101 Josipa Elahi\u010da vad\u012bb\u0101.<\/p>\n<h2 style=\"text-align: justify\">Fa\u0161istisk\u0101s Horv\u0101tijas karogs<\/h2>\n<p style=\"text-align: justify\">Harta bija teroristu organiz\u0101cija, kuras pamat\u0101 bija horv\u0101tu nacion\u0101listiskais reli\u0123iskais rasisms, nacisma sabiedrotais, un t\u0101 tika dibin\u0101ta 1929.\u00a0gad\u0101 Ante Pavelich. Vi\u0146i izc\u0113l\u0101s ar teroristu vardarb\u012bbas izmanto\u0161anu ar \u0101rk\u0101rt\u0113ju ne\u017e\u0113l\u012bbu, lai sasniegtu savu galveno m\u0113r\u0137i &#8211; Horv\u0101tijas neatkar\u012bbu un Horv\u0101tijas valsts izveidi.<\/p>\n<p style=\"text-align: justify\">Otr\u0101 pasaules kara laik\u0101 un p\u0113c nacistu iebrukuma Dienvidsl\u0101vijas Karalist\u0113 autorit\u0101ra uzdevums vad\u012bja Neatkar\u012bgo Horv\u0101tijas valsti (NDH), marione\u0161u vald\u012bbu III Reihs.<\/p>\n<p style=\"text-align: justify\">Vi\u0146i uzskat\u012bja par savu m\u0113r\u0137i sasniegt un saglab\u0101t valsts neatkar\u012bbu, bija piln\u012bgs naids pret serbiem, kas veidoja aptuveni tre\u0161o da\u013cu no Horv\u0101tijas teritorijas. Kust\u012bba bija ar\u012b dzi\u013ci antikomunistiska un izc\u0113la valsts noz\u012bmi. T\u0101pat k\u0101 citas fa\u0161istu partijas, t\u0101s teor\u0113tiski iebilda pret kapit\u0101lismu un komunismu par tre\u0161o ce\u013cu ekonomikas jom\u0101.<\/p>\n<p><span itemprop=\"image\" itemscope itemtype=\"https:\/\/schema.org\/ImageObject\"><img itemprop=\"url image\" loading=\"lazy\" decoding=\"async\" class=\"alignnone wp-image-5166\" src=\"\/wp-content\/uploads\/2021\/08\/flag-of-croatia_2.png\" width=\"500\" height=\"227\" alt=\"Horv\u0101tijas karoga att\u0113li\" \/><meta itemprop=\"width\" content=\"500\"><meta itemprop=\"height\" content=\"227\"><\/span><\/p>\n<p style=\"text-align: justify\">Horv\u0101tijas Usta\u010das simbols bija lielais U burts ar dego\u0161u gran\u0101tu un Horv\u0101tijas vairogu. U simbola lieto\u0161ana ir izskaidrojama ar vieglu uzrakstu uz sien\u0101m propagandai.<\/p>\n<h2 style=\"text-align: justify\">K\u0101 izskat\u0101s Horv\u0101tijas karogs<\/h2>\n<p style=\"text-align: justify\">Ofici\u0101lais Horv\u0101tijas karogs sast\u0101v no trim horizont\u0101l\u0101m zil\u0101m, balt\u0101m un sarkan\u0101m sv\u012btr\u0101m, un t\u0101 centr\u0101 ir Horv\u0101tijas vairogs. Tas ir n\u0101cijas svar\u012bg\u0101kais simbols un ofici\u0101li pie\u0146emts 1990. gada 21. decembr\u012b p\u0113c neatkar\u012bbas ieg\u016b\u0161anas no biju\u0161\u0101s Dienvidsl\u0101vijas.<\/p>\n<p style=\"text-align: justify\">Karoga platums ir divas reizes liel\u0101ks par t\u0101 augstumu, un audekla aug\u0161pus\u0113 ir kronis ar pieciem simboliem, kas att\u0113lo da\u017e\u0101du valstu viduslaiku v\u0113sturiskos iero\u010dus, kas atspogu\u013co v\u0113lmi apvienot Horv\u0101tijas valstis. \u0160o politiku sludin\u0101ja Horv\u0101tijas nacion\u0101l\u0101 atjauno\u0161ana.<\/p>\n<blockquote>\n<p style=\"text-align: justify\">Pirms neatkar\u012bbas ieg\u016b\u0161anas t\u0101 d\u0113v\u0113t\u0101s Horv\u0101tijas Soci\u0101listisk\u0101s Republikas karogam bija t\u0101das pa\u0161as joslas, bet \u0123erbo\u0146a viet\u0101 bija piecstaru sarkana zvaigzne ar dzelten\u0101m mal\u0101m.<\/p>\n<\/blockquote>\n<h2 style=\"text-align: justify\">Noz\u012bm\u0113 Horv\u0101tijas karoga kr\u0101sas<\/h2>\n<p style=\"text-align: justify\">Karoga sv\u012btru kr\u0101sas ir pancaslavisma kr\u0101sas, kust\u012bbas par sl\u0101vu tautas savien\u012bbu XX gadsimta s\u0101kum\u0101.<\/p>\n<p style=\"text-align: justify\">Horv\u0101tijas karoga elementu noz\u012bme:<\/p>\n<ol style=\"text-align: justify\">\n<li>Zils simboliz\u0113 uztic\u012bbu Dievam;<\/li>\n<li>Balt\u0101 kr\u0101sa identific\u0113 pasauli;<\/li>\n<li>Sarkans &#8211; mocek\u013cu asinis, kas miru\u0161i par valsts neatkar\u012bbu.<\/li>\n<\/ol>\n<p style=\"text-align: justify\">Citi popul\u0101ri uzskati liecina, ka kr\u0101sas apz\u012bm\u0113 tr\u012bs valstis Horv\u0101tijas teritorij\u0101. \u0122erbonis, kas atrodas Horv\u0101tijas karoga centr\u0101, sast\u0101v no z\u012bm\u0113juma, kura apak\u0161da\u013cai ir sf\u0113riska forma, bet aug\u0161puse ir taisna. Iek\u0161pus\u0113 \u0161aha galdi\u0146\u0101, divdesmit pieci kvadr\u0101ti balt\u0101 un sarkan\u0101 kr\u0101s\u0101. No aug\u0161as vainaga form\u0101 ir pieci vairogi, kas att\u0113lo da\u017e\u0101dus horv\u0101tu iero\u010dus, kas veido n\u0101cijas st\u0101stu.<\/p>\n<p><span itemprop=\"image\" itemscope itemtype=\"https:\/\/schema.org\/ImageObject\"><img itemprop=\"url image\" loading=\"lazy\" decoding=\"async\" class=\"alignnone wp-image-5168\" src=\"\/wp-content\/uploads\/2021\/08\/flag-of-croatia_3.png\" alt=\"Horv\u0101tijas karogs\" width=\"494\" height=\"322\" \/><meta itemprop=\"width\" content=\"494\"><meta itemprop=\"height\" content=\"322\"><\/span><\/p>\n<p style=\"text-align: justify\">Koronas \u0161tatu veido v\u0113sturisks \u0123erbonis:<\/p>\n<ol style=\"text-align: justify\">\n<li>Vispirms pa kreisi &#8211; uz zila fona ir balts pusm\u0113ness, un virs vi\u0146a zelta se\u0161staru zvaigzne. \u0160is vairogs ir Zagrebas un biju\u0161\u0101s Centr\u0101l\u0101s Horv\u0101tijas att\u0113ls.<\/li>\n<li>Otr\u0101 tum\u0161i zila, ar div\u0101m horizont\u0101l\u0101m sarkan\u0101m sv\u012btr\u0101m, kas orient\u0113tas paral\u0113li viena otrai. Simboliz\u0113 seno Ragusas republiku.<\/li>\n<li>Uz tre\u0161\u0101 zil\u0101 fona gai\u0161\u0101ka nokr\u0101sa nek\u0101 iepriek\u0161\u0113jais. Iek\u0161pus\u0113 ir tr\u012bs zelta lauvas galvas. \u0160is vairogs ir Dalm\u0101cijas karalistes paraugs un att\u0113ls.<\/li>\n<li>Ceturtajai ir visintens\u012bv\u0101k\u0101 zil\u0101 nokr\u0101sa, bet iek\u0161pus\u0113 &#8211; zelta kaza ar sarkan\u0101 kr\u0101s\u0101 nokr\u0101sotiem ragiem. T\u0101 ir simboliska Istras z\u012bme.<\/li>\n<\/ol>\n<p>Piektajam, kas veido vainagu, ir gai\u0161i zils fons. Taj\u0101 att\u0113lota horizont\u0101la josla ar sudraba un sarkan\u0101m mal\u0101m iek\u0161pus\u0113, t\u0101s centr\u0101 ievilkta melna aukla ar sudraba v\u0113deru. Aug\u0161\u0101 st\u0101vo\u0161a se\u0161staru zelta zvaigzne. Ir Slavon iero\u010du p\u0101rst\u0101vis.<\/p>\n<blockquote>\n<p style=\"text-align: justify\">Sarkanbaltzils horizont\u0101lais tr\u012bskr\u0101sains tika pie\u0146emts 1848. gad\u0101. Komunistiskaj\u0101 re\u017e\u012bm\u0101 uz Horv\u0101tijas tr\u012bskr\u0101sas tika att\u0113lota sarkana zvaigzne.<\/p>\n<\/blockquote>\n","protected":false},"excerpt":{"rendered":"<p>Horv\u0101tijas karogs &#8211; ofici\u0101lais valsts simbols, ko att\u0113lo taisnst\u016brveida audums. Atrib\u016btam tiek pielietotas tr\u012bs horizont\u0101las sv\u012btras no sarkanas un baltas l\u012bdz zilai. Vid\u016b dauz\u0101s Horv\u0101tijas \u0123erbonis. Platuma attiec\u012bba&#8230;<\/p>\n","protected":false},"author":1,"featured_media":5840,"comment_status":"open","ping_status":"open","sticky":false,"template":"","format":"standard","meta":{"footnotes":""},"categories":[3],"tags":[],"class_list":["post-5165","post","type-post","status-publish","format-standard","has-post-thumbnail","","category-eiropas-karogi"],"aioseo_notices":[],"_links":{"self":[{"href":"https:\/\/flags-world.com\/lv\/wp-json\/wp\/v2\/posts\/5165","targetHints":{"allow":["GET"]}}],"collection":[{"href":"https:\/\/flags-world.com\/lv\/wp-json\/wp\/v2\/posts"}],"about":[{"href":"https:\/\/flags-world.com\/lv\/wp-json\/wp\/v2\/types\/post"}],"author":[{"embeddable":true,"href":"https:\/\/flags-world.com\/lv\/wp-json\/wp\/v2\/users\/1"}],"replies":[{"embeddable":true,"href":"https:\/\/flags-world.com\/lv\/wp-json\/wp\/v2\/comments?post=5165"}],"version-history":[{"count":0,"href":"https:\/\/flags-world.com\/lv\/wp-json\/wp\/v2\/posts\/5165\/revisions"}],"wp:featuredmedia":[{"embeddable":true,"href":"https:\/\/flags-world.com\/lv\/wp-json\/wp\/v2\/media\/5840"}],"wp:attachment":[{"href":"https:\/\/flags-world.com\/lv\/wp-json\/wp\/v2\/media?parent=5165"}],"wp:term":[{"taxonomy":"category","embeddable":true,"href":"https:\/\/flags-world.com\/lv\/wp-json\/wp\/v2\/categories?post=5165"},{"taxonomy":"post_tag","embeddable":true,"href":"https:\/\/flags-world.com\/lv\/wp-json\/wp\/v2\/tags?post=5165"}],"curies":[{"name":"wp","href":"https:\/\/api.w.org\/{rel}","templated":true}]}}