{"id":5160,"date":"2021-08-14T09:19:46","date_gmt":"2021-08-14T06:19:46","guid":{"rendered":"https:\/\/flags-world.com\/lv\/2021\/08\/14\/turkmenistnas-karogs-nozme-un-tls\/"},"modified":"2021-08-14T09:19:46","modified_gmt":"2021-08-14T06:19:46","slug":"turkmenistnas-karogs-nozme-un-tls","status":"publish","type":"post","link":"https:\/\/flags-world.com\/lv\/turkmenistnas-karogs-nozme-un-tls\/","title":{"rendered":"Turkmenist\u0101nas karogs: noz\u012bme un t\u0113ls"},"content":{"rendered":"<p style=\"text-align: justify\">Turkmenist\u0101nas karogs tiek uzskat\u012bts par vienu no vissare\u017e\u0123\u012bt\u0101kajiem karogiem. Pamatne sast\u0101v no tum\u0161i za\u013cas sv\u012btras ar piec\u0101m balt\u0101m piecstaru zvaigzn\u0113m un baltu pusm\u0113ness simbolu aug\u0161\u0113j\u0101 vidusda\u013c\u0101. Rekl\u0101mkaroga kreisaj\u0101 pus\u0113 ir vertik\u0101la josla ar rakstiem, kas tiek izmantoti pakl\u0101ju ra\u017eo\u0161an\u0101.<\/p>\n<p><span itemprop=\"image\" itemscope itemtype=\"https:\/\/schema.org\/ImageObject\"><img itemprop=\"url image\" loading=\"lazy\" decoding=\"async\" class=\"alignnone wp-image-5161\" src=\"\/wp-content\/uploads\/2021\/08\/flag-of-turkmenistan_1.png\" alt=\"Turkmenist\u0101nas karogs\" width=\"400\" height=\"302\" \/><meta itemprop=\"width\" content=\"400\"><meta itemprop=\"height\" content=\"302\"><\/span><\/p>\n<p style=\"text-align: justify\">Turkmenist\u0101na ir slavens pakl\u0101ju ra\u017eot\u0101js, un t\u0101p\u0113c tiek izmantota \u0161\u012b veidne. Sakrustotos ol\u012bvu zarus novieto zem raksta, kas noz\u012bm\u0113 pasauli. Pieci raksti un piecas zvaigznes apz\u012bm\u0113 5 lielas turkm\u0113\u0146u ciltis un 5 valsts provinces. Taj\u0101 pa\u0161\u0101 laik\u0101 zvaigznes kop\u0101 ar pusm\u0113ness un za\u013co ir tradicion\u0101li isl\u0101ma simboli.<\/p>\n<blockquote>\n<p style=\"text-align: justify\">Darb\u012bbas atrib\u016bta versija pie\u0146emta 2001.gada 25.janv\u0101r\u012b. Valsts rekl\u0101mkarogs ir paredz\u0113ts civilai, k\u0101 ar\u012b institucion\u0101lai lieto\u0161anai, nevis milit\u0101ram. Vald\u012bbas v\u0101rd\u0101 var ievietot civilaj\u0101s ties\u0101s.<\/p>\n<\/blockquote>\n<h2 style=\"text-align: justify\">Turkmenist\u0101nas karogs: foto<\/h2>\n<p style=\"text-align: justify\">Kr\u0101sainajam Turkmenist\u0101nas karogam ir daudz v\u0113rt\u012bbu, kas nodro\u0161ina saikni ar noz\u012bm\u012bg\u0101m kult\u016bras, reli\u0123ijas un citu valst\u012b izmantoto ideolo\u0123iju da\u013c\u0101m.<\/p>\n<p><span itemprop=\"image\" itemscope itemtype=\"https:\/\/schema.org\/ImageObject\"><img itemprop=\"url image\" loading=\"lazy\" decoding=\"async\" class=\"alignnone wp-image-5163\" src=\"\/wp-content\/uploads\/2021\/08\/flag-of-turkmenistan_2.png\" alt=\"Turkmenist\u0101nas karogs\" width=\"492\" height=\"325\" \/><meta itemprop=\"width\" content=\"492\"><meta itemprop=\"height\" content=\"325\"><\/span><\/p>\n<p style=\"text-align: justify\">Sarkana un za\u013ca &#8211; t\u0101s ir tradicion\u0101l\u0101s kr\u0101sas turku kult\u016br\u0101, kas ir sastopamas visur:<\/p>\n<ul style=\"text-align: justify\">\n<li>Za\u013c\u0101 ir isl\u0101ma reli\u0123ija, t\u0101p\u0113c t\u0101 aiz\u0146em liel\u0101ko da\u013cu teritorijas.<\/li>\n<li>M\u0113ness &#8211; cer\u012bba uz gai\u0161u n\u0101kotni.<\/li>\n<li>Piecas zvaigznes &#8211; katras valsts provinces.<\/li>\n<\/ul>\n<blockquote>\n<p style=\"text-align: justify\">Turkmenist\u0101n\u0101 ir piecas daudzb\u0113rnu \u0123imenes, un katrs no 5 grupas gobel\u0113niem ir iemiesots taj\u0101. Atrib\u016bti izstr\u0101d\u0101ti, piln\u012bb\u0101 iev\u0113rojot eso\u0161\u0101s trad\u012bcijas un \u0146emot v\u0113r\u0101 politisk\u0101s iez\u012bmes.<\/p>\n<\/blockquote>\n<h2 style=\"text-align: justify\">Turkmenist\u0101nas PSR karogs<\/h2>\n<p style=\"text-align: justify\">Turkmenist\u0101nas Padomju Soci\u0101listisk\u0101s Republikas karogs ir att\u0113lots taisnst\u016brveida sarkana auduma form\u0101 ar div\u0101m debess josl\u0101m centr\u0101, nedaudz atdal\u012btas (ab\u0101s att\u0113lotas Amudarjas un SYR Darjas upes), ar zelta \u0101muru, sirpi un zvaigzni ar zelta malas kantona aug\u0161pus\u0113. Turkmenist\u0101nas PSR vi\u0146u adopt\u0113ja 1953. gada 1. august\u0101. \u0160\u012b ir PSRS valsts karoga modifik\u0101cija.<\/p>\n<p><span itemprop=\"image\" itemscope itemtype=\"https:\/\/schema.org\/ImageObject\"><img itemprop=\"url image\" loading=\"lazy\" decoding=\"async\" class=\"alignnone wp-image-5162\" src=\"\/wp-content\/uploads\/2021\/08\/flag-of-turkmenistan_3.png\" alt=\"Turkmenist\u0101nas PSR karogs\" width=\"496\" height=\"326\" \/><meta itemprop=\"width\" content=\"496\"><meta itemprop=\"height\" content=\"326\"><\/span><\/p>\n<h2 style=\"text-align: justify\">Turkmenist\u0101nas Konstit\u016bcijas un valsts karoga diena<\/h2>\n<p style=\"text-align: justify\">Turkmenist\u0101na atrodas Vidus\u0101zij\u0101. Zieme\u013crietumos valsts robe\u017eojas ar Kazahst\u0101nu, zieme\u013cos un zieme\u013caustrumos ar Uzbekist\u0101nu, dienvidrietumos ar Ir\u0101nu, dienvidaustrumos ar Afganist\u0101nu un rietumos ar Kaspijas j\u016bru, lai gan t\u0101 tiek uzskat\u012bta par valsts, kurai nav pieejas j\u016brai.<\/p>\n<blockquote>\n<p style=\"text-align: justify\">Karakuma tuksnesis aiz\u0146em liel\u0101ko valsts da\u013cu, kura galvenie upes kan\u0101li ir Amudarja un Murgaba. Vi\u0146a galvaspils\u0113ta un visbl\u012bv\u0101k apdz\u012bvot\u0101 pils\u0113ta A\u0161habada.<\/p>\n<\/blockquote>\n<p style=\"text-align: justify\">Satversmes un Valsts gaisa balona diena kop\u0161 2018. gada tiek atz\u012bm\u0113ta 18. maij\u0101. Iepriek\u0161 Turkmenist\u0101nas sv\u0113tku diena tika svin\u0113ta da\u017e\u0101dos datumos, kas tika apvienoti 2017.\u00a0gada oktobr\u012b. \u0160obr\u012bd sv\u0113tki ir ieguvu\u0161i liel\u0101ku m\u0113rogu.<\/p>\n<p style=\"text-align: justify\">Satversme tika apstiprin\u0101ta 1992. gad\u0101 18. maij\u0101. \u0160aj\u0101 dien\u0101 svin\u012bg\u0101 ceremonij\u0101 notiek Konstit\u016bcijas pieminek\u013ca nolik\u0161ana, kas atrodas A\u0161habad\u0101. P\u0113c kr\u0101su nolik\u0161anas visi dodas uz galveno laukumu, lai apmekl\u0113tu Valsts karoga starus. Valsts karoga sv\u0113tki tiek svin\u0113ti svin\u012bgi, un \u0161\u012b diena tiek pasludin\u0101ta par br\u012bvdienu.<\/p>\n<p style=\"text-align: justify\">\u013boti interesants fakts: valsts simbols, kas celts par godu valsts prezidenta dzim\u0161anas dienai, ir iek\u013cauts Ginesa rekordu gr\u0101mat\u0101 augst\u0101k\u0101 karoga k\u0101ta un milz\u012bga auduma d\u0113\u013c. Koka augstums ir 133 metri, bet karoga karogs ir 52 metri, platums 35 metri.<\/p>\n","protected":false},"excerpt":{"rendered":"<p>Turkmenist\u0101nas karogs tiek uzskat\u012bts par vienu no vissare\u017e\u0123\u012bt\u0101kajiem karogiem. Pamatne sast\u0101v no tum\u0161i za\u013cas sv\u012btras ar piec\u0101m balt\u0101m piecstaru zvaigzn\u0113m un baltu pusm\u0113ness simbolu aug\u0161\u0113j\u0101 vidusda\u013c\u0101. Rekl\u0101mkaroga kreisaj\u0101&#8230;<\/p>\n","protected":false},"author":1,"featured_media":5963,"comment_status":"open","ping_status":"open","sticky":false,"template":"","format":"standard","meta":{"footnotes":""},"categories":[2],"tags":[],"class_list":["post-5160","post","type-post","status-publish","format-standard","has-post-thumbnail","","category-zijas-karogi"],"aioseo_notices":[],"_links":{"self":[{"href":"https:\/\/flags-world.com\/lv\/wp-json\/wp\/v2\/posts\/5160","targetHints":{"allow":["GET"]}}],"collection":[{"href":"https:\/\/flags-world.com\/lv\/wp-json\/wp\/v2\/posts"}],"about":[{"href":"https:\/\/flags-world.com\/lv\/wp-json\/wp\/v2\/types\/post"}],"author":[{"embeddable":true,"href":"https:\/\/flags-world.com\/lv\/wp-json\/wp\/v2\/users\/1"}],"replies":[{"embeddable":true,"href":"https:\/\/flags-world.com\/lv\/wp-json\/wp\/v2\/comments?post=5160"}],"version-history":[{"count":0,"href":"https:\/\/flags-world.com\/lv\/wp-json\/wp\/v2\/posts\/5160\/revisions"}],"wp:featuredmedia":[{"embeddable":true,"href":"https:\/\/flags-world.com\/lv\/wp-json\/wp\/v2\/media\/5963"}],"wp:attachment":[{"href":"https:\/\/flags-world.com\/lv\/wp-json\/wp\/v2\/media?parent=5160"}],"wp:term":[{"taxonomy":"category","embeddable":true,"href":"https:\/\/flags-world.com\/lv\/wp-json\/wp\/v2\/categories?post=5160"},{"taxonomy":"post_tag","embeddable":true,"href":"https:\/\/flags-world.com\/lv\/wp-json\/wp\/v2\/tags?post=5160"}],"curies":[{"name":"wp","href":"https:\/\/api.w.org\/{rel}","templated":true}]}}