{"id":5149,"date":"2021-08-14T08:51:23","date_gmt":"2021-08-14T05:51:23","guid":{"rendered":"https:\/\/flags-world.com\/lv\/2021\/08\/14\/dienvidslvijas-karogs-nozme\/"},"modified":"2021-08-14T08:51:23","modified_gmt":"2021-08-14T05:51:23","slug":"dienvidslvijas-karogs-nozme","status":"publish","type":"post","link":"https:\/\/flags-world.com\/lv\/dienvidslvijas-karogs-nozme\/","title":{"rendered":"Dienvidsl\u0101vijas karogs: noz\u012bme"},"content":{"rendered":"<p style=\"text-align: justify\">Dienvidsl\u0101vijas karogs &#8211; ofici\u0101lais valsts simbols 1918-1992. Simboli un dizaini tika aizg\u016bti no pancaslavistu kust\u012bbas. T\u0101 rezult\u0101t\u0101 izveidoj\u0101s dienvidsl\u0101vu valsts un tika apvienoti dienvidsl\u0101vi.<\/p>\n<p><span itemprop=\"image\" itemscope itemtype=\"https:\/\/schema.org\/ImageObject\"><img itemprop=\"url image\" loading=\"lazy\" decoding=\"async\" class=\"alignnone wp-image-5150\" src=\"\/wp-content\/uploads\/2021\/08\/flag-of-yugoslavia_1.png\" alt=\"Dienvidsl\u0101vijas karogs\" width=\"498\" height=\"307\" \/><meta itemprop=\"width\" content=\"498\"><meta itemprop=\"height\" content=\"307\"><\/span><\/p>\n<p style=\"text-align: justify\">Pie atrib\u016btiem att\u0113lotas tr\u012bs sarkanas, baltas un zilas sv\u012btras. Tricolor pirmo reizi izmantoja Dienvidsl\u0101vijas karalisti (1918-1943). Sarkan\u0101s zvaigznes pievieno\u0161ana personific\u0113 partiz\u0101nu uzvaru 2. pasaules kar\u0101. \u0160\u012b rekl\u0101mkaroga versija tika izmantota l\u012bdz 90.\u00a0gadiem.<\/p>\n<p style=\"text-align: justify\">Rekl\u0101mkarogs \u0161\u0137\u0113rsoja visu ce\u013cu, kur\u0101 ir sastapu\u0161ies daudzi \u0161\u0137\u0113r\u0161\u013ci. Kardin\u0101las izmai\u0146as nesk\u0101ra simbolus. Vien\u012bg\u0101s korekcijas tika veiktas, pievienojot zvaigzni un t\u0101s ier\u0101m\u0113jumu.<\/p>\n<h2 style=\"text-align: justify\">Dienvidsl\u0101vijas karogs: foto<\/h2>\n<p style=\"text-align: justify\">Izm\u0113ri ir iestat\u012bti attiec\u012bb\u0101 1:2. Sloksn\u0113m ir vien\u0101ds platums. Centr\u0101 ir sarkana zvaigzne, kurai ir zelta kaym. 1974. un 1963. gad\u0101, kad tika veiktas izmai\u0146as Satversm\u0113, atrib\u016btu dizains palika nemain\u012bgs. Da\u017ei avoti apgalvoja, ka zvaigzne ir novietota apl\u012b, kura diametrs ir 2\/3 no pane\u013ca platuma. Dzelten\u0101 loka izm\u0113rs ir noteikts un nav legaliz\u0113ts.<\/p>\n<p><span itemprop=\"image\" itemscope itemtype=\"https:\/\/schema.org\/ImageObject\"><img itemprop=\"url image\" loading=\"lazy\" decoding=\"async\" class=\"alignnone wp-image-5152\" src=\"\/wp-content\/uploads\/2021\/08\/flag-of-yugoslavia_2.png\" alt=\"Dienvidsl\u0101vijas karogs Foto\" width=\"499\" height=\"294\" \/><meta itemprop=\"width\" content=\"499\"><meta itemprop=\"height\" content=\"294\"><\/span><\/p>\n<p style=\"text-align: justify\">Valsts simbolu dizains:<\/p>\n<ul style=\"text-align: justify\">\n<li>Aug\u0161\u0113jais &#8211; zils;<\/li>\n<li>Centrs &#8211; balts;<\/li>\n<li>Apak\u0161\u0113j\u0101 &#8211; sarkana.<\/li>\n<\/ul>\n<p style=\"text-align: justify\">Tika \u0146emts Panslavjas rekl\u0101mkaroga (1848) pamats, kas tika pie\u0146emts Pr\u0101g\u0101 Panzlavanas kongresa laik\u0101. P\u0113c Pirm\u0101 pasaules kara beig\u0101m (1918) dienvidsl\u0101vi izveidoja vienotu Serbijas karalistes valsti, slov\u0113\u0146us un horv\u0101tus. V\u0113l\u0101k vi\u0146\u0161 s\u0101ka saukt par Dienvidsl\u0101viju.<\/p>\n<p style=\"text-align: justify\">Dienvidu valstu vienot\u012bbas simbolikai priek\u0161roka tika dota Panzlavan dizainam. Atrib\u016btam ir skats parastaj\u0101 tr\u012bskr\u0101su horizont\u0101laj\u0101 virzien\u0101. 1945. gad\u0101, kad tika likvid\u0113ta monarhija. Jaun\u0101 komunistisk\u0101 vald\u012bba ir saglab\u0101jusi dizainu &#8211; vien\u012bgais, tika pievienota sarkana zvaigzne un dzeltens kaym. \u0160\u012b iesp\u0113ja tika izmantota l\u012bdz 1992. gadam.<\/p>\n<h2 style=\"text-align: justify\">Dienvidsl\u0101vijas karogi 1936. gad\u0101<\/h2>\n<p style=\"text-align: justify\">Dienvidsl\u0101vijas Soci\u0101listisk\u0101s Federat\u012bv\u0101s Republikas karogs tika l\u016bgts 1963. gad\u0101. Vien\u012bgais jaunin\u0101jums k\u013cuva par slaveno sarkano zvaigzni ar zelta \u0137\u0113di iek\u0161pus\u0113. Palieciet bez izmai\u0146\u0101m, t. Uz. Vi\u0146a simbolika piln\u012bb\u0101 atbilda izmai\u0146\u0101m.<\/p>\n<h2 style=\"text-align: justify\">Dienvidsl\u0101vijas karogs 1939<\/h2>\n<p style=\"text-align: justify\">L\u012bdz 1939. gadam tr\u012bskr\u0101sains tika izmantots k\u0101 civil\u0101 simbolika. \u0160aj\u0101 period\u0101 Horv\u0101tijas politi\u0137i iesaist\u012bj\u0101s autonom\u0101 re\u0123iona izveid\u0113. Pie atrib\u016bta piedal\u012bj\u0101s horv\u0101tu Shaulization, no kuras bija skats uz vairogu ar sarkanbaltu \u0161\u016bnu.<\/p>\n<p><span itemprop=\"image\" itemscope itemtype=\"https:\/\/schema.org\/ImageObject\"><img itemprop=\"url image\" loading=\"lazy\" decoding=\"async\" class=\"alignnone wp-image-5151\" src=\"\/wp-content\/uploads\/2021\/08\/flag-of-yugoslavia_3.png\" width=\"500\" height=\"272\" alt=\"Dienvidsl\u0101vijas karogs 1939\" \/><meta itemprop=\"width\" content=\"500\"><meta itemprop=\"height\" content=\"272\"><\/span><\/p>\n<h2 style=\"text-align: justify\">Dienvidsl\u0101vijas karogs 1941-1945<\/h2>\n<p style=\"text-align: justify\">Dienvidsl\u0101vijas Republikas savien\u012bbas karogs kara gados ir pak\u013cauts \u012bpa\u0161\u0101m izmai\u0146\u0101m. 1941. gad\u0101, 2. Pasaules laik\u0101, valsts tika sagr\u0101bta un okup\u0113ta. Viet\u0113jai vald\u012bbai bija j\u0101b\u0113g uz Londonu. P\u0113c tam izveidoj\u0101s pretest\u012bba (partiz\u0101ni). Vi\u0146i izmantoja da\u017e\u0101das karogu vari\u0101cijas, l\u012bdz k\u0101ds no form\u0101tiem tika pie\u0146emts visur.<\/p>\n<blockquote>\n<p style=\"text-align: justify\">1943. gad\u0101 tika pasludin\u0101ts par DF. Bet vecais karogs sak\u0146ojas un palika nemain\u012bgs. Valsts teritorij\u0101 galvenok\u0101rt izmantoja iesp\u0113ju ar sarkanu zvaigzni.<\/p>\n<\/blockquote>\n<h2 style=\"text-align: justify\">Dienvidsl\u0101vijas karogs 1999<\/h2>\n<p style=\"text-align: justify\">\u0160\u012b gada MAE s\u0101ka bombard\u0113\u0161anu. Valsts atrib\u016bti main\u012bta nebija.\u00a0 Milit\u0101r\u0101s darb\u012bbas tika veiktas ar sak\u0146otu z\u012bmogu, kas k\u013cuva iem\u016b\u017ein\u0101ts v\u0113stur\u0113.<\/p>\n<p style=\"text-align: justify\">90. gados bija nemiernieku pav\u0113rsiens, p\u0113c tam notika valstu atdal\u012b\u0161an\u0101s, bet tika main\u012btas varas robe\u017eas. Savien\u012bbas Republika tika izveidota 1992. \u0160aj\u0101 period\u0101 izmai\u0146as ir main\u012btas &#8211; tika atgriezta s\u0101kotn\u0113j\u0101 suga. No \u0161\u012b br\u012b\u017ea Sarkan\u0101 zvaigzne par\u0101d\u012bj\u0101s centr\u0101 un.<\/p>\n<h2 style=\"text-align: justify\">Komunistisk\u0101s Dienvidsl\u0101vijas karogs<\/h2>\n<p style=\"text-align: justify\">Biju\u0161\u0101s komunistisk\u0101s valsts karogu att\u0113loja audums ar tr\u012bs kr\u0101s\u0101m (zilu, baltu un sarkanu). Katram no tiem ir noteikta noz\u012bme: dzimtenes m\u012blest\u012bba, t\u012br\u012bba un m\u016b\u017e\u012bba.<\/p>\n","protected":false},"excerpt":{"rendered":"<p>Dienvidsl\u0101vijas karogs &#8211; ofici\u0101lais valsts simbols 1918-1992. Simboli un dizaini tika aizg\u016bti no pancaslavistu kust\u012bbas. T\u0101 rezult\u0101t\u0101 izveidoj\u0101s dienvidsl\u0101vu valsts un tika apvienoti dienvidsl\u0101vi. Pie atrib\u016btiem att\u0113lotas tr\u012bs&#8230;<\/p>\n","protected":false},"author":1,"featured_media":5812,"comment_status":"open","ping_status":"open","sticky":false,"template":"","format":"standard","meta":{"footnotes":""},"categories":[3],"tags":[],"class_list":["post-5149","post","type-post","status-publish","format-standard","has-post-thumbnail","","category-eiropas-karogi"],"aioseo_notices":[],"_links":{"self":[{"href":"https:\/\/flags-world.com\/lv\/wp-json\/wp\/v2\/posts\/5149","targetHints":{"allow":["GET"]}}],"collection":[{"href":"https:\/\/flags-world.com\/lv\/wp-json\/wp\/v2\/posts"}],"about":[{"href":"https:\/\/flags-world.com\/lv\/wp-json\/wp\/v2\/types\/post"}],"author":[{"embeddable":true,"href":"https:\/\/flags-world.com\/lv\/wp-json\/wp\/v2\/users\/1"}],"replies":[{"embeddable":true,"href":"https:\/\/flags-world.com\/lv\/wp-json\/wp\/v2\/comments?post=5149"}],"version-history":[{"count":0,"href":"https:\/\/flags-world.com\/lv\/wp-json\/wp\/v2\/posts\/5149\/revisions"}],"wp:featuredmedia":[{"embeddable":true,"href":"https:\/\/flags-world.com\/lv\/wp-json\/wp\/v2\/media\/5812"}],"wp:attachment":[{"href":"https:\/\/flags-world.com\/lv\/wp-json\/wp\/v2\/media?parent=5149"}],"wp:term":[{"taxonomy":"category","embeddable":true,"href":"https:\/\/flags-world.com\/lv\/wp-json\/wp\/v2\/categories?post=5149"},{"taxonomy":"post_tag","embeddable":true,"href":"https:\/\/flags-world.com\/lv\/wp-json\/wp\/v2\/tags?post=5149"}],"curies":[{"name":"wp","href":"https:\/\/api.w.org\/{rel}","templated":true}]}}