{"id":5138,"date":"2021-08-14T08:29:52","date_gmt":"2021-08-14T05:29:52","guid":{"rendered":"https:\/\/flags-world.com\/lv\/2021\/08\/14\/tre-reiha-karogs\/"},"modified":"2021-08-14T08:29:52","modified_gmt":"2021-08-14T05:29:52","slug":"tre-reiha-karogs","status":"publish","type":"post","link":"https:\/\/flags-world.com\/lv\/tre-reiha-karogs\/","title":{"rendered":"Tre\u0161\u0101 Reiha karogs"},"content":{"rendered":"<p style=\"text-align: justify\">Karogs, ko izmantoja III Reach, bija ofici\u0101lais nacistisk\u0101s V\u0101cijas simbols. Vi\u0146a valsts rekl\u0101mkarogs tika pazi\u0146ots 1935. gad\u0101, un vi\u0146\u0161 past\u0101v\u0113ja l\u012bdz 1945. gadam. Tre\u0161\u0101 Reiha karogs atbilda V\u0101cijas NSDAP simbolikai. Svastikas izgudrojums melna pagriezta krusta form\u0101 nepieder v\u0101cie\u0161iem. Tas vair\u0101k saist\u012bts ar hinduismu un nep\u0101lie\u0161iem.<\/p>\n<p><span itemprop=\"image\" itemscope itemtype=\"https:\/\/schema.org\/ImageObject\"><img itemprop=\"url image\" loading=\"lazy\" decoding=\"async\" class=\"alignnone wp-image-5141\" src=\"\/wp-content\/uploads\/2021\/08\/flag-of-the-third-reich_1.png\" alt=\"Tre\u0161\u0101 Reiha karogs\" width=\"388\" height=\"333\" \/><meta itemprop=\"width\" content=\"388\"><meta itemprop=\"height\" content=\"333\"><\/span><\/p>\n<p style=\"text-align: justify\">V\u0101cija ir liel\u0101kais iedz\u012bvot\u0101ju skaits starp Eiropas Savien\u012bbas dal\u012bbvalst\u012bm, un taj\u0101 dz\u012bvo tre\u0161\u0101 liel\u0101k\u0101 starptautisko emigrantu grupa. P\u0113c ASV V\u0101cija ir otr\u0101 popul\u0101r\u0101k\u0101 migr\u0101cijas vieta pasaul\u0113. V\u0101cija ir paz\u012bstama ar\u012b k\u0101 III Reihs, t\u0101d\u0113j\u0101di at\u0161\u0137irot no Sv\u0113t\u0101s V\u0101cijas Romas imp\u0113rijas (Pirmais Reihs) un \u0136eizarisk\u0101s V\u0101cijas, kuru p\u0101rvalda Hohenzollerna (Otrais Reihs).<\/p>\n<h2 style=\"text-align: justify\">Ko noz\u012bm\u0113 Tre\u0161\u0101 Reiha karogs<\/h2>\n<p style=\"text-align: justify\">T\u0101 ir Tautas Gara personifik\u0101cija. Trad\u012bcijas un domas iedz\u012bvot\u0101ju valst\u012b vi\u0146\u0161 pieder t\u0101s audumu. Daudzi valsts standarti bija ne tikai valsts simboli, bet ar\u012b pild\u012bja tic\u012bbas funkcijas.<\/p>\n<p><span itemprop=\"image\" itemscope itemtype=\"https:\/\/schema.org\/ImageObject\"><img itemprop=\"url image\" loading=\"lazy\" decoding=\"async\" class=\"alignnone wp-image-5139\" src=\"\/wp-content\/uploads\/2021\/08\/flag-of-the-third-reich_2.png\" alt=\"Tre\u0161\u0101 Reiha karoga fotoatt\u0113ls\" width=\"493\" height=\"284\" \/><meta itemprop=\"width\" content=\"493\"><meta itemprop=\"height\" content=\"284\"><\/span><\/p>\n<p style=\"text-align: justify\">3 Reiha karoga kr\u0101su noz\u012bme:<\/p>\n<ol style=\"text-align: justify\">\n<li>Sarkans &#8211; tas ir uguns un asinis. Fa\u0161istiskaj\u0101 V\u0101cij\u0101 asi\u0146u t\u0113mai bija nicino\u0161s virziens. Iedom\u0101j\u0101s izveidot jaunu t\u012bru n\u0101ciju.<\/li>\n<li>Balt\u0101 kr\u0101sa ir saist\u012bta ar sv\u0113tumu, t\u012br\u012bbu, tuvumu un gaismu. Simboli rekl\u0101mkaroga centr\u0101 noz\u012bm\u0113ja pieder\u012bbu monarhijai. Fig\u016brai ap\u013ca form\u0101 ir mistiska noz\u012bme, kas nor\u0101da uz pieder\u012bbu velt\u012bjuma lokam.<\/li>\n<li>Lab\u0101s puses meln\u0101 svastika tiek skaidrota k\u0101 rado\u0161a s\u0101kuma simbols.<\/li>\n<\/ol>\n<p style=\"text-align: justify\">Koncepciju izstr\u0101d\u0101ja pats Hitlers, un vi\u0146\u0161 bija p\u0101rliecin\u0101ts par rekl\u0101mkaroga ma\u0123isko sp\u0113ku. Ikviens zina, ka sadal\u012bjums, kas ir zaud\u0113jis savu simboliku, p\u0101rst\u0101j past\u0101v\u0113t. T\u0101p\u0113c valsts karogs tiek nov\u0113rt\u0113ts un tam ir \u012bpa\u0161a noz\u012bme. Uz auduma ir nor\u0101d\u012bti rakstz\u012bmes, kas \u012bsi inform\u0113 par valsts tipu un atkl\u0101j tautas trad\u012bcijas.\u00a0 V\u0101cu atrib\u016bti valk\u0101ja p\u0101rvar\u0113\u0161anas funkciju.<\/p>\n<h2 style=\"text-align: justify\">Bez svastikas<\/h2>\n<p style=\"text-align: justify\">J\u016bs varat satikt ar\u012b simbolus bez svastikas. Tam ir ofici\u0101lais nosaukums NSDAP. M\u0113s run\u0101jam par Hitlera V\u0101cijas valsts atrib\u016btiem.<\/p>\n<p><span itemprop=\"image\" itemscope itemtype=\"https:\/\/schema.org\/ImageObject\"><img itemprop=\"url image\" loading=\"lazy\" decoding=\"async\" class=\"alignnone wp-image-5140\" src=\"\/wp-content\/uploads\/2021\/08\/flag-of-the-third-reich_3.png\" width=\"500\" height=\"288\" alt=\"Tre\u0161\u0101 Reiha karogs, kas noz\u012bm\u0113\" \/><meta itemprop=\"width\" content=\"500\"><meta itemprop=\"height\" content=\"288\"><\/span><\/p>\n<p style=\"text-align: justify\">1923. gad\u0101 tika pie\u0146emts dekr\u0113ts, ka vienlaikus j\u0101izmanto divas valsts simbolu versijas. Vald\u012bba uzskat\u012bja, ka \u0161is atrib\u016bts pal\u012bdz saist\u012bt pag\u0101tni un tautas atdzim\u0161anas laiku. T\u0101d\u0113j\u0101di v\u0101cu tautas varas un iek\u0161\u0113jo sakaru noz\u012bme.<\/p>\n<h2 style=\"text-align: justify\">Tre\u0161\u0101 Reiha milit\u0101rais karogs<\/h2>\n<p style=\"text-align: justify\">Uz audekla att\u0113loto svastiku iepriek\u0161 izmantoja da\u017e\u0101das V\u0101cijas labro\u010du grupas. Bet nacisti \u0161o ideju vienk\u0101r\u0161i nozaga.<\/p>\n<p style=\"text-align: justify\">Sarkanais audums tika izv\u0113l\u0113ts, lai piesaist\u012btu str\u0101d\u0101jo\u0161o auditoriju. Toreiz Hitlers uzbruka soci\u0101ldemokr\u0101tiskajai kust\u012bbai, kas notika zem sarkanajiem karogiem un citiem \u0161\u012bs kr\u0101sas simboliem. Fa\u0161istu ideologi pie\u0161\u0137\u012bra sarkano kr\u0101su, kas simboliz\u0113 asinis un uguni &#8211; kam ir rado\u0161a noz\u012bme (jaunas sabiedr\u012bbas veido\u0161an\u0101s).<\/p>\n<p style=\"text-align: justify\">Bet balt\u0101 un meln\u0101 kombin\u0101cija bija saist\u012bta ar imp\u0113rijas stilu. T\u0101p\u0113c ikviens jaun\u0101 re\u017e\u012bma atbalst\u012bt\u0101js \u0161o izv\u0113li var\u0113ja saist\u012bt ar imp\u0113rijas simbolu, kas tika pied\u0113v\u0113ts Bismarkam. Balt\u0101 kr\u0101sa simboliz\u0113 izredz\u0113to, vieglumu, bet t\u012br\u012bbu \u2013 nacion\u0101lo ideju.<\/p>\n<p><span itemprop=\"image\" itemscope itemtype=\"https:\/\/schema.org\/ImageObject\"><img itemprop=\"url image\" loading=\"lazy\" decoding=\"async\" class=\"alignnone wp-image-5142\" src=\"\/wp-content\/uploads\/2021\/08\/flag-of-the-third-reich_4.png\" width=\"500\" height=\"83\" alt=\"Ko noz\u012bm\u0113 tre\u0161ais reiha karogs\" \/><meta itemprop=\"width\" content=\"500\"><meta itemprop=\"height\" content=\"83\"><\/span><\/p>\n<p style=\"text-align: justify\">T\u0101tad pasaul\u0113 par\u0101d\u012bj\u0101s viens no skandaloz\u0101kajiem zin\u0101majiem baneriem, zem kura tika izlietas asinis. Izn\u0101k\u0161anas III Reihs rad\u012bja &quot;\u0161ausmu rekl\u0101mkarogu&quot;. \u0160\u012b tipa atrib\u016bti tika att\u0113loti ar\u012b ar lab\u0101 st\u016bra att\u0113lu aug\u0161\u0113j\u0101 st\u016br\u012b. Net\u0101lu no p\u0101rg\u0101jiena bija balts aplis ar lab\u0101s puses svastiku. Izm\u0113ru attiec\u012bba 3:5.<\/p>\n<h2 style=\"text-align: justify\">Alternat\u012bvais Tre\u0161\u0101 Reiha karogs<\/h2>\n<p style=\"text-align: justify\">Tre\u0161\u0101 Reiha karogiem bija viena noz\u012bme. Runa ir par spilgto tautas eso\u0161o tieksmju un ide\u0101lisma personifik\u0101ciju, k\u0101 ar\u012b par jaun\u0101s kust\u012bbas simboliku. Sarkans audekls nor\u0101da uz \u012bstenot\u0101m soci\u0101laj\u0101m idej\u0101m, baltais tonis &#8211; par nacion\u0101lismu. Krusts simboliz\u0113 tieksmi p\u0113c uzvaras.<\/p>\n<p style=\"text-align: justify\">1945. gada pavasar\u012b Apvienotajai Karalistei un Francijai V\u0101cij\u0101 tika aizliegta visa veida ievades izmanto\u0161ana. Viet\u0113jie ku\u0123i \u012bslaic\u012bgi izmantoja starptautisko embl\u0113mu komplekt\u0101 iek\u013cauto \u010c\u0101rlija simbolu. 1949. gad\u0101 VDR, k\u0101 ar\u012b V\u0101cijas Federat\u012bv\u0101 Republika pie\u0146\u0113ma meln\u0101 un sarkanzelta tr\u012bskr\u0101su, kas 19. gadsimt\u0101 tika izmantota k\u0101 V\u0101cijas savien\u012bbas valsts simbolika un V\u0101cijas vienot\u012bbas embl\u0113ma.<\/p>\n","protected":false},"excerpt":{"rendered":"<p>Karogs, ko izmantoja III Reach, bija ofici\u0101lais nacistisk\u0101s V\u0101cijas simbols. Vi\u0146a valsts rekl\u0101mkarogs tika pazi\u0146ots 1935. gad\u0101, un vi\u0146\u0161 past\u0101v\u0113ja l\u012bdz 1945. gadam. Tre\u0161\u0101 Reiha karogs atbilda V\u0101cijas&#8230;<\/p>\n","protected":false},"author":1,"featured_media":5960,"comment_status":"open","ping_status":"open","sticky":false,"template":"","format":"standard","meta":{"footnotes":""},"categories":[9],"tags":[],"class_list":["post-5138","post","type-post","status-publish","format-standard","has-post-thumbnail","","category-starptautisko-organizciju-karogi"],"aioseo_notices":[],"_links":{"self":[{"href":"https:\/\/flags-world.com\/lv\/wp-json\/wp\/v2\/posts\/5138","targetHints":{"allow":["GET"]}}],"collection":[{"href":"https:\/\/flags-world.com\/lv\/wp-json\/wp\/v2\/posts"}],"about":[{"href":"https:\/\/flags-world.com\/lv\/wp-json\/wp\/v2\/types\/post"}],"author":[{"embeddable":true,"href":"https:\/\/flags-world.com\/lv\/wp-json\/wp\/v2\/users\/1"}],"replies":[{"embeddable":true,"href":"https:\/\/flags-world.com\/lv\/wp-json\/wp\/v2\/comments?post=5138"}],"version-history":[{"count":0,"href":"https:\/\/flags-world.com\/lv\/wp-json\/wp\/v2\/posts\/5138\/revisions"}],"wp:featuredmedia":[{"embeddable":true,"href":"https:\/\/flags-world.com\/lv\/wp-json\/wp\/v2\/media\/5960"}],"wp:attachment":[{"href":"https:\/\/flags-world.com\/lv\/wp-json\/wp\/v2\/media?parent=5138"}],"wp:term":[{"taxonomy":"category","embeddable":true,"href":"https:\/\/flags-world.com\/lv\/wp-json\/wp\/v2\/categories?post=5138"},{"taxonomy":"post_tag","embeddable":true,"href":"https:\/\/flags-world.com\/lv\/wp-json\/wp\/v2\/tags?post=5138"}],"curies":[{"name":"wp","href":"https:\/\/api.w.org\/{rel}","templated":true}]}}