{"id":5133,"date":"2021-08-14T08:19:58","date_gmt":"2021-08-14T05:19:58","guid":{"rendered":"https:\/\/flags-world.com\/lv\/2021\/08\/14\/bakortostnas-karogs\/"},"modified":"2021-08-14T08:19:58","modified_gmt":"2021-08-14T05:19:58","slug":"bakortostnas-karogs","status":"publish","type":"post","link":"https:\/\/flags-world.com\/lv\/bakortostnas-karogs\/","title":{"rendered":"Ba\u0161kortost\u0101nas karogs"},"content":{"rendered":"<p style=\"text-align: justify\">Ofici\u0101lais Ba\u0161kortost\u0101nas valsts karogs tika apstiprin\u0101ts 1992. gada s\u0101kum\u0101. Pirmajai nacion\u0101l\u0101s simbolikas versijai, kas k\u013cuvusi par pa\u0161reiz\u0113j\u0101s analogu, taj\u0101 laik\u0101 bija cita vieta. \u0160\u012b opcija attiecas uz 1917. gadu. \u0160ogad, kad Krievij\u0101 notika nacion\u0101l\u0101s autonom\u0101s republikas veido\u0161an\u0101s.<\/p>\n<h2 style=\"text-align: justify\">Ba\u0161kortost\u0101nas karogs: foto<\/h2>\n<p style=\"text-align: justify\">Ba\u0161k\u012brijas karogs vair\u0101kk\u0101rt tika main\u012bts. P\u0113c ASSR p\u0101rd\u0113v\u0113\u0161anas par republiku tika legaliz\u0113ts jauns valsts simbols, kura skice k\u013cuva par republikas konkursa uzvar\u0113t\u0101ju k\u0101 lab\u0101kais valsts simbola projekts. No 40 skic\u0113m tika izv\u0113l\u0113ts \u0161is.<\/p>\n<p><span itemprop=\"image\" itemscope itemtype=\"https:\/\/schema.org\/ImageObject\"><img itemprop=\"url image\" loading=\"lazy\" decoding=\"async\" class=\"alignnone wp-image-5135\" src=\"\/wp-content\/uploads\/2021\/08\/flag-of-bashkortostan_1.png\" width=\"500\" height=\"331\" alt=\"Ba\u0161k\u012brijas karogs\" \/><meta itemprop=\"width\" content=\"500\"><meta itemprop=\"height\" content=\"331\"><\/span><\/p>\n<blockquote>\n<p style=\"text-align: justify\">Ba\u0161kortost\u0101nas Republik\u0101 viet\u0113j\u0101 karoga v\u0113sture ir pasl\u0113pta gadsimtu dzi\u013cumos. Inform\u0101ciju par valsts nacion\u0101lo uzdevumu karogu v\u0113l vair\u0101k bag\u0101tina ba\u0161k\u012bri.<\/p>\n<\/blockquote>\n<h2 style=\"text-align: justify\">K\u0101 izskat\u0101s Ba\u0161kortost\u0101nas karogs<\/h2>\n<p style=\"text-align: justify\">Pilna inform\u0101cija par ba\u0161k\u012bru tautu tiek uzskat\u012bta par milit\u0101r\u0101 dienesta karoga nacion\u0101lo simbolu un ilgu laiku nav bijusi zin\u0101ma.<\/p>\n<p style=\"text-align: justify\">Valsts simbolikas diena iekr\u012bt 20. august\u0101 \u2013 vi\u0146a st\u0101sts aizs\u0101k\u0101s 1918. gad\u0101. Vald\u012bba apstiprin\u0101ja Nacion\u0101l\u0101 karoga r\u012bkojumu. Ba\u0161k\u012bru nacion\u0101l\u0101 tr\u012bskr\u0101sa sast\u0101v no trim garenisk\u0101m sv\u012btr\u0101m. Aug\u0161da\u013ca &#8211; zila, simboliz\u0113 cilv\u0113kus, apak\u0161a &#8211; za\u013ca, run\u0101 par isl\u0101ma reli\u0123iskajiem likumiem, bet vid\u0113jais balts &#8211; par mierm\u012bl\u012bgiem cilv\u0113kiem, labkl\u0101j\u012bbu un laimi.<\/p>\n<p><span itemprop=\"image\" itemscope itemtype=\"https:\/\/schema.org\/ImageObject\"><img itemprop=\"url image\" loading=\"lazy\" decoding=\"async\" class=\"alignnone wp-image-5136\" src=\"\/wp-content\/uploads\/2021\/08\/flag-of-bashkortostan_2.png\" width=\"500\" height=\"283\" alt=\"Ba\u0161kortost\u0101nas karogs\" \/><meta itemprop=\"width\" content=\"500\"><meta itemprop=\"height\" content=\"283\"><\/span><\/p>\n<p style=\"text-align: justify\">1924. gad\u0101 vald\u012bba atc\u0113la pirms 6 gadiem uz\u0146emtos simbolus. Jauno rekl\u0101mkarogu 11.oktobr\u012b apstiprin\u0101ja Centr\u0101l\u0101 izpildkomiteja. Forma, izm\u0113rs, kr\u0101su risin\u0101jums, daudzums un sloks\u0146u izm\u0113rs &#8211; viss tika main\u012bts.<\/p>\n<blockquote>\n<p style=\"text-align: justify\">1938. gada ziem\u0101 valsts atrib\u016btika atkal tika piel\u0101gota Ba\u0161k\u012brijas ASSR. Aug\u0161\u0113j\u0101 kreisaj\u0101 st\u016br\u012b karoga virkn\u0113 par\u0101d\u012bj\u0101s uzraksts RSFSR un ASSR.<\/p>\n<\/blockquote>\n<p style=\"text-align: justify\">RSFSR valsts simboli tika p\u0101rveidoti 1954. gad\u0101 saist\u012bb\u0101 ar nepareizajiem jaunin\u0101jumiem. Gar braucienu ir zila sv\u012btra. L\u012bdz 90. gadiem \u0161\u0101ds simbols tika izmantots k\u0101 nacion\u0101lais. 1990. gada ruden\u012b tika pie\u0146emta deklar\u0101cija par valsts republikas suverenit\u0101ti. \u00a0Augst\u0101k\u0101 padome izdeva r\u012bkojumu par atrib\u016btu labo\u0161anu.<\/p>\n<p style=\"text-align: justify\">1990. gada 26. novembr\u012b LR Ministru kabinet\u0101 notika konkurss par lab\u0101ko baneri. Rado\u0161o apvien\u012bbu, profesion\u0101lu m\u0101kslinieku, komponistu, pasniedz\u0113ju, augstskolu studentu, valsts un sabiedrisko darbinieku konkursa komisija ierosin\u0101ja valsts atrib\u016btu projekt\u0101 paredz\u0113t ap \u010detrdesmit.<\/p>\n<h2 style=\"text-align: justify\">K\u0101ds ir Ba\u0161kortost\u0101nas Republikas valsts karogs<\/h2>\n<p style=\"text-align: justify\">Ba\u0161kortost\u0101nas Republikas karogs ir att\u0113lots tr\u012bs kr\u0101s\u0101s ar dzeltenu rakstu centr\u0101. Taisnst\u016bra auduma garuma un platuma attiec\u012bba ir 2:3. Tr\u012bs no t\u0101m pa\u0161\u0101m josl\u0101m ir horizont\u0101las vietas. Aug\u0161puse zila, apak\u0161\u0113j\u0101 &#8211; za\u013ca, starp t\u0101m balta sloksne. Pa\u0161\u0101 pane\u013ca centr\u0101 uz balta fona ir zelta att\u0113ls, kas att\u0113lots stiliz\u0113ta zieda Kuray form\u0101. Ap\u013ca iek\u0161pus\u0113 embl\u0113mai ir septi\u0146as ziedlapi\u0146as.<\/p>\n<p style=\"text-align: justify\">Karoga masts vainago plakanu met\u0101lisku zelta galu kupola form\u0101. Taj\u0101 pa\u0161\u0101 iek\u0161pus\u0113 ir Kuraja zieds, kas ilgu laiku ir nemain\u012bgs atrib\u016bts.<\/p>\n<p><span itemprop=\"image\" itemscope itemtype=\"https:\/\/schema.org\/ImageObject\"><img itemprop=\"url image\" loading=\"lazy\" decoding=\"async\" class=\"alignnone wp-image-5134\" src=\"\/wp-content\/uploads\/2021\/08\/flag-of-bashkortostan_3.png\" width=\"500\" height=\"218\" alt=\"Ba\u0161k\u012bras karogs\" \/><meta itemprop=\"width\" content=\"500\"><meta itemprop=\"height\" content=\"218\"><\/span><\/p>\n<h2 style=\"text-align: justify\">Ba\u0161kortost\u0101nas Republikas karoga kr\u0101su noz\u012bme<\/h2>\n<p style=\"text-align: justify\">Kr\u0101su sh\u0113mai ir \u0161\u0101da v\u0113rt\u012bba:<\/p>\n<ol style=\"text-align: justify\">\n<li>Zils. Simboliz\u0113 tikumu, t\u012bras domas un skaidr\u012bbu attiec\u012bb\u0101s, kas apz\u012bm\u0113 mieru.<\/li>\n<li>Za\u013c\u0161. Saist\u012bts ar br\u012bv\u012bbu, kas ir neaizskarama, un ar m\u016b\u017e\u012bbas m\u016b\u017e\u012bbu.<\/li>\n<li>Balts. Nor\u0101da uz atv\u0113rt\u012bbu un mierm\u012bl\u012bgu n\u0101ciju, tautas v\u0113lmi sadarboties un mijiedarboties, k\u0101 ar\u012b par gai\u0161o n\u0101kotni.<\/li>\n<\/ol>\n<blockquote>\n<p style=\"text-align: justify\">1917.\u00a0gada versij\u0101 kr\u0101sas tika interpret\u0113tas nedaudz sav\u0101d\u0101k. Zil\u0101 josla atg\u0101din\u0101ja pieder\u012bbu turku taut\u0101m, za\u013c\u0101 bija isl\u0101ma simbols, un balt\u0101 kr\u0101sa tajos laikos deva cer\u012bbu uz labkl\u0101j\u012bbu, mieru un laimi.<\/p>\n<\/blockquote>\n<p style=\"text-align: justify\">Atrib\u016btu centr\u0101 novietots dzeltens zieds Kuray, kas par\u0101da draudz\u012bbu. Vi\u0146a kronis ietver septi\u0146us darbus. Att\u012bst\u012bt\u0101s valodas: ba\u0161k\u012bru, tat\u0101ru, ki\u017eaku, tabinskis, jurmatinskis, burzjanskis, tig\u0161anskis simboliz\u0113 ba\u0161k\u012bru tautas konsolid\u0101ciju. Ba\u0161kortost\u0101nas karoga autori -. Masalimovs un O. A\u0161abi.<\/p>\n<blockquote>\n<p style=\"text-align: justify\">1992. gada 25. febru\u0101r\u012b Ba\u0161k\u012brij\u0101 tiek atz\u012bm\u0113ta Valsts karoga diena. Septi\u0146i &#8211; m\u012b\u013c\u0101kais ba\u0161k\u012bru numurs. Katram ba\u0161k\u012bram j\u0101zina savas tautas v\u0113sture.<\/p>\n<\/blockquote>\n","protected":false},"excerpt":{"rendered":"<p>Ofici\u0101lais Ba\u0161kortost\u0101nas valsts karogs tika apstiprin\u0101ts 1992. gada s\u0101kum\u0101. Pirmajai nacion\u0101l\u0101s simbolikas versijai, kas k\u013cuvusi par pa\u0161reiz\u0113j\u0101s analogu, taj\u0101 laik\u0101 bija cita vieta. \u0160\u012b opcija attiecas uz 1917&#8230;.<\/p>\n","protected":false},"author":1,"featured_media":5790,"comment_status":"open","ping_status":"open","sticky":false,"template":"","format":"standard","meta":{"footnotes":""},"categories":[3],"tags":[],"class_list":["post-5133","post","type-post","status-publish","format-standard","has-post-thumbnail","","category-eiropas-karogi"],"aioseo_notices":[],"_links":{"self":[{"href":"https:\/\/flags-world.com\/lv\/wp-json\/wp\/v2\/posts\/5133","targetHints":{"allow":["GET"]}}],"collection":[{"href":"https:\/\/flags-world.com\/lv\/wp-json\/wp\/v2\/posts"}],"about":[{"href":"https:\/\/flags-world.com\/lv\/wp-json\/wp\/v2\/types\/post"}],"author":[{"embeddable":true,"href":"https:\/\/flags-world.com\/lv\/wp-json\/wp\/v2\/users\/1"}],"replies":[{"embeddable":true,"href":"https:\/\/flags-world.com\/lv\/wp-json\/wp\/v2\/comments?post=5133"}],"version-history":[{"count":0,"href":"https:\/\/flags-world.com\/lv\/wp-json\/wp\/v2\/posts\/5133\/revisions"}],"wp:featuredmedia":[{"embeddable":true,"href":"https:\/\/flags-world.com\/lv\/wp-json\/wp\/v2\/media\/5790"}],"wp:attachment":[{"href":"https:\/\/flags-world.com\/lv\/wp-json\/wp\/v2\/media?parent=5133"}],"wp:term":[{"taxonomy":"category","embeddable":true,"href":"https:\/\/flags-world.com\/lv\/wp-json\/wp\/v2\/categories?post=5133"},{"taxonomy":"post_tag","embeddable":true,"href":"https:\/\/flags-world.com\/lv\/wp-json\/wp\/v2\/tags?post=5133"}],"curies":[{"name":"wp","href":"https:\/\/api.w.org\/{rel}","templated":true}]}}