{"id":5126,"date":"2021-08-14T07:52:52","date_gmt":"2021-08-14T04:52:52","guid":{"rendered":"https:\/\/flags-world.com\/lv\/2021\/08\/14\/sibrijas-karogs-nozme-un-krsas\/"},"modified":"2021-08-14T07:52:52","modified_gmt":"2021-08-14T04:52:52","slug":"sibrijas-karogs-nozme-un-krsas","status":"publish","type":"post","link":"https:\/\/flags-world.com\/lv\/sibrijas-karogs-nozme-un-krsas\/","title":{"rendered":"Sib\u012brijas karogs: noz\u012bme un kr\u0101sas"},"content":{"rendered":"<p style=\"text-align: justify\">Sib\u012brijas karogs &#8211; baneris, kam nav ofici\u0101la statusa, kas ir \u012bpa\u0161a simbolika. Ne vis\u0101s re\u0123ion\u0101laj\u0101s administrat\u012bvaj\u0101s vien\u012bb\u0101s, politisk\u0101s ievirzes kust\u012bb\u0101s un organiz\u0101cij\u0101s, kas atbalsta separ\u0101tiskos un autonomos uzskatus.<\/p>\n<h2 style=\"text-align: justify\"><span itemprop=\"image\" itemscope itemtype=\"https:\/\/schema.org\/ImageObject\"><img itemprop=\"url image\" loading=\"lazy\" decoding=\"async\" class=\"alignnone wp-image-5129\" src=\"\/wp-content\/uploads\/2021\/08\/flag-of-siberia_1.png\" alt=\"Sib\u012brijas karogs\" width=\"480\" height=\"358\" \/><meta itemprop=\"width\" content=\"480\"><meta itemprop=\"height\" content=\"358\"><\/span><\/h2>\n<h2 style=\"text-align: justify\">Sib\u012brijas karogs: foto<\/h2>\n<p style=\"text-align: justify\">Audekls ir att\u0113lots ar za\u013ciem un baltiem pane\u013ciem. Tiek izstr\u0101d\u0101tas ar\u012b vertik\u0101l\u0101s un horizont\u0101l\u0101s vari\u0101cijas, bet standarts ir pa diagon\u0101li. Rekl\u0101mkarogs var ievietot embl\u0113mas un nacion\u0101los elementus. Vien\u0101 no projektiem bija 5-gal\u012bgas zvaigznes, kas ir da\u017eu valsts re\u0123ionu simbols.<\/p>\n<h2 style=\"text-align: justify\">K\u0101ds Sib\u012brijas karogs<\/h2>\n<p style=\"text-align: justify\">Sib\u012brijas karogiem ir \u012bpa\u0161s st\u0101sts, kura s\u0101kums sniedzas t\u0101l\u0101 pag\u0101tn\u0113 &#8211; \u0100rk\u0101rtas hana un Ivana Barg\u0101 laik\u0101. Atrib\u016btus izmanto, lai iesl\u0113gtu divu zobenu att\u0113lu zem koka vai bulti\u0146as. \u0160o iesp\u0113ju nedaudz v\u0113l\u0101k izmantoja ar\u012b Sib\u012brijas karalistes embl\u0113mai. \u0160\u0101ds str\u0113lnieks tika novietots uz divgalvain\u0101 \u0113rg\u013ca sp\u0101rna, personific\u0113jot Krievijas imp\u0113riju.<\/p>\n<p><span itemprop=\"image\" itemscope itemtype=\"https:\/\/schema.org\/ImageObject\"><img itemprop=\"url image\" loading=\"lazy\" decoding=\"async\" class=\"alignnone wp-image-5130\" src=\"\/wp-content\/uploads\/2021\/08\/flag-of-siberia_2.png\" alt=\"Sib\u012brijas karogi\" width=\"492\" height=\"350\" \/><meta itemprop=\"width\" content=\"492\"><meta itemprop=\"height\" content=\"350\"><\/span><\/p>\n<p style=\"text-align: justify\">1853. gad\u0101 par\u0101d\u012bj\u0101s za\u013c\u0101 un balt\u0101 rekl\u0101mkaroga versija, kur\u0101 bija divas vien\u0101das sv\u012btras. Vi\u0146\u0161 personific\u0113ja Kaza\u0146as universit\u0101tes studentu kopienu. G.N. Pota\u0146ina. 1917. gad\u0101 Sabiedrisko organiz\u0101ciju konferenc\u0113 tika apstiprin\u0101ti \u0161\u0101di atrib\u016bti:<\/p>\n<ul style=\"text-align: justify\">\n<li>Kr\u0101sas &#8211; Za\u013ca (Aug\u0161\u0113j\u0101 &#8211; Taiga) un Balta (Apak\u0161\u0113j\u0101 &#8211; Sniegs);<\/li>\n<li>Forma &#8211; taisnst\u016brveida, sadal\u012bta pa diagon\u0101li.<\/li>\n<\/ul>\n<p style=\"text-align: justify\">1917. gada ziem\u0101 Re\u0123ion\u0101laj\u0101 kongres\u0101 tika pie\u0146emts l\u0113mums izveidot autonom\u0101 rajona re\u0123ion\u0101l\u0101s iest\u0101des. Gadu v\u0113l\u0101k izv\u0113l\u0113j\u0101s vald\u012bbu. Maija sacel\u0161an\u0101s laik\u0101 politiskie antibo\u013c\u0161eviki uzst\u0101j\u0101s zem likum\u012bga karoga ar milit\u0101rajiem piekrit\u0113jiem.<\/p>\n<p style=\"text-align: justify\">Balto za\u013co simboliku pla\u0161i izmantoja milit\u0101ro vien\u012bbu rekl\u0101mkaroga veid\u0101. Audekls dekor\u0113ja ar\u012b Re\u0123ion\u0101l\u0101s domes san\u0101ksmju telpas. Deput\u0101ti izdeva 207 attiec\u012bgas ikonas. Ofici\u0101li rekl\u0101mkarogs tika apstiprin\u0101ts tikai 1918. gad\u0101 valsts l\u012bmen\u012b. Ta\u010du taj\u0101 pa\u0161\u0101 gad\u0101 vald\u012bba beidza past\u0101v\u0113t. Bet izveidot\u0101 simbolika turpin\u0101ja izmantot.<\/p>\n<h2 style=\"text-align: justify\">Sib\u012brijas karogi<\/h2>\n<p style=\"text-align: justify\">Sib\u012brijas karogs past\u0101v vismaz piecus gadsimtus, kuru laik\u0101 no da\u017e\u0101d\u0101m izmai\u0146\u0101m. Simbolisma s\u0101kums ir no Ulusa Ju\u010dijeva sabrukuma.<\/p>\n<h2 style=\"text-align: justify\"><span itemprop=\"image\" itemscope itemtype=\"https:\/\/schema.org\/ImageObject\"><img itemprop=\"url image\" loading=\"lazy\" decoding=\"async\" class=\"alignnone wp-image-5128\" src=\"\/wp-content\/uploads\/2021\/08\/flag-of-siberia_3.png\" alt=\"Sib\u012brijas karogs balti za\u013c\u0161\" width=\"485\" height=\"323\" \/><meta itemprop=\"width\" content=\"485\"><meta itemprop=\"height\" content=\"323\"><\/span><\/h2>\n<p style=\"text-align: justify\">Ir atrib\u016bts, kas ir noteiktas Sib\u012brijas kust\u012bbas noda\u013cas. Piem\u0113ram, Tomsk\u0101 tika izmantota z\u012bme &quot;People&apos;s Rati&quot;, un Novosibirskas kanaliz\u0101cija pied\u0101v\u0101ja Chevron &quot;Volunteer&quot;, kas apvieno Sv. D\u017eord\u017ea lente un iem\u016b\u017ein\u0101t\u0101 rekl\u0101mkaroga kr\u0101sa.<\/p>\n<blockquote>\n<p style=\"text-align: justify\">Nacion\u0101l\u0101 valsts simbolika ir neierobe\u017eots tautas m\u0101kslas oke\u0101ns. Neskatoties uz t\u0113mas senumu, joproj\u0101m ir pietiekami daudz vietas, lai mekl\u0113tu Sib\u012brijas simbolu.<\/p>\n<\/blockquote>\n<h2 style=\"text-align: justify\">Komunistisk\u0101s Sib\u012brijas karogs<\/h2>\n<p style=\"text-align: justify\">Centrosibir tika izveidota 1917. gada ruden\u012b padomju kongres\u0101. Jau tad tika izmantota divu kr\u0101su simbolika, kas non\u0101ca l\u012bdz m\u016bsdien\u0101m. RSDLP komunistisk\u0101s organiz\u0101cijas turpin\u0101ja past\u0101v\u0113t un ietv\u0113ra vismaz 4500 cilv\u0113ku. Zem za\u013co un balto karogu bo\u013c\u0161eviki piepras\u012bja varas nodo\u0161anu padomju varai.<\/p>\n<h2 style=\"text-align: justify\">Austrumsib\u012brijas karogs<\/h2>\n<p style=\"text-align: justify\">Da\u013ca no valsts ietver Krievijas \u0100zijas teritoriju, s\u0101kot no Je\u0146isejas l\u012bdz \u016bdensnecaurlaid\u012bg\u0101m gr\u0113d\u0101m. Teritorijas plat\u012bba ir 7.2 miljoni. KM. Lietots standarta baneris bez ofici\u0101la statusa.<\/p>\n<h2 style=\"text-align: justify\">Sib\u012brijas milit\u0101rais karogs<\/h2>\n<p style=\"text-align: justify\">Uz balt\u0101 audekla att\u0113lots Andrejevska krusts ar milit\u0101ru \u0123erboni. Tas ir novietots centr\u0101. Visi darbinieki sarg\u0101 \u0161o rekl\u0101mkarogu l\u012bdz p\u0113d\u0113jai asins l\u0101sei, lasot savu valsti un izcelsmi.<\/p>\n<p><span itemprop=\"image\" itemscope itemtype=\"https:\/\/schema.org\/ImageObject\"><img itemprop=\"url image\" loading=\"lazy\" decoding=\"async\" class=\"alignnone wp-image-5127\" src=\"\/wp-content\/uploads\/2021\/08\/flag-of-siberia_4.png\" alt=\"Austrumsib\u012brijas karogs\" width=\"493\" height=\"321\" \/><meta itemprop=\"width\" content=\"493\"><meta itemprop=\"height\" content=\"321\"><\/span><\/p>\n<h2 style=\"text-align: justify\">Rietumsib\u012brijas karogs<\/h2>\n<p style=\"text-align: justify\">Teritorija atrodas starp Rod Jeniseju un Ur\u0101lu kalniem. Plat\u012bba ir aptuveni 2500 t\u016bkst. KM. Uz \u0123erbo\u0146a ir att\u0113loti divi sabali, kas st\u0101v zem koka uz paka\u013ck\u0101j\u0101m. Nedaudz v\u0113l\u0101k vi\u0146u \u0137ep\u0101s par\u0101d\u012bj\u0101s sarkana bulta, kuras smaile nor\u0101d\u012bja uz leju. P\u0113c k\u0101da laika virs vi\u0146u galv\u0101m par\u0101d\u012bj\u0101s kronis.<\/p>\n<p style=\"text-align: justify\">Atrib\u016btu att\u012bst\u012bb\u0101 p\u0113c pievieno\u0161an\u0101s Sib\u012brijas Khan\u0101tam (1598) Soboles t\u0113ls, kas nor\u0101d\u012bja uz valsts ka\u017eok\u0101du bag\u0101t\u012bb\u0101m. Tika \u0146emts Tobolskas embl\u0113mas pamats.<\/p>\n<h2 style=\"text-align: justify\">Dienvidsib\u012brijas karogs<\/h2>\n<p style=\"text-align: justify\">\u0160\u012b valsts da\u013ca ir izcelta fiziskajos un \u0123eogr\u0101fiskajos apst\u0101k\u013cos &#8211; Zieme\u013c\u0101zija ar pamatiedz\u012bvot\u0101jiem, kas dz\u012bvo atdz\u012bvin\u0101tajos kalnos. At\u0161\u0137iras ar lielu dz\u012bvnieku un putnu daudzveid\u012bbu. Atrib\u016bti ietver ar\u012b Sobility, Crown, Arrows un Onions.<\/p>\n","protected":false},"excerpt":{"rendered":"<p>Sib\u012brijas karogs &#8211; baneris, kam nav ofici\u0101la statusa, kas ir \u012bpa\u0161a simbolika. Ne vis\u0101s re\u0123ion\u0101laj\u0101s administrat\u012bvaj\u0101s vien\u012bb\u0101s, politisk\u0101s ievirzes kust\u012bb\u0101s un organiz\u0101cij\u0101s, kas atbalsta separ\u0101tiskos un autonomos uzskatus&#8230;.<\/p>\n","protected":false},"author":1,"featured_media":5944,"comment_status":"open","ping_status":"open","sticky":false,"template":"","format":"standard","meta":{"footnotes":""},"categories":[2],"tags":[],"class_list":["post-5126","post","type-post","status-publish","format-standard","has-post-thumbnail","","category-zijas-karogi"],"aioseo_notices":[],"_links":{"self":[{"href":"https:\/\/flags-world.com\/lv\/wp-json\/wp\/v2\/posts\/5126","targetHints":{"allow":["GET"]}}],"collection":[{"href":"https:\/\/flags-world.com\/lv\/wp-json\/wp\/v2\/posts"}],"about":[{"href":"https:\/\/flags-world.com\/lv\/wp-json\/wp\/v2\/types\/post"}],"author":[{"embeddable":true,"href":"https:\/\/flags-world.com\/lv\/wp-json\/wp\/v2\/users\/1"}],"replies":[{"embeddable":true,"href":"https:\/\/flags-world.com\/lv\/wp-json\/wp\/v2\/comments?post=5126"}],"version-history":[{"count":0,"href":"https:\/\/flags-world.com\/lv\/wp-json\/wp\/v2\/posts\/5126\/revisions"}],"wp:featuredmedia":[{"embeddable":true,"href":"https:\/\/flags-world.com\/lv\/wp-json\/wp\/v2\/media\/5944"}],"wp:attachment":[{"href":"https:\/\/flags-world.com\/lv\/wp-json\/wp\/v2\/media?parent=5126"}],"wp:term":[{"taxonomy":"category","embeddable":true,"href":"https:\/\/flags-world.com\/lv\/wp-json\/wp\/v2\/categories?post=5126"},{"taxonomy":"post_tag","embeddable":true,"href":"https:\/\/flags-world.com\/lv\/wp-json\/wp\/v2\/tags?post=5126"}],"curies":[{"name":"wp","href":"https:\/\/api.w.org\/{rel}","templated":true}]}}