{"id":5115,"date":"2021-08-14T07:29:55","date_gmt":"2021-08-14T04:29:55","guid":{"rendered":"https:\/\/flags-world.com\/lv\/2021\/08\/14\/ebreju-autonoms-republikas-karogs\/"},"modified":"2021-08-14T07:29:55","modified_gmt":"2021-08-14T04:29:55","slug":"ebreju-autonoms-republikas-karogs","status":"publish","type":"post","link":"https:\/\/flags-world.com\/lv\/ebreju-autonoms-republikas-karogs\/","title":{"rendered":"Ebreju autonom\u0101s republikas karogs"},"content":{"rendered":"<p style=\"text-align: justify\">Ebreju autonom\u0101 apgabala karogs ir EAO k\u0101 Krievijas Feder\u0101cijas subjekta valsts embl\u0113ma. \u0160is rekl\u0101mkarogs tika ofici\u0101li iek\u013cauts Krievijas Feder\u0101cijas heraldikas re\u0123istr\u0101.<\/p>\n<h2 style=\"text-align: justify\">Ebreju autonom\u0101 apgabala karogs: Foto<\/h2>\n<p style=\"text-align: justify\">Tikai biju\u0161ajos PSRS cilv\u0113kos, ar\u012b krievos, nacion\u0101l\u0101 apzi\u0146a pak\u0101peniski atdzima pag\u0101ju\u0161\u0101 gadsimta devi\u0146desmitajos gados. EAO \u0161\u012bs atmodas vilnis nol\u0113ma pie\u0146emt savu viet\u0113jo karogu. PSRS tas bija aizliegts. \u0160\u0101das iz\u0146\u0113muma ties\u012bbas bija tikai autonom\u0101m vai savien\u012bbas republik\u0101m. Tom\u0113r, t\u0101 k\u0101 EAO bija nomin\u0101ls, tas bija gr\u016bts uzdevums likumdev\u0113ju priek\u0161\u0101.<\/p>\n<p><span itemprop=\"image\" itemscope itemtype=\"https:\/\/schema.org\/ImageObject\"><img itemprop=\"url image\" loading=\"lazy\" decoding=\"async\" class=\"alignnone wp-image-5118\" src=\"\/wp-content\/uploads\/2021\/08\/flag-of-the-jewish-autonomous-republic_1.jpg\" alt=\"Ebreju autonom\u0101 apgabala karogs\" width=\"490\" height=\"366\" \/><meta itemprop=\"width\" content=\"490\"><meta itemprop=\"height\" content=\"366\"><\/span><\/p>\n<p style=\"text-align: justify\">Galu gal\u0101 izv\u0113le joproj\u0101m bija izdar\u012bta. Rekl\u0101mkaroga veidot\u0101ji da\u017e\u0101d\u0101m versij\u0101m bija vai nu Aleksandrs Va\u013cajevs, vai Fisenko pilsonis. Vilku gubernators parakst\u012bja dekr\u0113tu, un re\u0123ionam par\u0101d\u012bj\u0101s varav\u012bksnes karogs. Uz auduma att\u0113lota varav\u012bksne uz balta lauka. Tas ir t\u0101p\u0113c, ka balts &#8211; t\u012br\u012bbas simbols, un varav\u012bksne p\u0101rst\u0101v visu, kas ir labs. T\u0101s kr\u0101sas skaits atbilst Noas bau\u0161\u013cu skaitam un sve\u010du skaitam menor\u0101, kas jau sen tiek uzskat\u012bta par \u013coti svar\u012bgu z\u012bmi ebreju tautai.<\/p>\n<p style=\"text-align: justify\">Lai nu k\u0101, banera veidot\u0101ji EAO tika gal\u0101 ar savu uzdevumu \u2013 izdom\u0101t skaistu un ori\u0123in\u0101lu karogu, kas ir piln\u012bb\u0101 pie\u0146emams visiem novada iedz\u012bvot\u0101jiem. Bet tas nebija l\u012bdz nesenam laikam, jo \u200b\u200b\u0161odien \u0161\u0137iet, ka Birobid\u017ea\u0146\u0101 maz kautr\u0113j\u0101s no sava rekl\u0101mkaroga. Vismaz pils\u0113t\u0101 satikt vi\u0146u var \u013coti reti. Jo \u012bpa\u0161i tas nav uz daudz\u0101m sabiedrisk\u0101m \u0113k\u0101m, kur tam vajadz\u0113tu b\u016bt statusam. K\u0101da ir probl\u0113ma?<\/p>\n<p style=\"text-align: justify\">Lieta t\u0101da, ka Rietumu varav\u012bksnes pieteik\u0161ana ir k\u013cuvusi par kust\u012bbas simbolu, kas m\u016bsu sabiedr\u012bb\u0101 nebauda lielu godu. Amerikas Savienotaj\u0101s Valst\u012bs un Eirop\u0101 jau sen varav\u012bksnes karogs ir k\u013cuvis par LGBT kopienas simbolu. Nesen m\u0113s par to uzzin\u0101j\u0101m Krievij\u0101. Tiesa, ir v\u0113rts atz\u012bm\u0113t, ka ang\u013cu valodas \u012bpa\u0161\u012bbu d\u0113\u013c Radugas LGBT kopien\u0101 ir tikai se\u0161as kr\u0101sas, t\u0101 neizce\u013cas zil\u0101 kr\u0101s\u0101. Tom\u0113r daudziem m\u016bsu pilso\u0146iem tas nav svar\u012bgi, un AAE karogam vi\u0146iem ir patiess kauns. Vi\u0146i cen\u0161as neatcer\u0113ties audumu.<\/p>\n<p style=\"text-align: justify\">2013. gad\u0101 re\u0123ion\u0101 pat bija k\u0101da sieviete re\u0123ion\u0101, kas iesniedza pet\u012bciju, lai atz\u012btu alternat\u012bv\u0101s propagandas simbola EAO karogu. Ta\u010du p\u0113c tam eksperti neko pretlikum\u012bgu neatrada un d\u0101mu iniciat\u012bva to noraid\u012bja. Turkl\u0101t pats EAO at\u0161\u0137iras no varav\u012bksnes kr\u0101s\u0101m. Dzelten\u0101 viet\u0101 zeltaini un zil\u0101 nokr\u0101sa. Lai iepaz\u012btos ar \u0161o skandalozo skr\u0113jienu, pietiek tikai paskat\u012bties uz vi\u0146a fotoatt\u0113lu.<\/p>\n<p><span itemprop=\"image\" itemscope itemtype=\"https:\/\/schema.org\/ImageObject\"><img itemprop=\"url image\" loading=\"lazy\" decoding=\"async\" class=\"alignnone wp-image-5117\" src=\"\/wp-content\/uploads\/2021\/08\/flag-of-the-jewish-autonomous-republic_2.jpg\" alt=\"Ebreju autonom\u0101 apgabala karogs Foto\" width=\"397\" height=\"264\" \/><meta itemprop=\"width\" content=\"397\"><meta itemprop=\"height\" content=\"264\"><\/span><\/p>\n<h2 style=\"text-align: justify\">Kas att\u0113lots uz ebreju autonom\u0101 apgabala karoga<\/h2>\n<p style=\"text-align: justify\">K\u0101 izskat\u0101s novads un ka tas ir att\u0113lots? Ebreju Autonom\u0101s Republikas karogs ir taisnst\u016brveida balts rekl\u0101mkarogs, kura horizont\u0101laj\u0101 as\u012b ir kr\u0101saina josla, kas simboliz\u0113 varav\u012bksni un sast\u0101v no septi\u0146\u0101m horizont\u0101l\u0101m sv\u012btr\u0101m:<\/p>\n<ol style=\"text-align: justify\">\n<li>sarkans.<\/li>\n<li>apels\u012bns.<\/li>\n<li>Dzeltens.<\/li>\n<li>Violets.<\/li>\n<li>Za\u013c\u0161.<\/li>\n<li>Zils.<\/li>\n<li>Zils.<\/li>\n<\/ol>\n<blockquote>\n<p style=\"text-align: justify\">\u0160aj\u0101 gad\u012bjum\u0101 katras \u0161\u0101das \u0161auras joslas platums ir vien\u0101ds ar 1\/40 no \u0161o sloks\u0146u kop\u0113j\u0101 platuma viena ar otru ir atdal\u012btas ar balt\u0101m l\u012bnij\u0101m, kuru platums ir 1\/20 no kop\u0113j\u0101 rekl\u0101mkaroga platuma. Pane\u013cu platuma un garuma attiec\u012bba &#8211; 2\/3.<\/p>\n<\/blockquote>\n<p style=\"text-align: justify\">Katrai eti\u0137etes kr\u0101sai ir noz\u012bme:<\/p>\n<ul style=\"text-align: justify\">\n<li>Balts &#8211; domu t\u012br\u012bba god\u012bga pien\u0101kumu un par\u0101du izpilde.<\/li>\n<li>Varav\u012bksne &#8211; miera, lab\u0101 un laimes simbols no B\u012bbeles.<\/li>\n<\/ul>\n<p style=\"text-align: justify\">Sloksnes kop\u0101 ar varav\u012bksnes kr\u0101s\u0101m liecina par past\u0101v\u012bgu domu uzlabo\u0161anu. Visu horizont\u0101lo joslu skaits &#8211; septi\u0146as varav\u012bksn\u0113 atbilst sveces numuram Menor\u0101. P\u0113d\u0113jais ir viens no popul\u0101r\u0101kajiem ebreju reli\u0123iskajiem simboliem. Menoraors st\u0101sta par rad\u012b\u0161anu vis\u0101 pasaul\u0113 septi\u0146\u0101s dien\u0101s, un varav\u012bksnes joslu skaits tikai uzsver saist\u012bbu ar seno ebreju simbolu.<\/p>\n<h2 style=\"text-align: justify\">Kas noz\u012bm\u0113 EAO<\/h2>\n<p style=\"text-align: justify\">Ebreju autonomais apgabals tika izveidots 1930. gada august\u0101. 1991. gad\u0101 \u0161is re\u0123ions k\u013cuva par neatkar\u012bgu Krievijas subjektu. \u0160is apgabals atrodas T\u0101lo Austrumu feder\u0101l\u0101 apgabala dienvidos. Administrat\u012bvais centrs EAO &#8211; Birobid\u017eanas pils\u0113ta.<\/p>\n<p><span itemprop=\"image\" itemscope itemtype=\"https:\/\/schema.org\/ImageObject\"><img itemprop=\"url image\" loading=\"lazy\" decoding=\"async\" class=\"alignnone wp-image-5116\" src=\"\/wp-content\/uploads\/2021\/08\/flag-of-the-jewish-autonomous-republic_3.jpg\" alt=\"Ebreju autonom\u0101 rajona karogs\" width=\"487\" height=\"365\" \/><meta itemprop=\"width\" content=\"487\"><meta itemprop=\"height\" content=\"365\"><\/span><\/p>\n<p style=\"text-align: justify\">Ebreju autonomaj\u0101 apgabal\u0101, iz\u0146emot karogu, ir visi nepiecie\u0161amie ofici\u0101lie simboli, himna un \u0123erbonis. Diem\u017e\u0113l re\u0123iona ekonomika \u0161obr\u012bd ir \u013coti slikt\u0101 st\u0101vokl\u012b, ta\u010du tas neliedz tam noteiktas perspekt\u012bvas n\u0101kotn\u0113.<\/p>\n","protected":false},"excerpt":{"rendered":"<p>Ebreju autonom\u0101 apgabala karogs ir EAO k\u0101 Krievijas Feder\u0101cijas subjekta valsts embl\u0113ma. \u0160is rekl\u0101mkarogs tika ofici\u0101li iek\u013cauts Krievijas Feder\u0101cijas heraldikas re\u0123istr\u0101. Ebreju autonom\u0101 apgabala karogs: Foto Tikai biju\u0161ajos&#8230;<\/p>\n","protected":false},"author":1,"featured_media":5817,"comment_status":"open","ping_status":"open","sticky":false,"template":"","format":"standard","meta":{"footnotes":""},"categories":[9],"tags":[],"class_list":["post-5115","post","type-post","status-publish","format-standard","has-post-thumbnail","","category-starptautisko-organizciju-karogi"],"aioseo_notices":[],"_links":{"self":[{"href":"https:\/\/flags-world.com\/lv\/wp-json\/wp\/v2\/posts\/5115","targetHints":{"allow":["GET"]}}],"collection":[{"href":"https:\/\/flags-world.com\/lv\/wp-json\/wp\/v2\/posts"}],"about":[{"href":"https:\/\/flags-world.com\/lv\/wp-json\/wp\/v2\/types\/post"}],"author":[{"embeddable":true,"href":"https:\/\/flags-world.com\/lv\/wp-json\/wp\/v2\/users\/1"}],"replies":[{"embeddable":true,"href":"https:\/\/flags-world.com\/lv\/wp-json\/wp\/v2\/comments?post=5115"}],"version-history":[{"count":0,"href":"https:\/\/flags-world.com\/lv\/wp-json\/wp\/v2\/posts\/5115\/revisions"}],"wp:featuredmedia":[{"embeddable":true,"href":"https:\/\/flags-world.com\/lv\/wp-json\/wp\/v2\/media\/5817"}],"wp:attachment":[{"href":"https:\/\/flags-world.com\/lv\/wp-json\/wp\/v2\/media?parent=5115"}],"wp:term":[{"taxonomy":"category","embeddable":true,"href":"https:\/\/flags-world.com\/lv\/wp-json\/wp\/v2\/categories?post=5115"},{"taxonomy":"post_tag","embeddable":true,"href":"https:\/\/flags-world.com\/lv\/wp-json\/wp\/v2\/tags?post=5115"}],"curies":[{"name":"wp","href":"https:\/\/api.w.org\/{rel}","templated":true}]}}