{"id":5105,"date":"2021-08-14T07:06:26","date_gmt":"2021-08-14T04:06:26","guid":{"rendered":"https:\/\/flags-world.com\/lv\/2021\/08\/14\/doeckas-karogs\/"},"modified":"2021-08-14T07:06:26","modified_gmt":"2021-08-14T04:06:26","slug":"doeckas-karogs","status":"publish","type":"post","link":"https:\/\/flags-world.com\/lv\/doeckas-karogs\/","title":{"rendered":"Do\u0146eckas karogs"},"content":{"rendered":"<p style=\"text-align: justify\">DPR karogs ir ofici\u0101ls neatz\u012btas valsts simbols, ko sauc par Do\u0146eckas Tautas Republiku, k\u0101 ar\u012b himnu un \u0123erboni.<\/p>\n<h2 style=\"text-align: justify\">Do\u0146eckas karogs: foto<\/h2>\n<p style=\"text-align: justify\">Reiz ang\u013cu uz\u0146\u0113m\u0113js D\u017eons Juzs nodibin\u0101ja nelielu ciematu net\u0101lu no Aleksandrosas raktuv\u0113m. Tur vi\u0146\u0161 ieguva t\u0101s r\u016bpn\u012bcai nepiecie\u0161amos der\u012bgos izrakte\u0146us. 1917. gad\u0101 \u0161is mazais ciems k\u013cuva tik liels, ka p\u0101rv\u0113rt\u0101s par pils\u0113tu. 1924. gad\u0101 Juzovka deva jaunu v\u0101rdu, proti, Sta\u013cins. 1932. gad\u0101 \u0161eit taj\u0101 pa\u0161\u0101 Sta\u013cin\u0101 izveidoj\u0101s rajons ar centru. 1938. gad\u0101 re\u0123ions tika sadal\u012bts. 1961. gad\u0101 re\u0123ions atkal k\u013cuva par Do\u0146ecku, bet pils\u0113ta &#8211; Do\u0146ecku.<\/p>\n<p><span itemprop=\"image\" itemscope itemtype=\"https:\/\/schema.org\/ImageObject\"><img itemprop=\"url image\" loading=\"lazy\" decoding=\"async\" class=\"alignnone wp-image-5107\" src=\"\/wp-content\/uploads\/2021\/08\/flag-of-donetsk_1.png\" width=\"500\" height=\"333\" alt=\"DNR karogs\" \/><meta itemprop=\"width\" content=\"500\"><meta itemprop=\"height\" content=\"333\"><\/span><\/p>\n<p style=\"text-align: justify\">Do\u0146eckas karogs p\u0113c neatkar\u012bbas ieg\u016b\u0161anas izskat\u0101s k\u0101 audums, kas sast\u0101v\u0113ja no div\u0101m izometrisk\u0101m horizont\u0101l\u0101m sloksn\u0113m &#8211; aug\u0161\u0113j\u0101s zil\u0101s un apak\u0161\u0113j\u0101s meln\u0101s dibena. Pa vidu &#8211; maza pils\u0113tas \u0123erbo\u0146a att\u0113ls, kas aiz\u0146em tre\u0161o da\u013cu no visas plat\u012bbas. Standarta visu pu\u0161u attiec\u012bba &#8211; 4:5.<\/p>\n<ul style=\"text-align: justify\">\n<li>Zil\u0101 karoga kr\u0101sa simboliz\u0113 pils\u0113tas skaistumu.<\/li>\n<li>Meln\u0101s joslas ir saist\u012btas ar og\u013cu ieguvi, kas ir att\u012bst\u012bta \u0161aj\u0101 re\u0123ion\u0101.<\/li>\n<li>Darba roka ar paceltu \u0101muru &#8211; simbols cie\u0146ai pret re\u0123iona iedz\u012bvot\u0101ju darbu, k\u0101 ar\u012b tam, ka Do\u0146ecka ir noz\u012bm\u012bgs r\u016bpniec\u012bbas centrs.<\/li>\n<li>Piecstaru Zelta zvaigzne ir izgl\u012btojo\u0161as attieksmes simbols pret re\u0123iona bag\u0101t\u012bb\u0101m, gan cilv\u0113ka rad\u012btaj\u0101m, gan dabiskaj\u0101m. \u0160is pane\u013ca elements ar\u012b liecina par tic\u012bbu oblig\u0101tajai god\u012bguma uzvarai.<\/li>\n<\/ul>\n<blockquote>\n<p style=\"text-align: justify\">S\u012bk\u0101k varat apsv\u0113rt \u0161o audumu fotoatt\u0113l\u0101.<\/p>\n<\/blockquote>\n<h2 style=\"text-align: justify\">Do\u0146eckas Tautas Republikas karogs: Foto<\/h2>\n<p style=\"text-align: justify\">Rekl\u0101mkarogs, kas toreiz bija DNR ofici\u0101l\u0101 embl\u0113ma, n\u0101ca klaj\u0101 ar br\u0101\u013ciem Kor\u0146iloviem. \u0160is standarts bija modific\u0113ts ZSR rekl\u0101mkarogs. Ko\u0161i un zil\u0101 krustnagli\u0146ai bez PSRS elementiem vienk\u0101r\u0161i tika pievienota melna josla, kas simboliz\u0113ja bag\u0101t\u012bg\u0101s og\u013cu atradnes re\u0123ion\u0101. P\u0113c tam organiz\u0101cija ar nosaukumu Do\u0146eckas Republika nez k\u0101p\u0113c nol\u0113ma vienk\u0101r\u0161i p\u0101rv\u0113rst \u0161o nepiecie\u0161amo un vietu par imperatora \u0113rgli.<\/p>\n<p><span itemprop=\"image\" itemscope itemtype=\"https:\/\/schema.org\/ImageObject\"><img itemprop=\"url image\" loading=\"lazy\" decoding=\"async\" class=\"alignnone wp-image-5106\" src=\"\/wp-content\/uploads\/2021\/08\/flag-of-donetsk_1.jpg\" width=\"500\" height=\"288\" alt=\"DPR fotoatt\u0113la karogs\" \/><meta itemprop=\"width\" content=\"500\"><meta itemprop=\"height\" content=\"288\"><\/span><\/p>\n<p style=\"text-align: justify\">Pirmo ofici\u0101lo DPR rekl\u0101mkarogu 2014. gad\u0101 izveidoja sabiedrisk\u0101 kust\u012bba Do\u0146eckas Republika. Vi\u0146a uzlika Do\u0146eckas Republiku uz auduma, kas bija uzrakst\u012bts \u012bpa\u0161u Krievijas stat\u016btu stil\u0101. \u0160is simbols tika izveidots, pamatojoties uz organiz\u0101cijas rekl\u0101mkarogu. Da\u017eas at\u0161\u0137ir\u012bbas bija tikai piemaks\u0101. At\u0161\u0137ir\u012bb\u0101 no vienk\u0101r\u0161a att\u0113la, kas bija agr\u0101k, \u0123erbonis uz jaun\u0101ka stenda bija gandr\u012bz t\u0101ds pats k\u0101 Krievijas Feder\u0101cijas ofici\u0101lais \u0123erbonis. \u0160\u012b pane\u013cu versija tika izmantota k\u0101 valsts simbols un k\u0101 organiz\u0101cijas embl\u0113ma l\u012bdz 2014.\u00a0gada j\u016bnija beig\u0101m.<\/p>\n<p style=\"text-align: justify\">Pirms ofici\u0101l\u0101s tautas aptaujas par Valsts DPR piln\u012bgu neatkar\u012bbu uz kampa\u0146as plak\u0101tiem tika izmantota jauna standarta vari\u0101cija. Tur var\u0113ja redz\u0113t \u0113rgli ar div\u0101m galv\u0101m, kur\u0161 \u0137ep\u0101s tur\u0113ja lielu vairogu. Ir v\u0113rts atz\u012bm\u0113t, ka \u0161is raksturs bie\u017ei tika izmantots da\u017e\u0101du Krievijas Feder\u0101cijas departamentu z\u012bm\u0113s.<\/p>\n<blockquote>\n<p style=\"text-align: justify\">Jaunais baneris tika ofici\u0101li apstiprin\u0101ts 2014. gada j\u016bnij\u0101. Taj\u0101 att\u0113lots \u0123erbonis bez imperatora kro\u0146a un ar cit\u0101m izmai\u0146\u0101m. Ofici\u0101laj\u0101 embl\u0113m\u0101 putnam tagad nav \u0137epas. Do\u0146eckas tautas teksts p\u0113k\u0161\u0146i stend\u0101 uz stenda un republikas teksts.<\/p>\n<\/blockquote>\n<h2 style=\"text-align: justify\">DNR karoga diena<\/h2>\n<p style=\"text-align: justify\">DNR rekl\u0101mkarogu diena tiek svin\u0113ta divdesmit piektaj\u0101 oktobr\u012b. \u0160ie ir noz\u012bm\u012bgi sv\u0113tki visiem novada iedz\u012bvot\u0101jiem. Galu gal\u0101 valsts rekl\u0101mkarogs tiek uzskat\u012bts par vienu no svar\u012bg\u0101kajiem atrib\u016btiem. \u0160is datums tiek uzskat\u012bts par \u012bstiem sv\u0113tkiem, kas vieno daudzus cilv\u0113kus vien\u0101 sabiedr\u012bb\u0101, atsauc atmi\u0146\u0101 da\u017e\u0101das svar\u012bg\u0101k\u0101s v\u0113rt\u012bbas. \u0160aj\u0101 dien\u0101 novada iedz\u012bvot\u0101ji atceras un godina visus tos lielos varo\u0146darbus, kas savus karav\u012brus pastr\u0101d\u0101ju\u0161i kar\u0101.<\/p>\n<p><span itemprop=\"image\" itemscope itemtype=\"https:\/\/schema.org\/ImageObject\"><img itemprop=\"url image\" loading=\"lazy\" decoding=\"async\" class=\"alignnone wp-image-5108\" src=\"\/wp-content\/uploads\/2021\/08\/flag-of-donetsk_2.png\" alt=\"Do\u0146eckas karogs\" width=\"430\" height=\"344\" \/><meta itemprop=\"width\" content=\"430\"><meta itemprop=\"height\" content=\"344\"><\/span><\/p>\n<h2 style=\"text-align: justify\">Ko noz\u012bm\u0113 katra karoga DNR kr\u0101sa<\/h2>\n<p style=\"text-align: justify\">Do\u0146eckas Tautas Republikas karogs ir pilnv\u0113rt\u012bga taisnst\u016bra forma no trim identisk\u0101m sloksn\u0113m:<\/p>\n<ol style=\"text-align: justify\">\n<li>Aug\u0161da\u013ca &#8211; melna.<\/li>\n<li>Viduss &#8211; zils.<\/li>\n<li>Apak\u0161\u0113jais &#8211; sarkans.<\/li>\n<\/ol>\n<p style=\"text-align: justify\">Ko noz\u012bm\u0113 visas iepriek\u0161 min\u0113t\u0101s kr\u0101sas uz stenda? Sarkan\u0101 kr\u0101sa noz\u012bm\u0113 asinis, kas tika izlietas c\u012b\u0146\u0101 par br\u012bv\u012bbu. Blue Strip ir Tautas gara, k\u0101 ar\u012b tuv\u0113jo j\u016bru embl\u0113ma. Meln\u0101 un kr\u0101sain\u0101 sloksne atg\u0101dina Donbasa augl\u012bg\u0101s zemes un og\u013cu zarus. T\u0101d\u0113j\u0101di \u0161aj\u0101 panel\u012b tiek pasniegta simbolika.<\/p>\n","protected":false},"excerpt":{"rendered":"<p>DPR karogs ir ofici\u0101ls neatz\u012btas valsts simbols, ko sauc par Do\u0146eckas Tautas Republiku, k\u0101 ar\u012b himnu un \u0123erboni. Do\u0146eckas karogs: foto Reiz ang\u013cu uz\u0146\u0113m\u0113js D\u017eons Juzs nodibin\u0101ja nelielu&#8230;<\/p>\n","protected":false},"author":1,"featured_media":5815,"comment_status":"open","ping_status":"open","sticky":false,"template":"","format":"standard","meta":{"footnotes":""},"categories":[3],"tags":[],"class_list":["post-5105","post","type-post","status-publish","format-standard","has-post-thumbnail","","category-eiropas-karogi"],"aioseo_notices":[],"_links":{"self":[{"href":"https:\/\/flags-world.com\/lv\/wp-json\/wp\/v2\/posts\/5105","targetHints":{"allow":["GET"]}}],"collection":[{"href":"https:\/\/flags-world.com\/lv\/wp-json\/wp\/v2\/posts"}],"about":[{"href":"https:\/\/flags-world.com\/lv\/wp-json\/wp\/v2\/types\/post"}],"author":[{"embeddable":true,"href":"https:\/\/flags-world.com\/lv\/wp-json\/wp\/v2\/users\/1"}],"replies":[{"embeddable":true,"href":"https:\/\/flags-world.com\/lv\/wp-json\/wp\/v2\/comments?post=5105"}],"version-history":[{"count":0,"href":"https:\/\/flags-world.com\/lv\/wp-json\/wp\/v2\/posts\/5105\/revisions"}],"wp:featuredmedia":[{"embeddable":true,"href":"https:\/\/flags-world.com\/lv\/wp-json\/wp\/v2\/media\/5815"}],"wp:attachment":[{"href":"https:\/\/flags-world.com\/lv\/wp-json\/wp\/v2\/media?parent=5105"}],"wp:term":[{"taxonomy":"category","embeddable":true,"href":"https:\/\/flags-world.com\/lv\/wp-json\/wp\/v2\/categories?post=5105"},{"taxonomy":"post_tag","embeddable":true,"href":"https:\/\/flags-world.com\/lv\/wp-json\/wp\/v2\/tags?post=5105"}],"curies":[{"name":"wp","href":"https:\/\/api.w.org\/{rel}","templated":true}]}}