{"id":5094,"date":"2021-08-13T06:53:20","date_gmt":"2021-08-13T03:53:20","guid":{"rendered":"https:\/\/flags-world.com\/lv\/2021\/08\/13\/krimas-karogs-foto-kas-nozm-krsas\/"},"modified":"2021-08-13T06:53:20","modified_gmt":"2021-08-13T03:53:20","slug":"krimas-karogs-foto-kas-nozm-krsas","status":"publish","type":"post","link":"https:\/\/flags-world.com\/lv\/krimas-karogs-foto-kas-nozm-krsas\/","title":{"rendered":"Krimas karogs: foto, kas noz\u012bm\u0113 kr\u0101sas"},"content":{"rendered":"<p style=\"text-align: justify\">Krimas karogam, Krievijas Meln\u0101s j\u016bras p\u0113rlei, ir interesanta simbolika. V\u0113stures gait\u0101 Krimas Republikas karogs tika main\u012bts vair\u0101k nek\u0101 vienu reizi. Tom\u0113r \u0161odien vi\u0146\u0161 ir ofici\u0101li apstiprin\u0101jis audumu.<\/p>\n<h2 style=\"text-align: justify\">Krimas Republikas karogs: foto<\/h2>\n<p style=\"text-align: justify\">Krimas karogs ir audums, kas sast\u0101v no trim horizont\u0101l\u0101m zil\u0101m, balt\u0101m un sarkan\u0101m sv\u012btr\u0101m. Katrai no \u0161\u012bm josl\u0101m ir savs apz\u012bm\u0113jums. J\u016bs varat s\u012bk\u0101k apsv\u0113rt rekl\u0101mkarogu fotoatt\u0113l\u0101.<\/p>\n<p><span itemprop=\"image\" itemscope itemtype=\"https:\/\/schema.org\/ImageObject\"><img itemprop=\"url image\" loading=\"lazy\" decoding=\"async\" class=\"alignnone wp-image-5097\" src=\"\/wp-content\/uploads\/2021\/08\/flag-of-crimea_1.jpg\" alt=\"Krimas karogs\" width=\"500\" height=\"500\" \/><meta itemprop=\"width\" content=\"500\"><meta itemprop=\"height\" content=\"500\"><\/span><\/p>\n<h2 style=\"text-align: justify\">K\u0101ds Krimas karogs<\/h2>\n<p style=\"text-align: justify\">Kad Padomju Savien\u012bba sabruka un tika pie\u0146emta ofici\u0101l\u0101 pussalas neatkar\u012bbas deklar\u0101cija, Augst\u0101k\u0101s padomes deput\u0101ti v\u0113l\u0113j\u0101s izveidot savu karogu. Par to vi\u0146i izsludin\u0101ja \u012bpa\u0161u konkursu, kur\u0101 faktiski var\u0113ja piedal\u012bties ikviens, lai iem\u016b\u017ein\u0101tu savu v\u0101rdu Krimas v\u0113stur\u0113.<\/p>\n<p style=\"text-align: justify\">Vald\u012bba ir izveidojusi \u012bpa\u0161u komisiju. Pirms gal\u012bg\u0101 risin\u0101juma pie\u0146em\u0161anas vi\u0146a p\u0101rskat\u012bja vair\u0101kas da\u017e\u0101das iesp\u0113jas. Ir v\u0113rts atz\u012bm\u0113t, ka otraj\u0101 viet\u0101 izr\u0101d\u012bj\u0101s audums, kas bija \u013coti l\u012bdz\u012bgs ANO simbolikai. Deput\u0101tiem no komisijas \u013coti patika ar\u012b ko\u0161s audums, kas absorb\u0113ja visas varav\u012bksnes kr\u0101sas. Tom\u0113r p\u0113k\u0161\u0146i izr\u0101d\u012bj\u0101s, ka \u0161\u0101da varav\u012bksnes kr\u0101sa jau ir iesaist\u012bta maz\u0101kumtaut\u012bbu dzimuma kust\u012bbu akt\u012bvistos.<\/p>\n<p style=\"text-align: justify\">Rezult\u0101t\u0101 konkurs\u0101 tika uzvar\u0113ts V\u0113sturnieka karogs. \u013baunpr\u0101t\u012bgs un m\u0101kslinieks iek\u0161\u0101. Trusovs. Vi\u0146i izveidoja tr\u012bskr\u0101su audumu. Tas tika apstiprin\u0101ts 1992. gada septembr\u012b. P\u0113c ieie\u0161anas pussal\u0101 pa\u0161reiz\u0113j\u0101 simbolika nebija pak\u013cauta izmai\u0146\u0101m.<\/p>\n<blockquote>\n<p style=\"text-align: justify\">Krimas karogs ir audums ar trim horizont\u0101l\u0101m sv\u012btr\u0101m: balta, zila, ko\u0161i. Sav\u0101 kr\u0101su kombin\u0101cij\u0101 vi\u0146\u0161 ir \u013coti l\u012bdz\u012bgs krievam. Vid\u0113j\u0101 (sniegbalt\u0101) josla ir liel\u0101k\u0101, divas tre\u0161da\u013cas no visas plat\u012bbas. Viena izm\u0113ra aug\u0161\u0113j\u0101s (zilas) un apak\u0161\u0113j\u0101s (izklied\u0113tas) horizont\u0101l\u0101s sloksnes (attiec\u012bgi viena sest\u0101 da\u013ca).<\/p>\n<\/blockquote>\n<p><span itemprop=\"image\" itemscope itemtype=\"https:\/\/schema.org\/ImageObject\"><img itemprop=\"url image\" loading=\"lazy\" decoding=\"async\" class=\"alignnone wp-image-5096\" src=\"\/wp-content\/uploads\/2021\/08\/flag-of-crimea_2.jpg\" width=\"500\" height=\"283\" alt=\"Krimas karoga foto\" \/><meta itemprop=\"width\" content=\"500\"><meta itemprop=\"height\" content=\"283\"><\/span><\/p>\n<h2 style=\"text-align: justify\">Krimas Republikas karoga diena<\/h2>\n<p style=\"text-align: justify\">Krimas karoga diena ofici\u0101li tiek atz\u012bm\u0113ta 24. septembr\u012b. Sv\u0113tkus s\u0101ka svin\u0113t 2016. gad\u0101. \u0160aj\u0101 svin\u012bgaj\u0101 dien\u0101 Ai-Petri kalna virsotn\u0113 tiek pacelts Republikas karogs. Turkl\u0101t da\u017e\u0101di zibatmi\u0146as diski un koncerti, koncerti un izst\u0101des. Bibliot\u0113k\u0101s un skol\u0101s organiz\u0113t sarunas, k\u0101 ar\u012b da\u017e\u0101dus pas\u0101kumus, kuros b\u0113rni iepaz\u012bs sava novada v\u0113sturi.<\/p>\n<h2 style=\"text-align: justify\">Krimas karogs: ko noz\u012bm\u0113 kr\u0101sas<\/h2>\n<p style=\"text-align: justify\">Krimas karogs sast\u0101v no trim da\u017e\u0101d\u0101m horizont\u0101l\u0101m josl\u0101m:<\/p>\n<ol style=\"text-align: justify\">\n<li>Aug\u0161\u0113jais &#8211; zils;<\/li>\n<li>Centrs &#8211; balts;<\/li>\n<li>Apak\u0161\u0113jais- Scarlet.<\/li>\n<\/ol>\n<blockquote>\n<p style=\"text-align: justify\">Pussalas ofici\u0101l\u0101 karoga visu pu\u0161u attiec\u012bba 1:2.<\/p>\n<\/blockquote>\n<p style=\"text-align: justify\">K\u0101da ir rekl\u0101mkaroga kr\u0101sa? Tas tika izveidots, \u0146emot v\u0113r\u0101 tradicion\u0101lo Eiropas Dienvidaustrumu Eiropas dienvidaustrumiem. Apak\u0161\u0113j\u0101 horizont\u0101l\u0101 josla simboliz\u0113 skumjo un varon\u012bgo pussalas v\u0113sturi. Zils aug\u0161da\u013ca\u00a0\u2014 cer\u012bba uz norm\u0101lu un labu n\u0101kotni. Balt\u0101 vid\u0113j\u0101 josla nor\u0101da uz pasauli un visu tautu vienl\u012bdz\u012bbu.<\/p>\n<h2 style=\"text-align: justify\">Krimas Khan\u0101ta karogs<\/h2>\n<p style=\"text-align: justify\">Nav iesp\u0113jams neiev\u0113rot Krimas Khan\u0101ta past\u0101v\u0113\u0161anu un alternat\u012bvu audumu. \u0160is ir zils audekls, kura aug\u0161\u0113j\u0101 kreisaj\u0101 st\u016br\u012b ir zelta simbols ar nosaukumu Tarak&apos; Tagh. Tamga Turku cilt\u012bs daudzus gadsimtus izmantoja un simboliz\u0113ja \u0123ints suverenit\u0101ti. Taj\u0101 pa\u0161\u0101 laik\u0101 tie tika nodoti no vienas paaudzes uz otru.<\/p>\n<p><span itemprop=\"image\" itemscope itemtype=\"https:\/\/schema.org\/ImageObject\"><img itemprop=\"url image\" loading=\"lazy\" decoding=\"async\" class=\"alignnone wp-image-5095\" src=\"\/wp-content\/uploads\/2021\/08\/flag-of-crimea_3.jpg\" width=\"500\" height=\"282\" alt=\"Krimas karogs\" \/><meta itemprop=\"width\" content=\"500\"><meta itemprop=\"height\" content=\"282\"><\/span><\/p>\n<p style=\"text-align: justify\">Ja run\u0101jam par Tarak&apos;-Tamga izcelsmi, kas uzz\u012bm\u0113ta uz tat\u0101ru nacion\u0101l\u0101 karoga, tad \u0161eit ir vair\u0101kas teorijas.<\/p>\n<ul style=\"text-align: justify\">\n<li>Tamga rad\u0101s Krimas Khan\u0101ta period\u0101. \u0160\u012b interesant\u0101 simbola att\u0113lu var redz\u0113t uz sien\u0101m un ieej\u0101m Hanas pil\u012b Bah\u010disaraj\u0101 &#8211; Khan\u0101ta lielaj\u0101 galvaspils\u0113t\u0101.<\/li>\n<li>Viena no Tarak&apos;-Tamga izcelsmes teorij\u0101m tie\u0161i attiecas uz Khanate ier\u0113d\u0146iem. Tr\u012bs padomi noz\u012bm\u0113 Khanate galven\u0101s poz\u012bcijas: vid\u0113jais gals &#8211; Khan, labais &#8211; Calgai un kreisais &#8211; Nuresreddine.<\/li>\n<li>V\u0113l viena versija sl\u0113pjas fakt\u0101, ka Tarak&apos;-Taga ir taisn\u012bguma simbols, proti, svari, kas atspogu\u013co tiesiskumu valst\u012b.<\/li>\n<\/ul>\n<p style=\"text-align: justify\">Zilais baneris ar Tarak&apos;-Tammy tika izmantots k\u0101 Nacion\u0101l\u0101 tat\u0101ru ce\u013ca saraksts, atkl\u0101jot pirmo Kurultai 1917. gad\u0101. Tad \u0161is rekl\u0101mkarogs bija satrieco\u0161s vis\u0101s pussalas apmetn\u0113s un tika atz\u012bts par pussalas ofici\u0101lo audumu.<\/p>\n<blockquote>\n<p style=\"text-align: justify\">Septi\u0146desmit \u010detrus gadus v\u0113l\u0101k, proti, 1991. gad\u0101, otr\u0101 Kurultaja Blue Banner ar Tarak&apos;-Tagoy laik\u0101 atkal s\u0101ka kar\u0101ties san\u0101ksmju telp\u0101 k\u0101 Krimas audums.<\/p>\n<\/blockquote>\n","protected":false},"excerpt":{"rendered":"<p>Krimas karogam, Krievijas Meln\u0101s j\u016bras p\u0113rlei, ir interesanta simbolika. V\u0113stures gait\u0101 Krimas Republikas karogs tika main\u012bts vair\u0101k nek\u0101 vienu reizi. Tom\u0113r \u0161odien vi\u0146\u0161 ir ofici\u0101li apstiprin\u0101jis audumu. Krimas&#8230;<\/p>\n","protected":false},"author":1,"featured_media":5879,"comment_status":"open","ping_status":"open","sticky":false,"template":"","format":"standard","meta":{"footnotes":""},"categories":[3],"tags":[],"class_list":["post-5094","post","type-post","status-publish","format-standard","has-post-thumbnail","","category-eiropas-karogi"],"aioseo_notices":[],"_links":{"self":[{"href":"https:\/\/flags-world.com\/lv\/wp-json\/wp\/v2\/posts\/5094","targetHints":{"allow":["GET"]}}],"collection":[{"href":"https:\/\/flags-world.com\/lv\/wp-json\/wp\/v2\/posts"}],"about":[{"href":"https:\/\/flags-world.com\/lv\/wp-json\/wp\/v2\/types\/post"}],"author":[{"embeddable":true,"href":"https:\/\/flags-world.com\/lv\/wp-json\/wp\/v2\/users\/1"}],"replies":[{"embeddable":true,"href":"https:\/\/flags-world.com\/lv\/wp-json\/wp\/v2\/comments?post=5094"}],"version-history":[{"count":0,"href":"https:\/\/flags-world.com\/lv\/wp-json\/wp\/v2\/posts\/5094\/revisions"}],"wp:featuredmedia":[{"embeddable":true,"href":"https:\/\/flags-world.com\/lv\/wp-json\/wp\/v2\/media\/5879"}],"wp:attachment":[{"href":"https:\/\/flags-world.com\/lv\/wp-json\/wp\/v2\/media?parent=5094"}],"wp:term":[{"taxonomy":"category","embeddable":true,"href":"https:\/\/flags-world.com\/lv\/wp-json\/wp\/v2\/categories?post=5094"},{"taxonomy":"post_tag","embeddable":true,"href":"https:\/\/flags-world.com\/lv\/wp-json\/wp\/v2\/tags?post=5094"}],"curies":[{"name":"wp","href":"https:\/\/api.w.org\/{rel}","templated":true}]}}