{"id":5084,"date":"2021-08-13T06:31:58","date_gmt":"2021-08-13T03:31:58","guid":{"rendered":"https:\/\/flags-world.com\/lv\/2021\/08\/13\/tatru-karogs\/"},"modified":"2021-08-13T06:31:58","modified_gmt":"2021-08-13T03:31:58","slug":"tatru-karogs","status":"publish","type":"post","link":"https:\/\/flags-world.com\/lv\/tatru-karogs\/","title":{"rendered":"Tat\u0101ru karogs"},"content":{"rendered":"<p style=\"text-align: justify\">Tat\u0101ru karogs m\u016bsdien\u0101s ir paz\u012bstams daudziem. Bet tikai pirms tr\u012bsdesmit gadiem par zilo karogu ar Zelta \u0123erboni zin\u0101ja tikai pa\u0161i Krimas tat\u0101ri, kuriem izdev\u0101s saglab\u0101t savu identit\u0101ti.<\/p>\n<h2 style=\"text-align: justify\">Krimas tat\u0101ru karogs: foto<\/h2>\n<p style=\"text-align: justify\">K\u0101 izskat\u0101s tat\u0101ru karogs? Lai uzzin\u0101tu, vienk\u0101r\u0161i noskatieties vi\u0146a fotoatt\u0113lu. Labi, \u0161odien nav probl\u0113mu.<\/p>\n<p><span itemprop=\"image\" itemscope itemtype=\"https:\/\/schema.org\/ImageObject\"><img itemprop=\"url image\" loading=\"lazy\" decoding=\"async\" class=\"alignnone wp-image-5087\" src=\"\/wp-content\/uploads\/2021\/08\/tatars-flag_1.jpg\" width=\"500\" height=\"281\" alt=\"Tat\u0101ru karogs\" \/><meta itemprop=\"width\" content=\"500\"><meta itemprop=\"height\" content=\"281\"><\/span><\/p>\n<h2 style=\"text-align: justify\">K\u0101 izskat\u0101s tat\u0101ru karogs<\/h2>\n<p style=\"text-align: justify\">Krimas tat\u0101ru karogs ir gai\u0161i zils rekl\u0101mkarogs ar dzeltenu \u0123erboni (k\u0101rdin\u0101ts) pa kreisi. Zil\u0101 nokr\u0101sa ir da\u017e\u0101du turku tautu nacion\u0101l\u0101 kr\u0101sa, ko t\u0101s joproj\u0101m izmantoja tuv\u0101kaj\u0101 Krimas han\u0101. Pie auduma uzz\u012bm\u0113ts \u0123erbonis, ko sauc Tarak-Taga &#8211; t\u0101 ir valdo\u0161\u0101s liel\u0101s dinastijas z\u012bme.<\/p>\n<h2 style=\"text-align: justify\">Krimas tat\u0101ru karoga diena<\/h2>\n<p style=\"text-align: justify\">\u0160odienas Krimas tat\u0101ru karoga izskats tika atrasts pirmaj\u0101 1917. gad\u0101 pa\u0161\u0101 pirmaj\u0101 Kurultai. Krimas D\u017eenisai nebija ofici\u0101la rekl\u0101mkaroga, un pat runa nevar\u0113ja b\u016bt Krievijas imp\u0113rij\u0101.<\/p>\n<p style=\"text-align: justify\">Popul\u0101rs Taraga v\u0113rt\u012bbu skaidrojums &#8211; svari, kas notur l\u012bdzsvaru. Galven\u0101 pane\u013ca sast\u0101vda\u013ca tika izv\u0113l\u0113ta par Gerajevu dinastijas simbolu. Tie bija Krimas Khan\u0101ta dibin\u0101t\u0101ji, kas ir paz\u012bstami ar savu taisn\u012bgo valdi. \u0160aj\u0101 sakar\u0101 viena no Taraki Taraga z\u012bmes interpret\u0101cij\u0101m ir god\u012bgi svari.<\/p>\n<p style=\"text-align: justify\">P\u0113c bo\u013c\u0161eviku iera\u0161an\u0101s Krim\u0101 nacion\u0101l\u0101s br\u012bv\u012bbas telpa tat\u0101ru Krim\u0101 s\u0101ka strauji samazin\u0101ties, \u012bpa\u0161i simbolu jom\u0101. Tikai \u010detrus gadus p\u0113c Oktobra revol\u016bcijas s\u0101kuma Krimas tat\u0101ru audumu atzina pretpadomju p\u0101rst\u0101vji.<\/p>\n<p style=\"text-align: justify\">P\u0113c Krimas tat\u0101ru izs\u016bt\u012b\u0161anas 1944. gad\u0101 rekl\u0101mkarogs visp\u0101r tika aizliegts, jo padomju vara \u0161os cilv\u0113kus pasludin\u0101ja par nodev\u0113jiem. Tikai otraj\u0101 Kurultai 1999. gad\u0101 Tarak-Taga atkal k\u013cuva par nacion\u0101lo audumu.<\/p>\n<blockquote>\n<p style=\"text-align: justify\">Krimas tat\u0101ru karoga diena tiek ofici\u0101li atz\u012bm\u0113ta divdesmit sestaj\u0101 j\u016bnij\u0101. \u0160aj\u0101 dien\u0101 tiek piel\u016bgts Krimas tat\u0101ru karogs. Da\u017e\u0101d\u0101s valst\u012bs Krimas tat\u0101ru pane\u013ci faktiski mirst, atg\u0101dinot par br\u012bv\u012bbas un visp\u0101r\u0113j\u0101s vienot\u012bbas garu.<\/p>\n<\/blockquote>\n<p><span itemprop=\"image\" itemscope itemtype=\"https:\/\/schema.org\/ImageObject\"><img itemprop=\"url image\" loading=\"lazy\" decoding=\"async\" class=\"alignnone wp-image-5086\" src=\"\/wp-content\/uploads\/2021\/08\/tatars-flag_2.jpg\" width=\"500\" height=\"285\" alt=\"Tat\u0101ru karogs\" \/><meta itemprop=\"width\" content=\"500\"><meta itemprop=\"height\" content=\"285\"><\/span><\/p>\n<h2 style=\"text-align: justify\">Sib\u012brijas tat\u0101ru karogs<\/h2>\n<p style=\"text-align: justify\">K\u0101di karogi no Sib\u012brijas tat\u0101riem? Tas ir rekl\u0101mkarogs ar horizont\u0101l\u0101m zil\u0101m, balt\u0101m un za\u013c\u0101m sv\u012btr\u0101m. Aug\u0161\u0113j\u0101 josla zil\u0101 nokr\u0101sa, vid\u0113ja &#8211; sniegbalta, apak\u0161\u0113j\u0101 &#8211; za\u013ca. Zil\u0101s joslas pamatn\u0113 dzelteni pusm\u0113ne\u0161i ir novilkti ar zvaigzn\u012bti, kas tiek pasniegta tr\u012bs pac\u0113luma zieda form\u0101, kas izaug no ap\u013ca pusm\u0113ness sird\u012b un septi\u0146as asto\u0146staru zilas zvaigznes uz pusm\u0113ness.<\/p>\n<ol style=\"text-align: justify\">\n<li>Galven\u0101 zil\u0101 kr\u0101sa run\u0101 par sazi\u0146u ar visu turku pasauli, t\u0101 apz\u012bm\u0113 ar\u012b Sib\u012brijas ezerus un upes.<\/li>\n<li>Za\u013c\u0101 nokr\u0101sa &#8211; neizbraucamo taigas me\u017eu simbols.<\/li>\n<li>Balta nokr\u0101sa &#8211; sniegbalta sniega kr\u0101sa un domu t\u012br\u012bba.<\/li>\n<li>Zil\u0101s zvaigznes ir tie septi\u0146i re\u0123ioni, kur \u0161ie cilv\u0113ki ir pamatiedz\u012bvot\u0101ji.<\/li>\n<li>Pusm\u0113ness &#8211; slavens isl\u0101ma tic\u012bbas simbols.<\/li>\n<li>Tr\u012bsk\u0101r\u0161ais zieds &#8211; \u012bpa\u0161s simbols tr\u012bs tat\u0101ru Sib\u012brijas veidiem.<\/li>\n<\/ol>\n<p style=\"text-align: justify\">\u0160o rekl\u0101mkarogu bie\u017ei var atrast Tjume\u0146\u0101, Tobo\u013csk\u0101 un cit\u0101s Sib\u012brijas pils\u0113t\u0101s. Lai gan pirms vi\u0146a visp\u0101r\u0113j\u0101s atz\u012b\u0161anas valst\u012b l\u012bdz \u0161im. Galu gal\u0101 citiem \u0161\u012bs tautas ap\u0123\u0113rbiem joproj\u0101m ir da\u017e\u0101das iesp\u0113jas. T\u0101tad \u0161odien internet\u0101 var atrast l\u012bdz\u012bgus att\u0113lus, bet bez zieda vai auduma, uz kura ir Tamga Khanova zelta orda.<\/p>\n<p><span itemprop=\"image\" itemscope itemtype=\"https:\/\/schema.org\/ImageObject\"><img itemprop=\"url image\" loading=\"lazy\" decoding=\"async\" class=\"alignnone wp-image-5085\" src=\"\/wp-content\/uploads\/2021\/08\/tatars-flag_3.jpg\" width=\"500\" height=\"280\" alt=\"Krimas tat\u0101ru karogs\" \/><meta itemprop=\"width\" content=\"500\"><meta itemprop=\"height\" content=\"280\"><\/span><\/p>\n<h2 style=\"text-align: justify\">Krimas tat\u0101ru karoga noz\u012bme<\/h2>\n<p style=\"text-align: justify\">Ko noz\u012bm\u0113 tat\u0101ru audums? Par to ir vair\u0101ki popul\u0101ri viedok\u013ci:<\/p>\n<ol style=\"text-align: justify\">\n<li>Rekl\u0101mkarogam ir galvaskausa noz\u012bme, t\u0101p\u0113c zil\u0101 kr\u0101sa debes\u012bs, bet dzelten\u0101 Tamga &#8211; svari. Piecdesmit piekt\u0101 Sura Ar-Rahman, ir \u0161\u0101ds ajats: &quot;Vi\u0146\u0161 pac\u0113la debesis un nolika svarus t\u0101, lai cilv\u0113ki nep\u0101rk\u0101ptu svariem at\u013caut\u0101s robe\u017eas.&quot;. \u0160is Ajats saka musulma\u0146iem, ka tam j\u0101b\u016bt god\u012bgam.<\/li>\n<li>Dzeltenzil\u0101 kr\u0101sa bija atbr\u012bvo\u0161an\u0101s no Krievijas imp\u0113rijas simbols revol\u016bcijas laik\u0101. \u0160\u012b teorija b\u016btu j\u0101p\u0113ta pla\u0161\u0101k, izmantojot da\u017e\u0101dus ofici\u0101los avotus.<\/li>\n<li>Atzinums R.T. Sultanthbekova: Zils &#8211; skumju un b\u0113du tonis, kas atg\u0101dina dz\u012bves \u0101trumu un nopietnus p\u0101rbaud\u012bjumus uz zemes. Dzeltens ir zelta kr\u0101sa, fizisk\u0101s un gar\u012bg\u0101s piln\u012bbas simbols. Vi\u0146a kl\u0101tb\u016btne Krimas tautas dr\u0101n\u0101 nosaka galveno dz\u012bves m\u0113r\u0137i.<\/li>\n<\/ol>\n<p style=\"text-align: justify\">Turkiem ir zila nokr\u0101sa ar Tengri sakn\u0113m, kas ir saist\u012btas ar br\u012bv\u012bbu un tic\u012bbu Dievam Tengri. Tom\u0113r \u0161\u012b versija ir maz ticama, jo Tengri trad\u012bcijas Krimas iedz\u012bvot\u0101ju vid\u016b ir gandr\u012bz saglab\u0101tas. Turkl\u0101t Kurultai biedri, kuri dom\u0101ja par \u0161o karogu, v\u0113l\u0113j\u0101s apvienot reli\u0123isko un laic\u012bgo. \u0160aj\u0101 gad\u012bjum\u0101 Tengrian trad\u012bcijas vienk\u0101r\u0161i neb\u016btu piem\u0113rota vieta.<\/p>\n","protected":false},"excerpt":{"rendered":"<p>Tat\u0101ru karogs m\u016bsdien\u0101s ir paz\u012bstams daudziem. Bet tikai pirms tr\u012bsdesmit gadiem par zilo karogu ar Zelta \u0123erboni zin\u0101ja tikai pa\u0161i Krimas tat\u0101ri, kuriem izdev\u0101s saglab\u0101t savu identit\u0101ti. Krimas&#8230;<\/p>\n","protected":false},"author":1,"featured_media":5959,"comment_status":"open","ping_status":"open","sticky":false,"template":"","format":"standard","meta":{"footnotes":""},"categories":[3],"tags":[],"class_list":["post-5084","post","type-post","status-publish","format-standard","has-post-thumbnail","","category-eiropas-karogi"],"aioseo_notices":[],"_links":{"self":[{"href":"https:\/\/flags-world.com\/lv\/wp-json\/wp\/v2\/posts\/5084","targetHints":{"allow":["GET"]}}],"collection":[{"href":"https:\/\/flags-world.com\/lv\/wp-json\/wp\/v2\/posts"}],"about":[{"href":"https:\/\/flags-world.com\/lv\/wp-json\/wp\/v2\/types\/post"}],"author":[{"embeddable":true,"href":"https:\/\/flags-world.com\/lv\/wp-json\/wp\/v2\/users\/1"}],"replies":[{"embeddable":true,"href":"https:\/\/flags-world.com\/lv\/wp-json\/wp\/v2\/comments?post=5084"}],"version-history":[{"count":0,"href":"https:\/\/flags-world.com\/lv\/wp-json\/wp\/v2\/posts\/5084\/revisions"}],"wp:featuredmedia":[{"embeddable":true,"href":"https:\/\/flags-world.com\/lv\/wp-json\/wp\/v2\/media\/5959"}],"wp:attachment":[{"href":"https:\/\/flags-world.com\/lv\/wp-json\/wp\/v2\/media?parent=5084"}],"wp:term":[{"taxonomy":"category","embeddable":true,"href":"https:\/\/flags-world.com\/lv\/wp-json\/wp\/v2\/categories?post=5084"},{"taxonomy":"post_tag","embeddable":true,"href":"https:\/\/flags-world.com\/lv\/wp-json\/wp\/v2\/tags?post=5084"}],"curies":[{"name":"wp","href":"https:\/\/api.w.org\/{rel}","templated":true}]}}