{"id":5079,"date":"2021-08-12T21:37:41","date_gmt":"2021-08-12T18:37:41","guid":{"rendered":"https:\/\/flags-world.com\/lv\/2021\/08\/12\/eenijas-karogs\/"},"modified":"2021-08-12T21:37:41","modified_gmt":"2021-08-12T18:37:41","slug":"eenijas-karogs","status":"publish","type":"post","link":"https:\/\/flags-world.com\/lv\/eenijas-karogs\/","title":{"rendered":"\u010ce\u010denijas karogs"},"content":{"rendered":"<p style=\"text-align: justify\">\u010ce\u010denijas karogs tika apstiprin\u0101ts 2004. gada vasar\u0101. \u010ce\u010denijas karogs tika atjaunots 2008. gada pavasara beig\u0101s, kad \u010ce\u010denijas parlaments tie\u0161i otraj\u0101 las\u012bjum\u0101 pie\u0146\u0113ma nepiecie\u0161amos likumus par galveno karogu un \u0123erboni, k\u0101 ar\u012b par CK simboliem, kas Groznij\u0101 tika iesniegti ofici\u0101lai apstiprin\u0101\u0161anai parlament\u0101. pa\u0161reiz\u0113jais re\u0123iona vad\u012bt\u0101js. Turkl\u0101t \u0161is karogs palika k\u0101 re\u0123iona simbols.<\/p>\n<p><span itemprop=\"image\" itemscope itemtype=\"https:\/\/schema.org\/ImageObject\"><img itemprop=\"url image\" loading=\"lazy\" decoding=\"async\" class=\"alignnone wp-image-5081\" src=\"\/wp-content\/uploads\/2021\/08\/flag-of-chechnya_1.jpg\" width=\"500\" height=\"291\" alt=\"\u010ce\u010denijas karogs\" \/><meta itemprop=\"width\" content=\"500\"><meta itemprop=\"height\" content=\"291\"><\/span><\/p>\n<h2 style=\"text-align: justify\">\u010ce\u010denijas Republikas karogs: foto<\/h2>\n<p style=\"text-align: justify\">M\u016bsdienu republikas karogs ir viens no svar\u012bg\u0101kajiem re\u0123iona simboliem, un tam ir ori\u0123in\u0101lais sast\u0101vs. Tr\u012bs da\u017e\u0101da platuma horizont\u0101las sv\u012btras un v\u0113l viena vertik\u0101la josla, kuru rot\u0101 zelta raksts.<\/p>\n<blockquote>\n<p style=\"text-align: justify\">Lai apskat\u012btu \u010ce\u010denijas Republikas karogu, jums b\u016bs j\u0101apl\u016bko vi\u0146a fotogr\u0101fija. Pa\u0161laik nav probl\u0113mu apsv\u0113rt \u0161o rekl\u0101mkarogu.<\/p>\n<\/blockquote>\n<h2 style=\"text-align: justify\">K\u0101 izskat\u0101s \u010ce\u010denijas karogs<\/h2>\n<p style=\"text-align: justify\">K\u0101 izskat\u0101s \u010ce\u010denijas karogs? Un k\u0101 tie\u0161i vi\u0146\u0161 izskat\u0101s? \u0160is ir vair\u0101ku horizont\u0101lu joslu rekl\u0101mkarogs:<\/p>\n<ol style=\"text-align: justify\">\n<li>Tops &#8211; za\u013c\u0161, pat smaragds.<\/li>\n<li>Viduss &#8211; balts.<\/li>\n<li>Apak\u0161\u0113j\u0101 &#8211; Scarlet.<\/li>\n<\/ol>\n<blockquote>\n<p style=\"text-align: justify\">Pats kr\u0101jums ir sniegbalta sloksne ar skaistu rakstu. Faktiski visai kont\u016brai \u0161o audeklu ier\u0101m\u0113 skaista zelta b\u0101rkstis.<\/p>\n<\/blockquote>\n<p style=\"text-align: justify\">Rekl\u0101mkaroga simboliku veido gara vertik\u0101la l\u012bnija un v\u0113l da\u017ei horizont\u0101li veidi. Kop\u0101 ar visu tendenci ir sniegbalta l\u012bnija ar skaistu zelta kr\u0101sas rakstu, visi p\u0101r\u0113jie baneri kr\u0101soti ar da\u017e\u0101da izm\u0113ra sniegbalt\u0101m, ko\u0161i un smaragda sv\u012btr\u0101m. Republikas ofici\u0101l\u0101 karoga visu pu\u0161u attiec\u012bba &#8211; divas pret tr\u012bs. Ir v\u0113rts atz\u012bm\u0113t, ka pilna izm\u0113ra p\u0101rbaudes l\u012bnijas ir ier\u0101m\u0113tas ar zelta mali\u0146u kr\u0101su.<\/p>\n<p style=\"text-align: justify\">J\u0101\u0146em v\u0113r\u0101 ar\u012b tas, ka pane\u013ca galven\u0101s kr\u0101sas un to\u0146i (s\u0101rti, dzeltens, sniegbalts un za\u013c\u0161) netika izv\u0113l\u0113ti pavisam cit\u0101di. Pirmk\u0101rt, \u0161\u012bs ir \u0161\u012bs zonas parast\u0101s kr\u0101sas, un zelta raksts uz sniega baltas l\u012bnijas ir viet\u0113jais simbols.<\/p>\n<p><span itemprop=\"image\" itemscope itemtype=\"https:\/\/schema.org\/ImageObject\"><img itemprop=\"url image\" loading=\"lazy\" decoding=\"async\" class=\"alignnone wp-image-5080\" src=\"\/wp-content\/uploads\/2021\/08\/flag-of-chechnya_2.jpg\" alt=\"\u010ce\u010denijas karogs\" width=\"493\" height=\"333\" \/><meta itemprop=\"width\" content=\"493\"><meta itemprop=\"height\" content=\"333\"><\/span><\/p>\n<p style=\"text-align: justify\">Turkl\u0101t \u0161aj\u0101s kr\u0101s\u0101s ir piln\u012bb\u0101 j\u016btama \u012bpa\u0161a zin\u0101tne, ko sauc par heraldiku. Piem\u0113ram, ziedu datu izv\u0113le klasiskaj\u0101 heraldik\u0101 tiek uzskat\u012bta par:<\/p>\n<ol style=\"text-align: justify\">\n<li>Savva\u013cas dz\u012bvnieki (smaragds).<\/li>\n<li>Liela bag\u0101t\u012bba (spilgti dzeltena).<\/li>\n<li>Sp\u0113ks un drosme (s\u0101rti).<\/li>\n<li>Mier\u012bgi nodomi (sniegbalts).<\/li>\n<\/ol>\n<blockquote>\n<p style=\"text-align: justify\">T\u0101d\u0113j\u0101di \u010ce\u010denija ir ar\u012b mier\u012bgi nodomi un drosm\u012bga vara, un neticama bag\u0101t\u012bba un savva\u013cas dz\u012bvnieki.<\/p>\n<\/blockquote>\n<p style=\"text-align: justify\">Saska\u0146\u0101 ar sp\u0113k\u0101 eso\u0161ajiem ties\u012bbu aktiem \u010ce\u010denijas Republikas pane\u013cu izmanto\u0161ana ar da\u017e\u0101diem p\u0101rk\u0101pumiem ir saist\u012bta ar oblig\u0101tu atbild\u012bbu. T\u0101p\u0113c ir \u013coti svar\u012bgi iev\u0113rot \u010ce\u010denijas ties\u012bbu aktus. Galu gal\u0101 \u0161odien ir iesp\u0113jams sod\u012bt, piln\u012bb\u0101 iev\u0113rojot pa\u0161reiz\u0113jos ties\u012bbu aktus.<\/p>\n<h2 style=\"text-align: justify\">I\u010dkerijas karogs ar vilku<\/h2>\n<p style=\"text-align: justify\">I\u010dkerija &#8211; valsts, kas past\u0101v\u0113ja \u010ce\u010denijas-Ingu\u0161as Republikas viet\u0101, bet nav atz\u012bta par likum\u012bgu. T\u0101d\u0113j\u0101di vi\u0146a paties\u012bb\u0101 eksist\u0113ja iz\u0146\u0113muma k\u0101rt\u0101 nele\u0123it\u012bmi, un \u0161odien t\u0101 nav, tas ir aizliegts.<\/p>\n<p style=\"text-align: justify\">90. gadu pa\u0161\u0101 s\u0101kum\u0101, p\u0113c \u010ce\u010denijas-Ingu\u0161as ASSR sabrukuma, I\u010dkerija pasludina pati savu neatkar\u012bbu. Tas nekav\u0113joties s\u0101k ilgsto\u0161u milit\u0101ru konfliktu starp Krieviju un separ\u0101tistiem. CRI vald\u012bba p\u0113c karadarb\u012bbas beig\u0101m s\u0101ka piepras\u012bt piln\u012bb\u0101 neatkar\u012bgu valsti, bet nevar\u0113ja to ieg\u016bt. Visi CRI varas p\u0101rst\u0101vji tagad tiek uzskat\u012bti par teroristiem un tiek sod\u012bti saska\u0146\u0101 ar pa\u0161reiz\u0113jo Krimin\u0101lkodeksu.<\/p>\n<p><span itemprop=\"image\" itemscope itemtype=\"https:\/\/schema.org\/ImageObject\"><img itemprop=\"url image\" loading=\"lazy\" decoding=\"async\" class=\"alignnone wp-image-5082\" src=\"\/wp-content\/uploads\/2021\/08\/flag-of-chechnya_3.jpg\" alt=\"I\u010dkerijas karogs\" width=\"434\" height=\"434\" \/><meta itemprop=\"width\" content=\"434\"><meta itemprop=\"height\" content=\"434\"><\/span><\/p>\n<p style=\"text-align: justify\">I\u010dkerijas karogs &#8211; Ploten, kura visa aug\u0161\u0113j\u0101 puse ir liel\u0101 za\u013c\u0101 l\u012bnija. \u010ce\u010denijas dibens ir sadal\u012bts identisk\u0101s horizont\u0101l\u0101s l\u012bnij\u0101s &#8211; za\u013c\u0101, sarkan\u0101 un balt\u0101 kr\u0101s\u0101. Visi no tiem simboliz\u0113 da\u017e\u0101das svar\u012bgas saj\u016btas, k\u0101 min\u0113ts iepriek\u0161.<\/p>\n<p style=\"text-align: justify\">Ko noz\u012bm\u0113 da\u017e\u0101die valsts rekl\u0101mkarogu simboli? Vi\u0146a paskaidro diezgan vienk\u0101r\u0161i. T\u0101tad za\u013c\u0101 kr\u0101sa ir pasaules, labkl\u0101j\u012bbas un labkl\u0101j\u012bbas, k\u0101 ar\u012b savva\u013cas dabas kr\u0101sa. \u0160ai kr\u0101sai ir visliel\u0101k\u0101 plat\u012bba. Vi\u0146\u0161 st\u0101sta, ka \u010de\u010denu tauta m\u012bl mieru un draudz\u012bbu, k\u0101 ar\u012b nepat\u012bk izliet sve\u0161as asinis. Baltas kr\u0101sas sv\u012btras ir smags un gar\u0161 ce\u013c\u0161, kas ir j\u0101iet re\u0123ion\u0101, lai k\u013c\u016btu piln\u012bgi br\u012bvs. Sarkan\u0101 l\u012bnija &#8211; t\u0101s ir asinis, kuras pasaules v\u0101rd\u0101 izl\u0113ja valsts karot\u0101ji.<\/p>\n<p style=\"text-align: justify\">Da\u017ereiz uz auduma tiek uzlikts vilka att\u0113ls. I\u010dkerijas iedz\u012bvot\u0101ju audumu ar Vilku rad\u012bjis viet\u0113jais m\u0101kslinieks Sult\u0101ns Ju\u0161ajevs un uzlabojis vi\u0146a sieva Johahara Dudajeva.<\/p>\n","protected":false},"excerpt":{"rendered":"<p>\u010ce\u010denijas karogs tika apstiprin\u0101ts 2004. gada vasar\u0101. \u010ce\u010denijas karogs tika atjaunots 2008. gada pavasara beig\u0101s, kad \u010ce\u010denijas parlaments tie\u0161i otraj\u0101 las\u012bjum\u0101 pie\u0146\u0113ma nepiecie\u0161amos likumus par galveno karogu un&#8230;<\/p>\n","protected":false},"author":1,"featured_media":5805,"comment_status":"open","ping_status":"open","sticky":false,"template":"","format":"standard","meta":{"footnotes":""},"categories":[3],"tags":[],"class_list":["post-5079","post","type-post","status-publish","format-standard","has-post-thumbnail","","category-eiropas-karogi"],"aioseo_notices":[],"_links":{"self":[{"href":"https:\/\/flags-world.com\/lv\/wp-json\/wp\/v2\/posts\/5079","targetHints":{"allow":["GET"]}}],"collection":[{"href":"https:\/\/flags-world.com\/lv\/wp-json\/wp\/v2\/posts"}],"about":[{"href":"https:\/\/flags-world.com\/lv\/wp-json\/wp\/v2\/types\/post"}],"author":[{"embeddable":true,"href":"https:\/\/flags-world.com\/lv\/wp-json\/wp\/v2\/users\/1"}],"replies":[{"embeddable":true,"href":"https:\/\/flags-world.com\/lv\/wp-json\/wp\/v2\/comments?post=5079"}],"version-history":[{"count":0,"href":"https:\/\/flags-world.com\/lv\/wp-json\/wp\/v2\/posts\/5079\/revisions"}],"wp:featuredmedia":[{"embeddable":true,"href":"https:\/\/flags-world.com\/lv\/wp-json\/wp\/v2\/media\/5805"}],"wp:attachment":[{"href":"https:\/\/flags-world.com\/lv\/wp-json\/wp\/v2\/media?parent=5079"}],"wp:term":[{"taxonomy":"category","embeddable":true,"href":"https:\/\/flags-world.com\/lv\/wp-json\/wp\/v2\/categories?post=5079"},{"taxonomy":"post_tag","embeddable":true,"href":"https:\/\/flags-world.com\/lv\/wp-json\/wp\/v2\/tags?post=5079"}],"curies":[{"name":"wp","href":"https:\/\/api.w.org\/{rel}","templated":true}]}}