{"id":5073,"date":"2021-08-12T21:24:34","date_gmt":"2021-08-12T18:24:34","guid":{"rendered":"https:\/\/flags-world.com\/lv\/2021\/08\/12\/konfedercijas-karogs-nozme-un-vsture\/"},"modified":"2021-08-12T21:24:34","modified_gmt":"2021-08-12T18:24:34","slug":"konfedercijas-karogs-nozme-un-vsture","status":"publish","type":"post","link":"https:\/\/flags-world.com\/lv\/konfedercijas-karogs-nozme-un-vsture\/","title":{"rendered":"Konfeder\u0101cijas karogs: noz\u012bme un v\u0113sture"},"content":{"rendered":"<p style=\"text-align: justify\">Amerikas Konfeder\u0101cijas valstu karogi ir past\u0101v\u012bgs str\u012bdu objekts. Un tas viss t\u0101p\u0113c, ka zem \u0161\u012b sarkan\u0101 konfeder\u0101cijas karoga ar zila krusta att\u0113lu ar balt\u0101m zvaigzn\u0113m Amerikas pilso\u0146u kara laik\u0101 c\u012bn\u012bj\u0101s vergiem piedero\u0161o dienvidu \u0161tatu karav\u012bri pret zieme\u013cnieku armiju. Dienvidu iedz\u012bvot\u0101ji galu gal\u0101 zaud\u0113ja karu, t\u0101p\u0113c verdz\u012bba ASV teritorij\u0101 tika ofici\u0101li atcelta. Neskatoties uz to, konfeder\u0101tu karogs joproj\u0101m tiek izmantots atsevi\u0161\u0137os Dienvidamerikas \u0161tatos.<\/p>\n<p><span itemprop=\"image\" itemscope itemtype=\"https:\/\/schema.org\/ImageObject\"><img itemprop=\"url image\" loading=\"lazy\" decoding=\"async\" class=\"alignnone wp-image-5074\" src=\"\/wp-content\/uploads\/2021\/08\/confederate-flag_1.jpg\" width=\"500\" height=\"375\" alt=\"Konfeder\u0101cijas karogs\" \/><meta itemprop=\"width\" content=\"500\"><meta itemprop=\"height\" content=\"375\"><\/span><\/p>\n<h2 style=\"text-align: justify\">Amerikas Konfeder\u0101cijas valstu karogi: foto<\/h2>\n<p style=\"text-align: justify\">Konfeder\u0101tu karogu izveidoja \u0123ener\u0101\u013ci \u012bpa\u0161i Dienvidu ASV bru\u0146otajiem sp\u0113kiem. \u0160is audums ir:<\/p>\n<ul style=\"text-align: justify\">\n<li>Sarkans kvadr\u0101tveida audums.<\/li>\n<li>Zils sl\u012bps krusts ar balt\u0101m zvaigzn\u0113m iek\u0161pus\u0113.<\/li>\n<\/ul>\n<blockquote>\n<p style=\"text-align: justify\">Lai s\u012bk\u0101k iepaz\u012btos ar \u0161o rekl\u0101mkarogu, jums vajadz\u0113tu apskat\u012bt vi\u0146a fotoatt\u0113lu.<\/p>\n<\/blockquote>\n<h2 style=\"text-align: justify\">K\u0101p\u0113c konfeder\u0101cijas karogs ir aizliegts<\/h2>\n<p style=\"text-align: justify\">M\u016bsdien\u0101s \u0161\u012b pane\u013ca izmanto\u0161ana Amerikas Savienotaj\u0101s Valst\u012bs ir \u0101rk\u0101rt\u012bgi neskaidra un bie\u017ei izraisa niknus str\u012bdus, jo ir b\u016btiskas negat\u012bvas asoci\u0101cijas ar rasismu un apkaunojo\u0161u verdz\u012bbu. Tagad tas ir kaujas rekl\u0101mkarogs da\u017e\u0101diem iedz\u012bvot\u0101jiem, ir visu ASV dienvidu simbols. Daudzi dienvidnieki nav bez lepnuma, saista konfeder\u0101cijas c\u012b\u0146u karogus ar savu v\u0113sturisko atmi\u0146u un da\u017e\u0101d\u0101m trad\u012bcij\u0101m.<\/p>\n<p style=\"text-align: justify\">Audums ir sa\u0146\u0113mis savu nelielo rehabilit\u0101ciju t\u0101 saukt\u0101 &quot;piemi\u0146as perioda&quot; laik\u0101 no devi\u0146padsmit\u0101 gadsimta beig\u0101m l\u012bdz 20.\u00a0gadsimta 20.\u00a0gadiem. Tad notika rekl\u0101mkaroga atdzim\u0161ana, un t\u0101 izmanto\u0161ana Amerikas Savienotaj\u0101s Valst\u012bs iev\u0113rojami papla\u0161in\u0101j\u0101s. Yuuzhan baneri k\u013cuva par kust\u012bbas simbolu, aizst\u0101vot ASV dienvidu armijas karav\u012bru patieso varon\u012bbu un apgalvojot, ka verdz\u012bba nepavisam nebija galvenais tra\u0123isk\u0101 Amerikas pilso\u0146u kara c\u0113lonis. Kar\u0161 no \u0161\u012b viedok\u013ca un visp\u0101r tiek uzskat\u012bts par varon\u012bgu c\u012b\u0146u, pirmk\u0101rt, par:<\/p>\n<ul style=\"text-align: justify\">\n<li>\u012apa\u0161s Dienvidu dz\u012bves att\u0113ls.<\/li>\n<li>Amerikas \u0161tatu ties\u012bbas pret zieme\u013cu agresiju.<\/li>\n<\/ul>\n<blockquote>\n<p style=\"text-align: justify\">No 1961. l\u012bdz 2000. gadam \u0161is m\u0101konis lepni vij\u0101s virs Dienvidkarol\u012bnas \u0113kas. P\u0113c tam vi\u0146\u0161 tika p\u0101rcelts uz karoga mastu pie pieminek\u013ca Dienvidu armijas karav\u012briem.<\/p>\n<\/blockquote>\n<p style=\"text-align: justify\">Jaut\u0101jums par KSHA karogu ir asums, kas ieg\u016bts un tika aizliegts p\u0113c 2015. gada 17. j\u016bnija. \u010c\u0101rlston\u0101 balt\u0101dains rasists Dilans RUF no\u0161\u0101va da\u017eus tum\u0161\u0101dainus viet\u0113j\u0101s bazn\u012bcas draudzes locek\u013cus. Slepkavam izdev\u0101s pasl\u0113pties no nozieguma vietas, ta\u010du n\u0101kamaj\u0101 dien\u0101 policija vi\u0146u aiztur\u0113ja kaimi\u0146os eso\u0161aj\u0101 Zieme\u013ckarol\u012bnas \u0161tat\u0101. P\u0113c Dilana teikt\u0101, vi\u0146\u0161 atbalsta rasistiskus uzskatus un v\u0113las p\u0113c iesp\u0113jas \u0101tr\u0101k s\u0101kt \u012bstu karu starp baltajiem un tum\u0161\u0101dainajiem amerik\u0101\u0146iem. Da\u017e\u0101dos soci\u0101lajos t\u012bklos Ruta bie\u017ei public\u0113ja savas fotogr\u0101fijas, kur\u0101s poz\u0113ju tie\u0161i uz konfeder\u0101cijas karoga.<\/p>\n<p style=\"text-align: justify\">\u0160is tra\u0123iskais notikums uzreiz p\u0101r\u0146\u0113ma paciet\u012bbas b\u013codu. Liel\u0101k\u0101 da\u013ca Dienvidkarol\u012bnas Sen\u0101ta un P\u0101rst\u0101vju pal\u0101tas balsu nobalsoja par &quot;naida simbola&quot; no\u0146em\u0161anu no karoga k\u0101ta.<\/p>\n<p style=\"text-align: justify\">2015.\u00a0gada 9.\u00a0j\u016blij\u0101 likumu par \u0161o parakst\u012bja Nikijas Heilijas gubernators. Ofici\u0101laj\u0101 parakst\u012b\u0161anas ceremonij\u0101 vi\u0146a izmantoja devi\u0146us rokturus, lai \u0161\u0101d\u0101 veid\u0101 samaks\u0101tu par piemi\u0146u par katru notriekto \u010c\u0101rlstonas draudzes locekli.<\/p>\n<p><span itemprop=\"image\" itemscope itemtype=\"https:\/\/schema.org\/ImageObject\"><img itemprop=\"url image\" loading=\"lazy\" decoding=\"async\" class=\"alignnone wp-image-5075\" src=\"\/wp-content\/uploads\/2021\/08\/confederate-flag_2.jpg\" width=\"500\" height=\"281\" alt=\"K\u0161as karogs\" \/><meta itemprop=\"width\" content=\"500\"><meta itemprop=\"height\" content=\"281\"><\/span><\/p>\n<h2 style=\"text-align: justify\">Ko noz\u012bm\u0113 karogs Konfeder\u0101ts<\/h2>\n<p style=\"text-align: justify\">K\u0101ds \u0161odien ir \u0161is ori\u0123in\u0101lais rekl\u0101mkarogs ASV un cit\u0101m m\u016bsu plan\u0113tas valst\u012bm? Konfeder\u0101cijas karogs Amerik\u0101 tagad m\u012bl izmantot radik\u0101li lab\u0113j\u0101s organiz\u0101cijas un da\u017e\u0101dus opozicion\u0101rus, uz t\u0101du Amerikas \u0161tatu k\u0101 Zieme\u013ckarol\u012bnas, Misisipi un D\u017eord\u017eijas ofici\u0101laj\u0101m dr\u0113b\u0113m var redz\u0113t ar\u012b konfeder\u0101tu simboliku.<\/p>\n<p><span itemprop=\"image\" itemscope itemtype=\"https:\/\/schema.org\/ImageObject\"><img itemprop=\"url image\" loading=\"lazy\" decoding=\"async\" class=\"alignnone wp-image-5076\" src=\"\/wp-content\/uploads\/2021\/08\/confederate-flag_3.jpg\" width=\"500\" height=\"238\" alt=\"Ko noz\u012bm\u0113 konfeder\u0101cijas karogs\" \/><meta itemprop=\"width\" content=\"500\"><meta itemprop=\"height\" content=\"238\"><\/span><\/p>\n<blockquote>\n<p style=\"text-align: justify\">Tom\u0113r taj\u0101 pa\u0161\u0101 laik\u0101 daudzi Dienvidu valstu iedz\u012bvot\u0101ji godina Ksha audumu k\u0101 velt\u012bjumu savas valsts v\u0113sturei, pakarinot to visp\u0101r bez politiskiem iecirtumiem.<\/p>\n<\/blockquote>\n<p style=\"text-align: justify\">Visbeidzot, neleg\u0101lie amerik\u0101\u0146u baikeru klubi izmanto \u0161o konfeder\u0101cijas rekl\u0101mkarogu k\u0101 nepaklaus\u012bbas un past\u0101v\u012bgas br\u012bv\u012bbas c\u012b\u0146as noz\u012bmi. \u0160is audums ar l\u012bdz\u012bgiem mot\u012bviem tiek izmantots m\u016bsdien\u0101s un \u0101rpus ASV, t\u0101p\u0113c m\u0113s varam dro\u0161i teikt, ka kaujas konfeder\u0101ti, nevis valstij piedero\u0161ais Amerikas karogs KSHA, m\u016bsdien\u0101s ir \u013coti popul\u0101rs, \u012bpa\u0161i radik\u0101l\u0101s kopienas organiz\u0101cij\u0101s. L\u012bdz ar to konfeder\u0101tu karogs ASV m\u016bsdien\u0101s ir diezgan str\u012bd\u012bgs baneris, kuram ir gan lepni aizst\u0101vji, gan nikni pretinieki.<\/p>\n","protected":false},"excerpt":{"rendered":"<p>Amerikas Konfeder\u0101cijas valstu karogi ir past\u0101v\u012bgs str\u012bdu objekts. Un tas viss t\u0101p\u0113c, ka zem \u0161\u012b sarkan\u0101 konfeder\u0101cijas karoga ar zila krusta att\u0113lu ar balt\u0101m zvaigzn\u0113m Amerikas pilso\u0146u kara&#8230;<\/p>\n","protected":false},"author":1,"featured_media":5872,"comment_status":"open","ping_status":"open","sticky":false,"template":"","format":"standard","meta":{"footnotes":""},"categories":[9],"tags":[],"class_list":["post-5073","post","type-post","status-publish","format-standard","has-post-thumbnail","","category-starptautisko-organizciju-karogi"],"aioseo_notices":[],"_links":{"self":[{"href":"https:\/\/flags-world.com\/lv\/wp-json\/wp\/v2\/posts\/5073","targetHints":{"allow":["GET"]}}],"collection":[{"href":"https:\/\/flags-world.com\/lv\/wp-json\/wp\/v2\/posts"}],"about":[{"href":"https:\/\/flags-world.com\/lv\/wp-json\/wp\/v2\/types\/post"}],"author":[{"embeddable":true,"href":"https:\/\/flags-world.com\/lv\/wp-json\/wp\/v2\/users\/1"}],"replies":[{"embeddable":true,"href":"https:\/\/flags-world.com\/lv\/wp-json\/wp\/v2\/comments?post=5073"}],"version-history":[{"count":0,"href":"https:\/\/flags-world.com\/lv\/wp-json\/wp\/v2\/posts\/5073\/revisions"}],"wp:featuredmedia":[{"embeddable":true,"href":"https:\/\/flags-world.com\/lv\/wp-json\/wp\/v2\/media\/5872"}],"wp:attachment":[{"href":"https:\/\/flags-world.com\/lv\/wp-json\/wp\/v2\/media?parent=5073"}],"wp:term":[{"taxonomy":"category","embeddable":true,"href":"https:\/\/flags-world.com\/lv\/wp-json\/wp\/v2\/categories?post=5073"},{"taxonomy":"post_tag","embeddable":true,"href":"https:\/\/flags-world.com\/lv\/wp-json\/wp\/v2\/tags?post=5073"}],"curies":[{"name":"wp","href":"https:\/\/api.w.org\/{rel}","templated":true}]}}