{"id":5040,"date":"2021-08-11T14:44:04","date_gmt":"2021-08-11T11:44:04","guid":{"rendered":"https:\/\/flags-world.com\/lv\/2021\/08\/11\/karogi-bi-krsas-un-nozme\/"},"modified":"2021-08-11T14:44:04","modified_gmt":"2021-08-11T11:44:04","slug":"karogi-bi-krsas-un-nozme","status":"publish","type":"post","link":"https:\/\/flags-world.com\/lv\/karogi-bi-krsas-un-nozme\/","title":{"rendered":"Karogi Bi: kr\u0101sas un noz\u012bme"},"content":{"rendered":"<p style=\"text-align: justify\">Karoga bi m\u0113r\u0137is &#8211; palielin\u0101t lepnumu un biseksu\u0101\u013cu redzam\u012bbu. Kr\u0101sas ir roz\u0101, violetas un zilas kombin\u0101cijas &#8211; no aug\u0161as uz leju (horizont\u0101li). Ra\u017eot\u0101ju un tehni\u0137u valod\u0101; Violeta, lavandas un karaliski zila. Lapu iedvesmoja divst\u016bri, divi p\u0101rkl\u0101jo\u0161i tr\u012bsst\u016bri, viens zils un otrs roz\u0101, kas taj\u0101 laik\u0101 bija maz\u0101k paz\u012bstams biseksualit\u0101tes simbols.<\/p>\n<p><span itemprop=\"image\" itemscope itemtype=\"https:\/\/schema.org\/ImageObject\"><img itemprop=\"url image\" loading=\"lazy\" decoding=\"async\" class=\"alignnone wp-image-5041\" src=\"\/wp-content\/uploads\/2021\/08\/bisexual-pride_2.png\" width=\"500\" height=\"299\" alt=\"Biseksu\u0101ls karogs\" \/><meta itemprop=\"width\" content=\"500\"><meta itemprop=\"height\" content=\"299\"><\/span><\/p>\n<p style=\"text-align: justify\">Roz\u0101 un zil\u0101 sloksne aiz\u0146em 40% katra, bet purpursarkan\u0101 josla aiz\u0146em 20%. Roz\u0101 apz\u012bm\u0113 pievilc\u012bbu viendzimuma cilv\u0113kiem, zil\u0101 \u2013 pievilc\u012bbu pret\u0113jam dzimumam, bet purpursarkan\u0101 \u2013 abus, t\u0101p\u0113c t\u0101 savienojas starp tiem.<\/p>\n<h2 style=\"text-align: justify\">Karogi Biseksu\u0101ls lepnums<\/h2>\n<p style=\"text-align: justify\">Rad\u012bt\u0101js bija akt\u012bvists Maikls Peid\u017es, kur\u0161 v\u0113l\u0113j\u0101s pie\u0161\u0137irt identit\u0101tes simbolus biseksu\u0101\u013cu kopienai. Pirmo reizi \u0161is simbols uz skatuves par\u0101d\u012bj\u0101s 1998. gad\u0101 Bicafe pirmaj\u0101 gadadien\u0101 (1998. gada 5. decembr\u012b).<\/p>\n<p style=\"text-align: justify\">Da\u017e\u0101dos interneta forumos biseksu\u0101li lietot\u0101ji uzskata \u0161o rekl\u0101mkarogu par nevajadz\u012bgu, jo vi\u0146i saka: &quot;vi\u0146iem nav vajadz\u012bgs simbols, kas vi\u0146us identific\u0113&quot;. Ta\u010du viedoklis at\u0161\u0137iras \u2013 bija ar\u012b simbolisma piekrit\u0113ji.<\/p>\n<p style=\"text-align: justify\">Fakts, ka rekl\u0101mkarogs eksist\u0113, nenoz\u012bm\u0113, ka tam vajadz\u0113tu p\u0101rst\u0101v\u0113t k\u0101du. Ja k\u0101ds v\u0113las tikt att\u0113lots ar simbolu un uzskata to par veiksm\u012bgu, vi\u0146\u0161 var ar prieku pie\u0146emt \u0161o iesp\u0113ju. Kas negrib, tas var ne\u0146emt.<\/p>\n<p style=\"text-align: justify\">Mums tas pat\u012bk vai n\u0113, m\u0113s p\u0101rvietojamies pa pasauli pa kategorij\u0101m. \u0160\u012bs kategorijas ir sliktas un labas vienlaikus, jo t\u0101s liek mums redz\u0113t pasauli vienk\u0101r\u0161\u0101 veid\u0101. Ta\u010du, savuk\u0101rt, \u0161\u012b vienk\u0101r\u0161\u012bba var rad\u012bt negat\u012bvas sekas.<\/p>\n<p style=\"text-align: justify\">Jau kop\u0161 maz\u0101m dien\u0101m s\u0101k\u0101m apz\u012bm\u0113t eti\u0137etes visapk\u0101rt, lai to saprastu. Probl\u0113ma rodas, ja \u0161ie &quot;birkas&quot;, kas tiek noraid\u012bta apk\u0101rt\u0113j\u0101 noz\u012bm\u0113. Da\u017ei cilv\u0113ki uzskata, ka ir lietas, kas nav j\u0101mar\u0137\u0113, tostarp biseksualit\u0101te.<\/p>\n<h2 style=\"text-align: justify\">K\u0101 izskat\u0101s biseksu\u0101la karogs<\/h2>\n<p style=\"text-align: justify\">Kr\u0101s\u0101m un sv\u012btr\u0101m ir ar\u012b cita noz\u012bme. &quot;Atsl\u0113ga, lai izprastu karoga simboliku, ir biseksu\u0101lis, zinot, ka purpursarkan\u0101s nokr\u0101sas neman\u0101mi sajaucas ar roz\u0101 un zilu, k\u0101 re\u0101laj\u0101 pasaul\u0113, kur cilv\u0113ki ir biseksu\u0101\u013ci sajaucas ar gejiem, lesbiet\u0113m un heteroseksu\u0101\u013ciem&quot; &#8211; Peid\u017ea sniedza paskaidrojumus par \u0161o jaut\u0101jumu.<\/p>\n<p><span itemprop=\"image\" itemscope itemtype=\"https:\/\/schema.org\/ImageObject\"><img itemprop=\"url image\" loading=\"lazy\" decoding=\"async\" class=\"alignnone wp-image-5043\" src=\"\/wp-content\/uploads\/2021\/08\/bisexual-pride_1.png\" width=\"500\" height=\"284\" alt=\"bi karogs\" \/><meta itemprop=\"width\" content=\"500\"><meta itemprop=\"height\" content=\"284\"><\/span><\/p>\n<p style=\"text-align: justify\">Simbolisms ir ne tikai guvis popularit\u0101ti p\u0113d\u0113jo 22 gadu laik\u0101, bet ar\u012b iedvesmojies no t\u0101, ko parasti d\u0113v\u0113 par biseksu\u0101lu apgaismojumu. Tas notiek, ja att\u0113l\u0101, videoklip\u0101 vai film\u0101 tiek izmantoti korporat\u012bvie to\u0146i, lai uzsv\u0113rtu personas biseksualit\u0101ti. Tas notiek, piem\u0113ram, Janelle Mon\u00e1e videoklip\u0101 vietn\u0113 Make Me Feel, dziesm\u0101, kas jau ir himna bi.<\/p>\n<h2 style=\"text-align: justify\">Kr\u0101sas Bi karogs<\/h2>\n<p style=\"text-align: justify\">Divdzimumu rekl\u0101mkarog\u0101 vai biseksu\u0101la lepnuma rekl\u0101mkarog\u0101 ir 3 da\u017e\u0101du kr\u0101su sv\u012btras:<\/p>\n<ol style=\"text-align: justify\">\n<li>Roz\u0101. Att\u0113li &quot;Homoseksualit\u0101te&quot; vai pievilc\u012bba viendzimuma cilv\u0113kiem.<\/li>\n<li>Zils. Apz\u012bm\u0113 &quot;heteroseksualit\u0101ti&quot; vai pievilc\u012bbu pret\u0113jam dzimumam.<\/li>\n<li>Violets. Tas ir sajaukums, kas rakstur\u012bgs biseksu\u0101liem cilv\u0113kiem attiec\u012bb\u0101 uz seksu, jo vi\u0146us piesaista abi dzimumi.<\/li>\n<\/ol>\n<p><span itemprop=\"image\" itemscope itemtype=\"https:\/\/schema.org\/ImageObject\"><img itemprop=\"url image\" loading=\"lazy\" decoding=\"async\" class=\"alignnone wp-image-5044\" src=\"\/wp-content\/uploads\/2021\/08\/bisexual-pride_3.png\" width=\"500\" height=\"335\" alt=\"BB karogs\" \/><meta itemprop=\"width\" content=\"500\"><meta itemprop=\"height\" content=\"335\"><\/span><\/p>\n<blockquote>\n<p style=\"text-align: justify\">Ja piev\u0113rs\u012bsiet uzman\u012bbu, paman\u012bsiet, ka violeta veidojas, sajaucot zilu ar roz\u0101, radot kr\u0101su p\u0101rst\u0101vi da\u017e\u0101d\u0101m gr\u012bd\u0101m.<\/p>\n<\/blockquote>\n<h2 style=\"text-align: justify\">Biseksu\u0101la karogs<\/h2>\n<p style=\"text-align: justify\">Lai saprastu noz\u012bmi, j\u0101preciz\u0113, ka biseksu\u0101\u013cu kopiena pirms rekl\u0101mkaroga par\u0101d\u012b\u0161an\u0101s bija t\u0101 noform\u0113juma simbols: slaveni p\u0101rkl\u0101jo\u0161i zili un roz\u0101 tr\u012bsst\u016bri vai pusm\u0113ness. \u0160im m\u0113nesim ir t\u0101da pati noz\u012bme, un tas tika izveidots, lai izvair\u012btos no tr\u012bsst\u016bru izmanto\u0161anas, jo tiem iepriek\u0161 bija noz\u012bme, kas saist\u012bta ar nacismu. T\u0101p\u0113c tie tika nomain\u012bti uz m\u0113nesi, kur\u0101 ir 3 kr\u0101su kombin\u0101cija.<\/p>\n<p><span itemprop=\"image\" itemscope itemtype=\"https:\/\/schema.org\/ImageObject\"><img itemprop=\"url image\" loading=\"lazy\" decoding=\"async\" class=\"alignnone wp-image-5042\" src=\"\/wp-content\/uploads\/2021\/08\/bisexual-pride_4.png\" width=\"500\" height=\"285\" alt=\"k\u0101ds karogs bi\" \/><meta itemprop=\"width\" content=\"500\"><meta itemprop=\"height\" content=\"285\"><\/span><\/p>\n<p style=\"text-align: justify\">P\u0113c tam Peid\u017es nol\u0113ma pa\u0146emt tr\u012bs no \u0161\u012bs simbolikas veidotas kr\u0101sas un p\u0101rv\u0113rst t\u0101s par rekl\u0101mkarogu. T\u0101d\u0113j\u0101di biseksu\u0101lajam karogam ir tr\u012bs sv\u012btras. Violeta, kas p\u0101rst\u0101v homoseksu\u0101lu seksu\u0101lo orient\u0101ciju; zils, kas p\u0101rst\u0101v heteroseksualit\u0101ti; un purpursarkan\u0101 kr\u0101s\u0101, kas p\u0101rst\u0101v abu orient\u0101ciju kombin\u0101ciju, kas noved pie biseksualit\u0101tes.<\/p>\n","protected":false},"excerpt":{"rendered":"<p>Karoga bi m\u0113r\u0137is &#8211; palielin\u0101t lepnumu un biseksu\u0101\u013cu redzam\u012bbu. Kr\u0101sas ir roz\u0101, violetas un zilas kombin\u0101cijas &#8211; no aug\u0161as uz leju (horizont\u0101li). Ra\u017eot\u0101ju un tehni\u0137u valod\u0101; Violeta, lavandas&#8230;<\/p>\n","protected":false},"author":1,"featured_media":5862,"comment_status":"open","ping_status":"open","sticky":false,"template":"","format":"standard","meta":{"footnotes":""},"categories":[10],"tags":[],"class_list":["post-5040","post","type-post","status-publish","format-standard","has-post-thumbnail","","category-karogu-orientcijas"],"aioseo_notices":[],"_links":{"self":[{"href":"https:\/\/flags-world.com\/lv\/wp-json\/wp\/v2\/posts\/5040","targetHints":{"allow":["GET"]}}],"collection":[{"href":"https:\/\/flags-world.com\/lv\/wp-json\/wp\/v2\/posts"}],"about":[{"href":"https:\/\/flags-world.com\/lv\/wp-json\/wp\/v2\/types\/post"}],"author":[{"embeddable":true,"href":"https:\/\/flags-world.com\/lv\/wp-json\/wp\/v2\/users\/1"}],"replies":[{"embeddable":true,"href":"https:\/\/flags-world.com\/lv\/wp-json\/wp\/v2\/comments?post=5040"}],"version-history":[{"count":0,"href":"https:\/\/flags-world.com\/lv\/wp-json\/wp\/v2\/posts\/5040\/revisions"}],"wp:featuredmedia":[{"embeddable":true,"href":"https:\/\/flags-world.com\/lv\/wp-json\/wp\/v2\/media\/5862"}],"wp:attachment":[{"href":"https:\/\/flags-world.com\/lv\/wp-json\/wp\/v2\/media?parent=5040"}],"wp:term":[{"taxonomy":"category","embeddable":true,"href":"https:\/\/flags-world.com\/lv\/wp-json\/wp\/v2\/categories?post=5040"},{"taxonomy":"post_tag","embeddable":true,"href":"https:\/\/flags-world.com\/lv\/wp-json\/wp\/v2\/tags?post=5040"}],"curies":[{"name":"wp","href":"https:\/\/api.w.org\/{rel}","templated":true}]}}