{"id":5036,"date":"2021-08-11T14:34:37","date_gmt":"2021-08-11T11:34:37","guid":{"rendered":"https:\/\/flags-world.com\/lv\/2021\/08\/11\/veices-karogs-nozme-un-krsas\/"},"modified":"2021-08-11T14:34:37","modified_gmt":"2021-08-11T11:34:37","slug":"veices-karogs-nozme-un-krsas","status":"publish","type":"post","link":"https:\/\/flags-world.com\/lv\/veices-karogs-nozme-un-krsas\/","title":{"rendered":"\u0160veices karogs: noz\u012bme un kr\u0101sas"},"content":{"rendered":"<p style=\"text-align: justify\">\u0160veice \u2013 valsts ar gadsimtiem senu un \u013coti interesantu st\u0101stu. \u0160\u012b ir tauta ar para\u017e\u0101m un kult\u016bru, kas aiziet pag\u0101tn\u0113 daudzus gadsimtus. \u0160\u012b teritorija ir p\u0101rdz\u012bvojusi da\u017e\u0101dus posmus, karus un v\u0113stures periodus gadu gait\u0101, kas ir ien\u0101ku\u0161i st\u0101st\u0101. \u0160veices karogs ir viens no \u010detriem simboliem: \u0123erbonis, dev\u012bze, kas lat\u012b\u0146u valod\u0101 noz\u012bm\u0113 &quot;viens par visiem un visi par vienu&quot;, un himna, kas paz\u012bstama k\u0101 &quot;\u0160veices psalms&quot;.<\/p>\n<p><span itemprop=\"image\" itemscope itemtype=\"https:\/\/schema.org\/ImageObject\"><img itemprop=\"url image\" loading=\"lazy\" decoding=\"async\" class=\"alignnone wp-image-5038\" src=\"\/wp-content\/uploads\/2021\/08\/flag-of-switzerland_1.png\" width=\"500\" height=\"272\" alt=\"\u0160veices karogs\" \/><meta itemprop=\"width\" content=\"500\"><meta itemprop=\"height\" content=\"272\"><\/span><\/p>\n<p style=\"text-align: justify\">Viena no ofici\u0101laj\u0101m versij\u0101m n\u0101k no \u0160veices \u0123erbo\u0146a. Cita da\u013ca v\u0113sturnieku piekr\u012bt viedoklim, ka izcelsme ir saist\u012bta ar &quot;desmit t\u016bksto\u0161iem bru\u0146inieku&quot; (krusta karu laikiem). Kr\u0101sa apstiprin\u0101ta tikai 2007. gad\u0101. Kvadr\u0101tveida forma ir saist\u012bta ar v\u0113sturi. Simbolismu pla\u0161i izmantoja 1339. gad\u0101 Lup\u012bnas kaujas laik\u0101. No \u0161iem laikiem t\u0101 tika izlemts. Likums par taisnst\u016bra formu tika pie\u0146emts tikai 1953. gad\u0101.<\/p>\n<h2 style=\"text-align: justify\">K\u0101 izskat\u0101s \u0160veices karogs<\/h2>\n<p style=\"text-align: justify\">\u0160veices karogu att\u0113lo sarkana auduma kvadr\u0101ta forma ar taisnu baltu krustu centr\u0101, kura gali nesaskaras ar mal\u0101m. Garums Krusti uz 1\/6 platuma. Ofici\u0101li apstiprin\u0101ts 1889. gada 12. decembr\u012b un kop\u0161 t\u0101 laika nav main\u012bjies. Iesv\u0113t\u012bts ar sudraba krustu laik\u0101, kad notika kaujas par Sv\u0113t\u0101s V\u0101cijas Romas imp\u0113rijas karasp\u0113ka un karot\u0101ju aizsardz\u012bbu.<\/p>\n<h2 style=\"text-align: justify\">Noz\u012bm\u0113 \u0160veices karoga kr\u0101sas<\/h2>\n<p style=\"text-align: justify\">Sast\u0101v no sarkana fona un krusta 4 zobu centr\u0101. Tas ir viens no nedaudzajiem ar attiec\u012bbu 1: 1, tas ir, tam ir kvadr\u0101tveida forma. Pirms daudziem gadsimtiem tie, kas ir paz\u012bstami k\u0101 konfeder\u0101ti, valk\u0101ja \u0160veices krustu, lai piev\u0113rstu uzman\u012bbu kaujas laukam karu laik\u0101. T\u0101d\u0113j\u0101di 1339. gad\u0101 tas tika dokument\u0113ts k\u0101 pirmais kar\u0101 redz\u0113tais krusts.<\/p>\n<blockquote>\n<p style=\"text-align: justify\">Agr\u0101k vi\u0146\u0161 bija cits. Vi\u0146am bija tr\u012bs horizont\u0101las za\u013cas, sarkanas un dzeltenas sv\u012btras. Centr\u0101 ir ar\u012b teksts ar uzrakstu Gelvescent Republic fran\u010du valod\u0101. \u0160\u012b opcija atbilst 1798. un 1803. gadam.<\/p>\n<\/blockquote>\n<p style=\"text-align: justify\">Apskat\u012bsim \u0160veices karoga noz\u012bmi. Tas ir \u013coti vienk\u0101r\u0161i un piesaista uzman\u012bbu ar to, ka to ir viegli atpaz\u012bt. Satversm\u0113 nav noteikts, vai katram banerim ir \u012bpa\u0161a noz\u012bme, ta\u010du m\u0113s to varam zin\u0101t v\u0113stur\u0113:<\/p>\n<ol style=\"text-align: justify\">\n<li>Baltais krusts simboliz\u0113 neitralit\u0101ti, ko valsts agr\u0101k demonstr\u0113ja v\u0113sturisku konfliktu laik\u0101, piem\u0113ram, Otr\u0101 vai Pirm\u0101 pasaules kara laik\u0101;<\/li>\n<li>Sarkanajai kr\u0101sai nav noteiktas v\u0113rt\u012bbas, ta\u010du to var attiecin\u0101t uz daudz vair\u0101k da\u017e\u0101du \u0161\u012bs valsts v\u0113stures elementu.<\/li>\n<\/ol>\n<p style=\"text-align: justify\">Ja ticat k\u0101dam avotam, valsts karoga izcelsme ir saist\u012bta ar Unheralded, Uri un Schwartz. Vi\u0146i bija spiesti apvienoties, lai st\u0101tos pret\u012b Habsburgu grafikiem, kuri sk\u0101ra vi\u0146u varu un cent\u0101s stiprin\u0101t situ\u0101ciju Eirop\u0101, ie\u0146emot jaunas zemes.<\/p>\n<p><span itemprop=\"image\" itemscope itemtype=\"https:\/\/schema.org\/ImageObject\"><img itemprop=\"url image\" loading=\"lazy\" decoding=\"async\" class=\"alignnone wp-image-5037\" src=\"\/wp-content\/uploads\/2021\/08\/flag-of-switzerland_2.png\" width=\"500\" height=\"278\" alt=\"\u0160veices karogs\" \/><meta itemprop=\"width\" content=\"500\"><meta itemprop=\"height\" content=\"278\"><\/span><\/p>\n<h2 style=\"text-align: justify\">Noz\u012bme \u0160veices karogs<\/h2>\n<p style=\"text-align: justify\">\u0160vicas kanton\u0101 Helvescentas kalnos Kop\u0161 XIII gadsimta s\u0101kuma ir sarkans karogs ar baltu krustu aug\u0161\u0113j\u0101 labaj\u0101 st\u016br\u012b. Nosaukums &quot;\u0160veice&quot; (v\u0101cu valod\u0101 \u0160veice) c\u0113lies no \u0161\u012b kantona. 1338. gad\u0101 vi\u0146a alianse ar Uri un Untervaldas kantoniem iez\u012bm\u0113ja Helv\u0113tu konfeder\u0101cijas izcelsmi.<\/p>\n<p style=\"text-align: justify\">Gatavi iejaukties kauj\u0101 pie Lamina (1339), karav\u012bri valk\u0101ja baltus krustus uz uniform\u0101m. Vi\u0146iem tautas br\u012bv\u012bba bija ne maz\u0101k svar\u012bga k\u0101 Sv\u0113t\u0101s zemes atbr\u012bvo\u0161ana. Feder\u0101lais krusts (Eidgenossen Cr\u00fcitz) kalpoja, lai apvienotu da\u017e\u0101dus kantonus, kas pievienoj\u0101s \u0160veices Konfeder\u0101cijai. 1513. gad\u0101 vi\u0146iem bija tr\u012bspadsmit. 1516. gad\u0101 ar Franciju tika parakst\u012bts beztermi\u0146a miera l\u012bgums. Kvadr\u0101tveida simbols tika ofici\u0101li dekor\u0113ts 1889. gad\u0101.<\/p>\n<h2 style=\"text-align: justify\">Kas ir att\u0113lots uz \u0160veices karoga<\/h2>\n<p style=\"text-align: justify\">K\u0101 izskat\u0101s \u0160veices karogs? Tas ir sarkans kvadr\u0101ts ar baltu krustu vid\u016b (skatiet fotoatt\u0113lu). Fona kr\u0101sa tika pasludin\u0101ta par simbolu, kas aizsarg\u0101 \u017den\u0113vas konvenciju (1864). Taisnst\u016bra formas simbols &#8211; iepirk\u0161an\u0101s.<\/p>\n<p style=\"text-align: justify\">Sarkanajam karogam pasaul\u0113 joproj\u0101m ir Vatik\u0101ns. \u0160veices simbolikai ir vald\u012bbas apstiprin\u0101ti izm\u0113ri (Rezol\u016bcija 1889). Pa\u0161\u0101 s\u0101kum\u0101 uz audekla att\u0113lotais simbols bija reli\u0123isks. \u0160obr\u012bd vi\u0146\u0161 nor\u0101da uz valsts neatkar\u012bbu un atg\u0101dina, ka br\u012bv\u012bba ir neaizskarama.<\/p>\n<p style=\"text-align: justify\">Pateicoties kvadr\u0101tveida formai, j\u016bs varat pak\u0101rt audekls uz jebkuru pusi. Att\u0113la simetrija paliek nemain\u012bga. Ofici\u0101li z\u012bm\u0113juma konfigur\u0101cija nav fiks\u0113ta un ir vair\u0101kk\u0101rt main\u012bta. Tikai kr\u0101su \u0161\u0137\u012bdums palika nemain\u012bgs.<\/p>\n","protected":false},"excerpt":{"rendered":"<p>\u0160veice \u2013 valsts ar gadsimtiem senu un \u013coti interesantu st\u0101stu. \u0160\u012b ir tauta ar para\u017e\u0101m un kult\u016bru, kas aiziet pag\u0101tn\u0113 daudzus gadsimtus. \u0160\u012b teritorija ir p\u0101rdz\u012bvojusi da\u017e\u0101dus posmus,&#8230;<\/p>\n","protected":false},"author":1,"featured_media":5956,"comment_status":"open","ping_status":"open","sticky":false,"template":"","format":"standard","meta":{"footnotes":""},"categories":[3],"tags":[],"class_list":["post-5036","post","type-post","status-publish","format-standard","has-post-thumbnail","","category-eiropas-karogi"],"aioseo_notices":[],"_links":{"self":[{"href":"https:\/\/flags-world.com\/lv\/wp-json\/wp\/v2\/posts\/5036","targetHints":{"allow":["GET"]}}],"collection":[{"href":"https:\/\/flags-world.com\/lv\/wp-json\/wp\/v2\/posts"}],"about":[{"href":"https:\/\/flags-world.com\/lv\/wp-json\/wp\/v2\/types\/post"}],"author":[{"embeddable":true,"href":"https:\/\/flags-world.com\/lv\/wp-json\/wp\/v2\/users\/1"}],"replies":[{"embeddable":true,"href":"https:\/\/flags-world.com\/lv\/wp-json\/wp\/v2\/comments?post=5036"}],"version-history":[{"count":0,"href":"https:\/\/flags-world.com\/lv\/wp-json\/wp\/v2\/posts\/5036\/revisions"}],"wp:featuredmedia":[{"embeddable":true,"href":"https:\/\/flags-world.com\/lv\/wp-json\/wp\/v2\/media\/5956"}],"wp:attachment":[{"href":"https:\/\/flags-world.com\/lv\/wp-json\/wp\/v2\/media?parent=5036"}],"wp:term":[{"taxonomy":"category","embeddable":true,"href":"https:\/\/flags-world.com\/lv\/wp-json\/wp\/v2\/categories?post=5036"},{"taxonomy":"post_tag","embeddable":true,"href":"https:\/\/flags-world.com\/lv\/wp-json\/wp\/v2\/tags?post=5036"}],"curies":[{"name":"wp","href":"https:\/\/api.w.org\/{rel}","templated":true}]}}