{"id":5022,"date":"2021-08-11T14:09:28","date_gmt":"2021-08-11T11:09:28","guid":{"rendered":"https:\/\/flags-world.com\/lv\/2021\/08\/11\/luksemburgas-karogs-nozme-un-krsas\/"},"modified":"2021-08-11T14:09:28","modified_gmt":"2021-08-11T11:09:28","slug":"luksemburgas-karogs-nozme-un-krsas","status":"publish","type":"post","link":"https:\/\/flags-world.com\/lv\/luksemburgas-karogs-nozme-un-krsas\/","title":{"rendered":"Luksemburgas karogs: noz\u012bme un kr\u0101sas"},"content":{"rendered":"<p style=\"text-align: justify\">Luksemburgas karogs ofici\u0101li p\u0101rst\u0101v t\u0101 saukto Lielo hercogisti. \u0160\u012b teritorija ir neliela valsts, kas atrodas Eiropas Savien\u012bb\u0101. Ce\u013ci ar Franciju, V\u0101ciju un Be\u013c\u0123iju. Iedz\u012bvot\u0101ju skaits ir aptuveni 600 000 cilv\u0113ku.<\/p>\n<p><span itemprop=\"image\" itemscope itemtype=\"https:\/\/schema.org\/ImageObject\"><img itemprop=\"url image\" loading=\"lazy\" decoding=\"async\" class=\"alignnone wp-image-5024\" src=\"\/wp-content\/uploads\/2021\/08\/flag-of-luxembourg_1.png\" width=\"500\" height=\"297\" alt=\"Luksemburgas karogs\" \/><meta itemprop=\"width\" content=\"500\"><meta itemprop=\"height\" content=\"297\"><\/span><\/p>\n<p style=\"text-align: justify\">K\u0101 autonoma un neatkar\u012bga teritorija Luksemburga izveidoj\u0101s pavisam nesen. T\u0101p\u0113c visa simbolika attiecas uz XIX gadsimtu un paliek nemain\u012bga kop\u0161 1972. gada. S\u0101kum\u0101 centr\u0101 bija zili baltas sv\u012btras un sarkans lauva. M\u016bsdienu versijai ir izm\u0113ru attiec\u012bba 3:5 vai 162.<\/p>\n<h2 style=\"text-align: justify\">K\u0101 izskat\u0101s Luksemburgas karogs<\/h2>\n<p style=\"text-align: justify\">Luksemburgas valsts karogs sast\u0101v no trim horizont\u0101l\u0101m sv\u012btr\u0101m: pirm\u0101 sarkana, otr\u0101 balta un tre\u0161\u0101 debeszila. Daudzi vi\u0146u jauc ar N\u012bderlandes karogu. K\u0101p\u0113c Luksemburgai un N\u012bderlandei ir viens karogs?? \u0160is jaut\u0101jums rodas no tiem, kas ir paz\u012bstami ar valstu simboliem. Simboli ir \u013coti l\u012bdz\u012bgi, bet ne vien\u0101di. Galven\u0101 at\u0161\u0137ir\u012bba ir tre\u0161aj\u0101 josl\u0101. Holandes vai N\u012bderlandes gad\u012bjum\u0101 tre\u0161ajai joslai ir zila kr\u0101sa, Luksemburgas debeszila versija.<\/p>\n<p><span itemprop=\"image\" itemscope itemtype=\"https:\/\/schema.org\/ImageObject\"><img itemprop=\"url image\" loading=\"lazy\" decoding=\"async\" class=\"alignnone wp-image-5023\" src=\"\/wp-content\/uploads\/2021\/08\/flag-of-luxembourg_2.png\" width=\"500\" height=\"290\" alt=\"Luksemburgas karoga foto\" \/><meta itemprop=\"width\" content=\"500\"><meta itemprop=\"height\" content=\"290\"><\/span><\/p>\n<p style=\"text-align: justify\">Rekl\u0101mkarogs at\u0161\u0137ir\u012bb\u0101 no N\u012bderlandes, ar kuru tas tiek past\u0101v\u012bgi sal\u012bdzin\u0101ts, at\u0161\u0137iras ne tikai ar p\u0113d\u0113j\u0101s joslas nokr\u0101su, bet ar\u012b izm\u0113ru. T\u0101 platums ir nedaudz maz\u0101ks. \u0160ie divi baneri ir iedvesmoti no Francijas 1. Republikas karoga. T\u0101p\u0113c tiem ir vien\u0101da strukt\u016bra un kr\u0101sas.<\/p>\n<h2 style=\"text-align: justify\">Luksemburgas kr\u0101su karogs<\/h2>\n<p style=\"text-align: justify\">K\u0101ds karogs Luksemburg\u0101? L\u012bdz\u012bba ar N\u012bderlandi izrais\u012bja daudzas diskusijas. Rad\u0101s jaut\u0101jums par simbolu mai\u0146u. 2006. gad\u0101 parlamenta deput\u0101ts Mi\u0161els Volt\u0113rs ierosin\u0101ja aizst\u0101t eso\u0161o sarkanbalto versiju uz Sarkan\u0101s lauvas simbola.<\/p>\n<p style=\"text-align: justify\">P\u0113c vi\u0146a teikt\u0101, lauva ir v\u0113sturiska noz\u012bme un popul\u0101r\u0101ka est\u0113tiskajos pl\u0101nos. \u0160\u0101ds l\u0113mums, vi\u0146apr\u0101t, ienes\u012bs vair\u0101k individualit\u0101tes un neb\u016bs apjukuma. Liel\u0101k\u0101 da\u013ca aptauj\u0101to atbalst\u012bja Volt\u0113ra iniciat\u012bvu, ta\u010du viet\u0113jie mediji un daudzi politiskie darbinieki par to pauda izbr\u012bnu.<\/p>\n<blockquote>\n<p style=\"text-align: justify\">Sarkanbaltzilo audumu nomain\u012bja Mi\u0161els Volters \u2013 Saeimas frakcijas priek\u0161s\u0113d\u0113t\u0101js. Ofici\u0101l\u0101s izmai\u0146as tika re\u0123istr\u0113tas un standartiz\u0113tas 1972. gad\u0101. Bet l\u012bdz\u012bbas ar N\u012bderlandes rekl\u0101mkarogu d\u0113\u013c zilais tonis tika paspilgtin\u0101ts l\u012bdz Pantone 299s kr\u0101sai. Saska\u0146\u0101 ar liel\u0101ko da\u013cu \u0161o pas\u0101kumu ar to nebija pietiekami. Apm\u0113ram 90% iedz\u012bvot\u0101ju balsoja par variantu ar sarkan\u0101s lauvas att\u0113lu. 2007. gad\u0101 to at\u013c\u0101va izmantot valsts robe\u017e\u0101s.<\/p>\n<\/blockquote>\n<p style=\"text-align: justify\">Casus izcelsme notika apm\u0113ram pirms diviem gadsimtiem. Neuzman\u012bba un deta\u013cu tr\u016bkums saist\u012bb\u0101 ar karali Vilhelmu I (1715). Holande ietekm\u0113ja \u0161o procesu. Ar iniciat\u012bv\u0101m pietika tikai, lai padar\u012btu gai\u0161\u0101ku audekla apak\u0161\u0113jo joslu. Bet tas tika izdar\u012bts tikai p\u0113c 20 gadiem. L\u0113mums par banera mai\u0146u l\u012bdz \u0161im nav pie\u0146emts.<\/p>\n<h2 style=\"text-align: justify\">Noz\u012bm\u0113 kr\u0101sas Luksemburgas karogs<\/h2>\n<p style=\"text-align: justify\">Lielhercogistes rekl\u0101mkarogs, kas attiecas uz 13. gadsimta s\u0101kumu, bija horizont\u0101la zilu un baltu sv\u012btru mai\u0146a, uz kuras fona bija sarkana lauva. Heraldiskais simbols apz\u012bm\u0113ja hercogus un cilv\u0113ku m\u0101jienu. P\u0113c kara ar Napoleonu, k\u013c\u016bstot par atsevi\u0161\u0137u valsti, valsts atrad\u0101s N\u012bderlandes aizsardz\u012bb\u0101. Kas varb\u016bt un ietekm\u0113ja simbolikas l\u012bdz\u012bbu. Dokument\u0101rais apstiprin\u0101jums nepast\u0101v.<\/p>\n<p><span itemprop=\"image\" itemscope itemtype=\"https:\/\/schema.org\/ImageObject\"><img itemprop=\"url image\" loading=\"lazy\" decoding=\"async\" class=\"alignnone wp-image-5025\" src=\"\/wp-content\/uploads\/2021\/08\/flag-of-luxembourg_3.png\" width=\"500\" height=\"292\" alt=\"Luksemburgas valsts karogs\" \/><meta itemprop=\"width\" content=\"500\"><meta itemprop=\"height\" content=\"292\"><\/span><\/p>\n<p style=\"text-align: justify\">Saska\u0146\u0101 ar izcelsmes v\u0113sturi Francija ir pie\u0161\u0137\u012brusi milz\u012bgu lomu. Tie\u0161i no \u0161\u012bs valsts ir p\u0101r\u0146emta ziedu noz\u012bme:<\/p>\n<ol style=\"text-align: justify\">\n<li>Sarkan\u0101 kr\u0101sa simboliz\u0113 cilv\u0113ku noz\u012bmi valstij;<\/li>\n<li>Balt\u0101 kr\u0101sa ir saist\u012bta ar izpildvaru;<\/li>\n<li>Zils ir ties\u012bbu akts.<\/li>\n<\/ol>\n<blockquote>\n<p style=\"text-align: justify\">S\u0101ka izmantot valsts simbolu \u2013 sarkanu lauvu ar dzelten\u0101 kr\u0101s\u0101 nokr\u0101sotu vainagu. T\u0101da pati nokr\u0101sa bija uz paka\u013ck\u0101j\u0101m st\u0101vo\u0161\u0101 zv\u0113ra nagiem. \u0160im att\u0113lam ir vismaz 300 gadu.<\/p>\n<\/blockquote>\n<p style=\"text-align: justify\">Tas pats joslas lielums noz\u012bm\u0113 vienl\u012bdz\u012bbu, br\u0101l\u012bbu un br\u012bv\u012bbu. T\u0101ds pats moto bija Francijas revol\u016bcija. Kr\u0101su l\u0113mums tika pie\u0146emts un legaliz\u0113ts 1830. gad\u0101 p\u0113c Be\u013c\u0123ijas revol\u016bcijas. Tiek uzskat\u012bts, ka tie bija apgabala un Dukas \u0123erbo\u0146a rezult\u0101ts. Uzmont\u0113tais m\u016bsdienu z\u012bm\u0113jums bija 1845. gada vasar\u0101.<\/p>\n<blockquote>\n<p style=\"text-align: justify\">Deput\u0101ti nesteidzas veikt izmai\u0146as valsts simbolik\u0101. Viss paliek uz ilgu laiku. Ku\u0123iem tiek izmantota opcija ar 10 zil\u0101m sv\u012btr\u0101m un sarkanu lauvu vid\u016b.<\/p>\n<\/blockquote>\n","protected":false},"excerpt":{"rendered":"<p>Luksemburgas karogs ofici\u0101li p\u0101rst\u0101v t\u0101 saukto Lielo hercogisti. \u0160\u012b teritorija ir neliela valsts, kas atrodas Eiropas Savien\u012bb\u0101. Ce\u013ci ar Franciju, V\u0101ciju un Be\u013c\u0123iju. Iedz\u012bvot\u0101ju skaits ir aptuveni 600&#8230;<\/p>\n","protected":false},"author":1,"featured_media":5891,"comment_status":"open","ping_status":"open","sticky":false,"template":"","format":"standard","meta":{"footnotes":""},"categories":[3],"tags":[],"class_list":["post-5022","post","type-post","status-publish","format-standard","has-post-thumbnail","","category-eiropas-karogi"],"aioseo_notices":[],"_links":{"self":[{"href":"https:\/\/flags-world.com\/lv\/wp-json\/wp\/v2\/posts\/5022","targetHints":{"allow":["GET"]}}],"collection":[{"href":"https:\/\/flags-world.com\/lv\/wp-json\/wp\/v2\/posts"}],"about":[{"href":"https:\/\/flags-world.com\/lv\/wp-json\/wp\/v2\/types\/post"}],"author":[{"embeddable":true,"href":"https:\/\/flags-world.com\/lv\/wp-json\/wp\/v2\/users\/1"}],"replies":[{"embeddable":true,"href":"https:\/\/flags-world.com\/lv\/wp-json\/wp\/v2\/comments?post=5022"}],"version-history":[{"count":0,"href":"https:\/\/flags-world.com\/lv\/wp-json\/wp\/v2\/posts\/5022\/revisions"}],"wp:featuredmedia":[{"embeddable":true,"href":"https:\/\/flags-world.com\/lv\/wp-json\/wp\/v2\/media\/5891"}],"wp:attachment":[{"href":"https:\/\/flags-world.com\/lv\/wp-json\/wp\/v2\/media?parent=5022"}],"wp:term":[{"taxonomy":"category","embeddable":true,"href":"https:\/\/flags-world.com\/lv\/wp-json\/wp\/v2\/categories?post=5022"},{"taxonomy":"post_tag","embeddable":true,"href":"https:\/\/flags-world.com\/lv\/wp-json\/wp\/v2\/tags?post=5022"}],"curies":[{"name":"wp","href":"https:\/\/api.w.org\/{rel}","templated":true}]}}