{"id":5015,"date":"2021-08-11T11:10:49","date_gmt":"2021-08-11T08:10:49","guid":{"rendered":"https:\/\/flags-world.com\/lv\/2021\/08\/11\/francijas-karogs-krsas-un-nozme\/"},"modified":"2021-08-11T11:10:49","modified_gmt":"2021-08-11T08:10:49","slug":"francijas-karogs-krsas-un-nozme","status":"publish","type":"post","link":"https:\/\/flags-world.com\/lv\/francijas-karogs-krsas-un-nozme\/","title":{"rendered":"Francijas karogs: kr\u0101sas un noz\u012bme"},"content":{"rendered":"<p style=\"text-align: justify\">Da\u017e\u0101du valstu karogiem ir savs st\u0101sts un noz\u012bme, kas tos saista no katras v\u0113rt\u012bbas, d\u0101rgas valsts. Labs piem\u0113rs ir Francijas karogs, kas tagad ir atpaz\u012bstams vis\u0101 pasaul\u0113. Savulaik vi\u0146\u0161 izg\u0101ja cauri daudziem sare\u017e\u0123\u012btiem v\u0113stures posmiem, pirms sasniedza slaveno tr\u012bskr\u0101su.<\/p>\n<p><span itemprop=\"image\" itemscope itemtype=\"https:\/\/schema.org\/ImageObject\"><img itemprop=\"url image\" loading=\"lazy\" decoding=\"async\" class=\"alignnone wp-image-5018\" src=\"\/wp-content\/uploads\/2021\/08\/flag-of-france_1.png\" alt=\"Francijas karogs\" width=\"492\" height=\"301\" \/><meta itemprop=\"width\" content=\"492\"><meta itemprop=\"height\" content=\"301\"><\/span><\/p>\n<h2 style=\"text-align: justify\">K\u0101ds karogs Francij\u0101<\/h2>\n<p style=\"text-align: justify\">Simbolisms, ar kuru valsts lepojas \u0161odien, saglab\u0101 st\u0101stu, kas dzimis k\u0101 liber\u0101lo ideju auglis, kas rad\u0101s l\u012bdz ar 1789.\u00a0gada revol\u016bciju. Ideja bija Mar\u0137\u012bza de Lafajeta &#8211; milit\u0101r\u0101 un politi\u0137a iedvesma. Vi\u0146\u0161 aicin\u0101ja tautu uztvert \u0161o kr\u0101su sh\u0113mu k\u0101 Dzimtenes z\u012bmi. Tas bija par sarkan\u0101, balt\u0101 un zil\u0101 savieno\u0161anu vertik\u0101li.<\/p>\n<p style=\"text-align: justify\">P\u0113c k\u0101da laika tika nolemts main\u012bt kr\u0101su sv\u012btru sec\u012bbu, novietojot zilo joslu pie stie\u0146a, bet sarkano joslu beig\u0101s. \u0160\u012b ideja rad\u0101s p\u0113c slaven\u0101 fran\u010du m\u0101kslinieka \u017daka Lu\u012b Deivida ieteikuma.<\/p>\n<blockquote>\n<p style=\"text-align: justify\">Francijas tr\u012bs vertik\u0101lo sv\u012btru karogs k\u013cuva ofici\u0101ls l\u012bdz ar 1946. un 1958. gada konstit\u016bciju. No \u0161\u012b br\u012b\u017ea baneris, kas pl\u012bvo visos ofici\u0101lajos pas\u0101kumos, k\u0101 ar\u012b uz sabiedrisk\u0101m \u0113k\u0101m.<\/p>\n<\/blockquote>\n<h2 style=\"text-align: justify\">Francijas kr\u0101su karogs<\/h2>\n<p style=\"text-align: justify\">Pirms revol\u016bcijas (1789) valsts nacion\u0101l\u0101 kr\u0101sa bija balta, kas saist\u012bta ar monarhiju, k\u0101 ar\u012b absol\u016btisma autorit\u0101ti. Ta\u010du revolucion\u0101raj\u0101 klimat\u0101 s\u0101ka izmantot da\u017e\u0101dus ar politisko simboliku saist\u012btus elementus, rad\u0101s ideja par m\u016bsdien\u0101s izmantoto tr\u012bskr\u0101su rekl\u0101mkarogu.<\/p>\n<p><span itemprop=\"image\" itemscope itemtype=\"https:\/\/schema.org\/ImageObject\"><img itemprop=\"url image\" loading=\"lazy\" decoding=\"async\" class=\"alignnone wp-image-5017\" src=\"\/wp-content\/uploads\/2021\/08\/flag-of-france_2.png\" width=\"500\" height=\"300\" alt=\"Francijas karogs\" \/><meta itemprop=\"width\" content=\"500\"><meta itemprop=\"height\" content=\"300\"><\/span><\/p>\n<p style=\"text-align: justify\">Revol\u016bcijas laik\u0101 Par\u012bzes vald\u012bba piepras\u012bja, lai bru\u0146otie pilso\u0146i valk\u0101tu pils\u0113tas kr\u0101sas, lai at\u0161\u0137irtu vi\u0146us no monarhistiem. Rekl\u0101mkarogs toreiz bija kvadr\u0101tveida, sast\u0101v\u0113ja no div\u0101m vertik\u0101l\u0101m sv\u012btr\u0101m, viena zila, otra sarkana. P\u0113c 1789. gada tautas sacel\u0161an\u0101s Bast\u012blijas cietuma ie\u0146em\u0161anas tika nolemts apvienot ar tautu saist\u012bto sarkano un zilo kr\u0101su ar monarhijas balto kr\u0101su, kas taj\u0101s dien\u0101s vald\u012bja agr\u0101k. Balts starp tiem, viens veids, k\u0101 nor\u0101d\u012bt, ka monarhija ar cilv\u0113kiem. V\u0113l\u0101k revol\u016bcija g\u0101za monarhiju un izveidoja pirmo Francijas Republiku. K\u0101 tagad fotoatt\u0113l\u0101 izskat\u0101s Francijas karogs?<\/p>\n<h2 style=\"text-align: justify\">Noz\u012bm\u0113 Francijas karoga kr\u0101sas<\/h2>\n<p style=\"text-align: justify\">T\u0101pat k\u0101 daudzos simbolos, re\u0101l\u0101s noz\u012bmes kr\u0101sas tiek apspriestas. Visizplat\u012bt\u0101k\u0101 versija:<\/p>\n<ol style=\"text-align: justify\">\n<li>Zila: Viena no Par\u012bzes pils\u0113tas galvenaj\u0101m kr\u0101s\u0101m.<\/li>\n<li>Balta: tradicion\u0101l\u0101 monarhijas kr\u0101sa Francij\u0101.<\/li>\n<li>Sarkans: Par\u012bzes karoga otr\u0101 kr\u0101sa, revolucion\u0101ru simbols, lai gan sarkan\u0101 var simboliz\u0113t ar\u012b br\u012bv\u012bb\u0101 izlieto cilv\u0113ku asinis.<\/li>\n<\/ol>\n<blockquote>\n<p style=\"text-align: justify\">Kas attiecas uz tr\u012bs joslu vertik\u0101li, t\u0101 b\u016btu tikai izv\u0113le, lai nemulsin\u0101tu Francijas un N\u012bderlandes tiesu baneri.<\/p>\n<\/blockquote>\n<h2 style=\"text-align: justify\">Visi Francijas karogi<\/h2>\n<p style=\"text-align: justify\">Izmantojot to pa\u0161u re\u017e\u012bmu, Francijai bija daudz iesp\u0113ju, daudzi t\u0101s milit\u0101rie un j\u016bras simboli bija sare\u017e\u0123\u012bti un pak\u013cauti m\u0101ksliniecisk\u0101m vari\u0101cij\u0101m. Valsts simbolikas pamat\u0101 bija kara\u013ca \u0123erbonis &#8211; zils vairogs ar trim zelta lilij\u0101m.<\/p>\n<p><span itemprop=\"image\" itemscope itemtype=\"https:\/\/schema.org\/ImageObject\"><img itemprop=\"url image\" loading=\"lazy\" decoding=\"async\" class=\"alignnone wp-image-5016\" src=\"\/wp-content\/uploads\/2021\/08\/flag-of-france_3.png\" width=\"500\" height=\"344\" alt=\"Francijas karoga foto\" \/><meta itemprop=\"width\" content=\"500\"><meta itemprop=\"height\" content=\"344\"><\/span><\/p>\n<p style=\"text-align: justify\">Francijas imp\u0113rijas karogu main\u012bja Francijas revol\u016bcija (1789). Vienk\u0101r\u0161s dizains s\u0101ka domin\u0113t, pau\u017eot radik\u0101las izmai\u0146as soci\u0101laj\u0101, politiskaj\u0101 un ekonomiskaj\u0101 jom\u0101. Par\u012bzes tradicion\u0101l\u0101s kr\u0101sas &#8211; sarkan\u0101 un zil\u0101 &#8211; bija popul\u0101ras, \u012bpa\u0161i revolucion\u0101ru vid\u016b. Tika pievienota ar\u012b burbona kr\u0101sa &#8211; balta.<\/p>\n<p style=\"text-align: justify\">P\u0113c 4 gadiem zili balti sarkans tr\u012bskr\u0101sains k\u013cuva par ofici\u0101lu valsts simboliku armijas, flotes un cilv\u0113ku lieto\u0161anai. Tika uzskat\u012bts, ka \u0161\u0101da kr\u0101sa pau\u017e revol\u016bcijas pamatprincipus &#8211; br\u012bv\u012bbu, vienl\u012bdz\u012bbu, moderniz\u0101ciju un demokr\u0101tiju. Francijas tr\u012bskr\u0101sains ir k\u013cuvis par ietekm\u012bg\u0101ko valsts simbolu v\u0113stur\u0113.<\/p>\n<p style=\"text-align: justify\">Visu rakstz\u012bmju nomai\u0146a notika p\u0113c Napoleona uzvaras I. Balt\u0101 kr\u0101sa atkal k\u013cuva par galveno. 1830.\u00a0gada revol\u016bcija veica savas korekcijas. P\u0113c Luija Filipa k\u0101p\u0161anas tron\u012b tr\u012bskr\u0101sa tika atjaunota. P\u0113c 18 gadiem vi\u0146a sv\u012btras tika p\u0101rb\u016bv\u0113tas uz zili-sarkanbaltas kr\u0101sas. Tom\u0113r kop\u0161 1848. gada Tr\u012bskr\u0101sa k\u013cuva par Francijas galveno valsts simbolu. Tam nav \u012bpa\u0161as simbolikas, kas t\u0101 dizain\u0101 b\u016btu saist\u012bta ar atsevi\u0161\u0137\u0101m form\u0101m.<\/p>\n<p style=\"text-align: justify\">Ilgu laiku joslas bija nevienl\u012bdz\u012bgas &#8211; sarkan\u0101 bija Ciemat\u0101, mij\u0101s ar zilo. Napoleons Bonaparts nol\u0113ma, ka iesp\u0113ja palikt nemain\u012bga. \u0160\u0101ds rekl\u0101mkarogs ir saglab\u0101jies l\u012bdz m\u016bsdien\u0101m. Standarta sloksne atrodas uz standarta. To\u0146us noteica Konstit\u016bcijas 2. pants (1958) un noteica Jiscar d&apos;Esthene (1976).<\/p>\n","protected":false},"excerpt":{"rendered":"<p>Da\u017e\u0101du valstu karogiem ir savs st\u0101sts un noz\u012bme, kas tos saista no katras v\u0113rt\u012bbas, d\u0101rgas valsts. Labs piem\u0113rs ir Francijas karogs, kas tagad ir atpaz\u012bstams vis\u0101 pasaul\u0113. Savulaik&#8230;<\/p>\n","protected":false},"author":1,"featured_media":5822,"comment_status":"open","ping_status":"open","sticky":false,"template":"","format":"standard","meta":{"footnotes":""},"categories":[3],"tags":[],"class_list":["post-5015","post","type-post","status-publish","format-standard","has-post-thumbnail","","category-eiropas-karogi"],"aioseo_notices":[],"_links":{"self":[{"href":"https:\/\/flags-world.com\/lv\/wp-json\/wp\/v2\/posts\/5015","targetHints":{"allow":["GET"]}}],"collection":[{"href":"https:\/\/flags-world.com\/lv\/wp-json\/wp\/v2\/posts"}],"about":[{"href":"https:\/\/flags-world.com\/lv\/wp-json\/wp\/v2\/types\/post"}],"author":[{"embeddable":true,"href":"https:\/\/flags-world.com\/lv\/wp-json\/wp\/v2\/users\/1"}],"replies":[{"embeddable":true,"href":"https:\/\/flags-world.com\/lv\/wp-json\/wp\/v2\/comments?post=5015"}],"version-history":[{"count":0,"href":"https:\/\/flags-world.com\/lv\/wp-json\/wp\/v2\/posts\/5015\/revisions"}],"wp:featuredmedia":[{"embeddable":true,"href":"https:\/\/flags-world.com\/lv\/wp-json\/wp\/v2\/media\/5822"}],"wp:attachment":[{"href":"https:\/\/flags-world.com\/lv\/wp-json\/wp\/v2\/media?parent=5015"}],"wp:term":[{"taxonomy":"category","embeddable":true,"href":"https:\/\/flags-world.com\/lv\/wp-json\/wp\/v2\/categories?post=5015"},{"taxonomy":"post_tag","embeddable":true,"href":"https:\/\/flags-world.com\/lv\/wp-json\/wp\/v2\/tags?post=5015"}],"curies":[{"name":"wp","href":"https:\/\/api.w.org\/{rel}","templated":true}]}}