{"id":5004,"date":"2021-08-11T09:47:57","date_gmt":"2021-08-11T06:47:57","guid":{"rendered":"https:\/\/flags-world.com\/lv\/2021\/08\/11\/turcijas-karogs-nozme-un-krsas\/"},"modified":"2021-08-11T09:47:57","modified_gmt":"2021-08-11T06:47:57","slug":"turcijas-karogs-nozme-un-krsas","status":"publish","type":"post","link":"https:\/\/flags-world.com\/lv\/turcijas-karogs-nozme-un-krsas\/","title":{"rendered":"Turcijas karogs: noz\u012bme un kr\u0101sas"},"content":{"rendered":"<p style=\"text-align: justify\">\u0160obr\u012bd Turcijas karogu raksturo balta pusm\u0113ness att\u0113ls, ar\u012b balta zvaigzne uz sarkana fona. Neskatoties uz to, ka \u0161\u012b iesp\u0113ja tika apstiprin\u0101ta 1876.\u00a0gad\u0101, t\u0101s izcelsme \u0161\u0137iet nedaudz neskaidra, jo gadsimtu gait\u0101 dizains ir main\u012bjies.<\/p>\n<p><span itemprop=\"image\" itemscope itemtype=\"https:\/\/schema.org\/ImageObject\"><img itemprop=\"url image\" loading=\"lazy\" decoding=\"async\" class=\"alignnone wp-image-5006\" src=\"\/wp-content\/uploads\/2021\/08\/flag-of-turkey_1.png\" width=\"500\" height=\"246\" alt=\"Turcijas karogs\" \/><meta itemprop=\"width\" content=\"500\"><meta itemprop=\"height\" content=\"246\"><\/span><\/p>\n<h2 style=\"text-align: justify\">Turcijas karoga tap\u0161anas v\u0113sture<\/h2>\n<p style=\"text-align: justify\">M\u0113s run\u0101jam par tautu, kas bija Osma\u0146u imp\u0113rijas priek\u0161tece. Vi\u0146as st\u0101stam, k\u0101 ar\u012b simboliem ir daudzas saknes pag\u0101tnes laikmetos. Pretest\u012bba, m\u016bsdienu dizaina nemain\u012bgums ir vair\u0101k nek\u0101 200 gadu. Pirm\u0101 iesp\u0113ja tika legaliz\u0113ta 1793. gad\u0101. Kop\u0161 t\u0101 laika ir veiktas tikai nelielas korekcijas, kas nav peln\u012bju\u0161as uzman\u012bbu.<\/p>\n<p style=\"text-align: justify\">P\u0113c v\u0113sturnieku dom\u0101m, simbols, kas l\u012bdz\u012bgs m\u016bsdienu Turcijas karogam, rad\u012bja sult\u0101nu Selimu III. Tom\u0113r pirmaj\u0101 versij\u0101 (1793) tika att\u0113lota nevis 5-gal\u012bga zvaigzne, bet 8-galu zvaigzne, identific\u0113jot asto\u0146us imp\u0113rijas st\u0101vok\u013cus.<\/p>\n<p style=\"text-align: justify\">M\u016bsdienu dizains tika ieviests 1844.\u00a0gad\u0101 p\u0113c t\u0101 veido\u0161an\u0101s k\u0101 ofici\u0101ls valsts simbols. T\u0101 bija alternat\u012bva ar liel\u0101ku m\u0113nesi un piecu galu zvaigzni. M\u0113ness k\u013cuva tuv\u0101k kantonam, un zvaigzne nav tik taisna k\u0101 iepriek\u0161\u0113j\u0101 dizain\u0101.<\/p>\n<p style=\"text-align: justify\">P\u0113c sabiedroto izraid\u012b\u0161anas Sultan\u0101ts legaliz\u0113ja jauno vald\u012bbu. Tas pielika punktu imp\u0113rijas past\u0101v\u0113\u0161anai, kas taj\u0101 laik\u0101 bija vair\u0101k nek\u0101 500 gadus veca. Turcijas republika tika dibin\u0101ta 1923. Simbolika nemain\u012bj\u0101s, atst\u0101jot iepriek\u0161\u0113jo variantu. Main\u012bti bija tikai izm\u0113ri.<\/p>\n<h2 style=\"text-align: justify\">Karoga simboli<\/h2>\n<p style=\"text-align: justify\">Lai gan m\u016bsdienu simbolika tiek izmantota jau daudzus gadus, ir gr\u016bti prec\u012bzi pateikt, k\u0101da j\u0113ga vi\u0146ai ir. Sarkan\u0101 kr\u0101sa daudzus gadus tika izmantota, lai p\u0101rst\u0101v\u0113tu Turciju. Tas jo \u012bpa\u0161i attiecas uz j\u016bras sp\u0113ku, k\u0101 ar\u012b milit\u0101riem so\u013ciem. \u0160\u012bs nokr\u0101sas sak\u0146o\u0161an\u0101s ir sava veida nosl\u0113pums, bet m\u0113s run\u0101jam par visas valsts kult\u016bras pamatu.<\/p>\n<p><span itemprop=\"image\" itemscope itemtype=\"https:\/\/schema.org\/ImageObject\"><img itemprop=\"url image\" loading=\"lazy\" decoding=\"async\" class=\"alignnone wp-image-5007\" src=\"\/wp-content\/uploads\/2021\/08\/flag-of-turkey_2.png\" width=\"500\" height=\"293\" alt=\"Turcijas karogs\" \/><meta itemprop=\"width\" content=\"500\"><meta itemprop=\"height\" content=\"293\"><\/span><\/p>\n<p style=\"text-align: justify\">Galvenais atrib\u016bts:<\/p>\n<ul style=\"text-align: justify\">\n<li>Zvaigznes simbols tika pie\u0146emts Stambul\u0101 Bizantijas imp\u0113rijas laik\u0101, kas da\u017e\u0101d\u0101s vari\u0101cij\u0101s izmantoja m\u0113ness simboliku;<\/li>\n<li>Pamatojoties uz Al\u017e\u012brijas un Tunisijas dizainu, ir god\u012bgi pie\u0146emt, ka Osma\u0146u imp\u0113rija pie\u0146\u0113ma M\u0113nesi k\u0101 isl\u0101ma simboliku;<\/li>\n<li>Zvaigzne tika izmantota, lai att\u0113lotu katru no galvenajiem reli\u0123iskajiem p\u012bl\u0101riem.<\/li>\n<\/ul>\n<p style=\"text-align: justify\">Konstant\u012bna pils\u0113tas sagr\u0101b\u0161ana notika, aizst\u0101vot Jaunavas Marijas godu, un zvaigzne tika izmantota k\u0101 da\u013ca no vi\u0146as simbolikas. Kad turkus iekaroja Stambula, vi\u0146i patur\u0113ja zvaigznes simbolu sev.<\/p>\n<blockquote>\n<p style=\"text-align: justify\">\u0160odien valst\u012b ir vair\u0101kas alternat\u012bvas iesp\u0113jas, kuras izmanto da\u017e\u0101du kust\u012bbu akt\u012bvisti.<\/p>\n<\/blockquote>\n<h2 style=\"text-align: justify\">Noz\u012bm\u0113 kr\u0101sas Turcijas karogs<\/h2>\n<p style=\"text-align: justify\">Katram valsts iedz\u012bvot\u0101jam b\u016btu j\u0101zina, k\u0101 izskat\u0101s un k\u0101ds ir Turcijas karogs. Dr\u012bz\u0101k reli\u0123iskais un v\u0113sturiskais raksturs ir diezgan svar\u012bgs:<\/p>\n<ol style=\"text-align: justify\">\n<li>Sarkan\u0101 kr\u0101sa simboliz\u0113 c\u012b\u0146u, izliju\u0161as asinis par neatkar\u012bbu.<\/li>\n<li>Pusm\u0113ness un zvaigzne ir isl\u0101ma simboli. Tie ir daudz\u0101s cit\u0101s pasaules valst\u012bs, Turcij\u0101, joproj\u0101m ir sastopami cilv\u0113ku ikdien\u0101.<\/li>\n<\/ol>\n<blockquote>\n<p style=\"text-align: justify\">Turcijas simbols k\u0101d\u0101 pl\u0101n\u0101 ir att\u0101li l\u012bdz\u012bgs karogam, kuram bija komunistisk\u0101 imp\u0113rija, un pusm\u0113ness atg\u0101dina padomju slim\u012bbu.<\/p>\n<\/blockquote>\n<h2 style=\"text-align: justify\">Kr\u0101su karogs Turcija<\/h2>\n<p style=\"text-align: justify\">Kr\u0101sas, kas veido turku simboliku: sarkana, balta. Sarkans ir audekla pamats. Balt\u0101 kr\u0101sa ir redzama simbolu veid\u0101, kas atspogu\u013coti rekl\u0101mkarog\u0101: dilsto\u0161s m\u0113nesis, zvaigzne. Abas iepriek\u0161 min\u0113t\u0101s kr\u0101sas saglab\u0101 tautai reprezentat\u012bvo noz\u012bmi.<\/p>\n<p><span itemprop=\"image\" itemscope itemtype=\"https:\/\/schema.org\/ImageObject\"><img itemprop=\"url image\" loading=\"lazy\" decoding=\"async\" class=\"alignnone wp-image-5005\" src=\"\/wp-content\/uploads\/2021\/08\/flag-of-turkey_3.png\" width=\"500\" height=\"282\" alt=\"Ko noz\u012bm\u0113 t\u012btara karogs\" \/><meta itemprop=\"width\" content=\"500\"><meta itemprop=\"height\" content=\"282\"><\/span><\/p>\n<ol style=\"text-align: justify\">\n<li>Sarkan\u0101 ir isl\u0101ma kr\u0101sa, ko Osmans valk\u0101ja imp\u0113rijas sabrukuma laik\u0101 (1918). Saska\u0146\u0101 ar le\u0123endu sarkan\u0101 kr\u0101sa simboliz\u0113 asinis, kuras izl\u0113ja karav\u012bri, kad valsts c\u012bn\u012bj\u0101s ar koloni\u0101laj\u0101m var\u0101m par savu neatkar\u012bbu<\/li>\n<li>Balt\u0101 kr\u0101sa musulma\u0146u reli\u0123ij\u0101 ir dievi\u0161\u0137uma simbols. Balts ir gar\u012bg\u0101 t\u012br\u012bba, taisn\u012bba, nodomu atkl\u0101t\u012bba.<\/li>\n<\/ol>\n<p style=\"text-align: justify\">Kar\u0161 pras\u012bja vair\u0101k nek\u0101 40 t\u016bksto\u0161u turku karav\u012bru dz\u012bv\u012bbas. M\u0113ness gaisma un Ven\u0113ras gaisma, kas toreiz tika uzskat\u012bta par zvaigzni, it k\u0101 atspogu\u013coj\u0101s nakt\u012b kritu\u0161o aizst\u0101vju asin\u012bs. Tas ir simbols upuriem, kas atvesti, lai nodro\u0161in\u0101tu valsts neatkar\u012bbu un t\u0101s iedz\u012bvot\u0101ju br\u012bv\u012bbu.<\/p>\n","protected":false},"excerpt":{"rendered":"<p>\u0160obr\u012bd Turcijas karogu raksturo balta pusm\u0113ness att\u0113ls, ar\u012b balta zvaigzne uz sarkana fona. Neskatoties uz to, ka \u0161\u012b iesp\u0113ja tika apstiprin\u0101ta 1876.\u00a0gad\u0101, t\u0101s izcelsme \u0161\u0137iet nedaudz neskaidra, jo&#8230;<\/p>\n","protected":false},"author":1,"featured_media":5962,"comment_status":"open","ping_status":"open","sticky":false,"template":"","format":"standard","meta":{"footnotes":""},"categories":[2],"tags":[],"class_list":["post-5004","post","type-post","status-publish","format-standard","has-post-thumbnail","","category-zijas-karogi"],"aioseo_notices":[],"_links":{"self":[{"href":"https:\/\/flags-world.com\/lv\/wp-json\/wp\/v2\/posts\/5004","targetHints":{"allow":["GET"]}}],"collection":[{"href":"https:\/\/flags-world.com\/lv\/wp-json\/wp\/v2\/posts"}],"about":[{"href":"https:\/\/flags-world.com\/lv\/wp-json\/wp\/v2\/types\/post"}],"author":[{"embeddable":true,"href":"https:\/\/flags-world.com\/lv\/wp-json\/wp\/v2\/users\/1"}],"replies":[{"embeddable":true,"href":"https:\/\/flags-world.com\/lv\/wp-json\/wp\/v2\/comments?post=5004"}],"version-history":[{"count":0,"href":"https:\/\/flags-world.com\/lv\/wp-json\/wp\/v2\/posts\/5004\/revisions"}],"wp:featuredmedia":[{"embeddable":true,"href":"https:\/\/flags-world.com\/lv\/wp-json\/wp\/v2\/media\/5962"}],"wp:attachment":[{"href":"https:\/\/flags-world.com\/lv\/wp-json\/wp\/v2\/media?parent=5004"}],"wp:term":[{"taxonomy":"category","embeddable":true,"href":"https:\/\/flags-world.com\/lv\/wp-json\/wp\/v2\/categories?post=5004"},{"taxonomy":"post_tag","embeddable":true,"href":"https:\/\/flags-world.com\/lv\/wp-json\/wp\/v2\/tags?post=5004"}],"curies":[{"name":"wp","href":"https:\/\/api.w.org\/{rel}","templated":true}]}}