{"id":2961,"date":"2021-02-01T07:43:09","date_gmt":"2021-02-01T04:43:09","guid":{"rendered":"https:\/\/flags-world.com\/lv\/2021\/02\/01\/olimpisko-spu-karogs-nozme-un-krsas\/"},"modified":"2021-02-01T07:43:09","modified_gmt":"2021-02-01T04:43:09","slug":"olimpisko-spu-karogs-nozme-un-krsas","status":"publish","type":"post","link":"https:\/\/flags-world.com\/lv\/olimpisko-spu-karogs-nozme-un-krsas\/","title":{"rendered":"Olimpisko sp\u0113\u013cu karogs: noz\u012bme un kr\u0101sas"},"content":{"rendered":"<p>Olimpisk\u0101s sp\u0113les \u2014 \u0101rk\u0101rt\u0113js, ar\u012b liel\u0101 m\u0113r\u0101 Zemes notikums. \u0160\u012bs sacens\u012bbas at\u0161\u0137iras ar cie\u0161u sporta un festiv\u0101la au\u0161anu. Olimpisk\u0101s sp\u0113les ir ne tikai vieglatl\u0113tikas sacens\u012bbas, bet ar\u012b valsts paraugdemonstr\u0113jums starptautiskaj\u0101 man n\u0113v\u0101. Tie\u0161i \u0161aj\u0101 pas\u0101kum\u0101 ir iesp\u0113jams par\u0101d\u012bt k\u0101 civiliz\u0101cijas sporta veidojumu, t\u0101tad ar\u012b t\u0101s civiliz\u0113t\u0101s \u012bpa\u0161\u012bbas.<\/p>\n<p>Katru reizi, kad organizatori cen\u0161as tr\u0101p\u012bt, ar\u012b iepriecin\u0101t sabiedr\u012bbu, t\u0101d\u0101 gad\u012bjum\u0101 dar\u012bju\u0161i to, ka nekad agr\u0101k nebija neviena cilv\u0113ka, tom\u0113r atceras gadu desmitiem. \u0160\u012bs lidojuma izt\u0113les kl\u0101tb\u016btne prec\u012bzi atbilst Olimpisk\u0101s komitejas nosac\u012bjumiem.<\/p>\n<p>Olimpisk\u0101s sp\u0113les \u2013 vair\u0101k nek\u0101 parastas sacens\u012bbas vai kult\u016bras pas\u0101kums. Liel\u0101kajai da\u013cai sportistu \u0161\u012bs sacens\u012bbas ir pati dz\u012bve. Olimpiskais karogs un ar\u012b logotips &#8211; galven\u0101s par\u0101d\u012bbas \u012bpa\u0161\u012bbas, kas izmantotas kop\u0161 1920. gada. Nevien\u0101 k\u0101rt\u0101 popul\u0101riem miljardiem Zemes iedz\u012bvot\u0101ju tiek d\u0101vin\u0101ti 5 da\u017e\u0101du to\u0146u gredzeni viens ar otru.<\/p>\n<h2>Kas simboliz\u0113 karogu?<\/h2>\n<p>Tradicion\u0101lajam olimpiskajam karogam ir balts fons, kura pien\u0101kums ir uzsv\u0113rt sportistu v\u0113lmi uz pasauli vis\u0101 pasaul\u0113. \u0160\u012b z\u012bme n\u0101ca no sen\u0101s Grie\u0137ijas. \u0160ajos t\u0101lajos laikos olimpisk\u0101s sp\u0113les bija iemesls p\u0101rtraukt visu bez iz\u0146\u0113muma. Par Eiropu un vi\u0146as kaimi\u0146iem c\u012bn\u012bj\u0101s pasaule.<\/p>\n<p>Atbilsto\u0161i trad\u012bcijas veido\u0161anai, no vair\u0101kiem m\u0113ne\u0161iem l\u012bdz pas\u0101kuma norisei Starptautisk\u0101s Olimpisk\u0101s komitejas prezidents nos\u016bta uz ANO m\u012btni ar aicin\u0101jumu absol\u016bti vis\u0101m valst\u012bm p\u0101rtraukt karadarb\u012bbu, l\u012bdz olimpisko sp\u0113\u013cu r\u012bko\u0161anai. Diem\u017e\u0113l ne visi \u0161tati iev\u0113ro miera un klusuma k\u0101rt\u012bbu \u0161ajos priec\u012bgajos br\u012b\u017eos, kad sportisti tiek atrasti sporta sv\u0113tkos.<\/p>\n<p><span itemprop=\"image\" itemscope itemtype=\"https:\/\/schema.org\/ImageObject\"><img itemprop=\"url image\" loading=\"lazy\" decoding=\"async\" class=\"alignnone size-full wp-image-4522\" src=\"\/wp-content\/uploads\/2021\/02\/flag-of-the-olympic-games_1.png\" width=\"500\" height=\"333\" alt=\"Olimpiskais karogs-1\" \/><meta itemprop=\"width\" content=\"500\"><meta itemprop=\"height\" content=\"333\"><\/span><\/p>\n<h2>K\u0101da ir olimpisk\u0101 karoga simbolika?<\/h2>\n<p>Uz balta fona tiek prezent\u0113ti 5 savstarp\u0113ji saist\u012bti gredzeni, no kuriem katram ir \u012bpa\u0161a kr\u0101sa. Tie simboliz\u0113 5 gaismas elementus, kuros dz\u012bvo un tren\u0113jas sportisti, kas piedal\u0101s olimpiskaj\u0101s sp\u0113l\u0113s:<\/p>\n<table style=\"border-collapse: collapse;width: 18.5642%;height: 173px\">\n<tbody>\n<tr>\n<td style=\"width: 50%\"><strong>Gredzena kr\u0101sa<\/strong><\/td>\n<td style=\"width: 50%\"><strong>Apz\u012bm\u0113jums<\/strong><\/td>\n<\/tr>\n<tr>\n<td style=\"width: 50%\">Zils<\/td>\n<td style=\"width: 50%\">Eirop\u0101<\/td>\n<\/tr>\n<tr>\n<td style=\"width: 50%\">Melns<\/td>\n<td style=\"width: 50%\">\u0100frika<\/td>\n<\/tr>\n<tr>\n<td style=\"width: 50%\">sarkans<\/td>\n<td style=\"width: 50%\">Amerika<\/td>\n<\/tr>\n<tr>\n<td style=\"width: 50%\">Dzeltens<\/td>\n<td style=\"width: 50%\">\u0100zija<\/td>\n<\/tr>\n<tr>\n<td style=\"width: 50%\">Za\u013c\u0161<\/td>\n<td style=\"width: 50%\">Austr\u0101lija<\/td>\n<\/tr>\n<\/tbody>\n<\/table>\n<p>Zils, melns ar\u012b Sarkanais gredzens atrodas aug\u0161\u0113j\u0101 rind\u0101, dzeltens un za\u013c\u0161 &#8211; zem tiem. Savienojot vi\u0146u, \u0161\u012bs element\u0101r\u0101s un saprotam\u0101s z\u012bmes personific\u0113 visas kontinent\u0101l\u0101s da\u013cas, rasu, valstu un cilv\u0113ku integrit\u0101ti, kas atrodas sporta ar\u0113n\u0101, lai noteiktu lab\u0101ko no lab\u0101kajiem.<\/p>\n<h2>V\u0113stures izskata karogs<\/h2>\n<p>Pirmo reizi ideja izrot\u0101t piecu daudzkr\u0101sainu gredzenu balto fonu pazi\u0146oja pa\u0161reiz\u0113jo olimpisko sp\u0113\u013cu vad\u012bt\u0101jam un t\u0113vam, baronam Pj\u0113ram de Kubeb\u0113ram. Tas notika 1913. gad\u0101. Taj\u0101 pa\u0161\u0101 laik\u0101 Par\u012bzes Atelier BON MARCHE pieredz\u0113ju\u0161i fran\u010du eksperti uz\u0161uva gaid\u0101m\u0101 olimpisk\u0101 karoga 1. paraugu.<\/p>\n<p>Pirmo reizi \u0161is pasaules baneris visp\u0101r\u0113jai apskatei tika izlikts 1914. gad\u0101. Demonstr\u0101cija notika Sorbonnas hall\u0113 pa\u0161reiz\u0113j\u0101s Olimpisk\u0101s kust\u012bbas divdesmitgadei velt\u012btaj\u0101s br\u012bvdien\u0101s. \u0160is karoga paraugs tagad tiek uzskat\u012bts par standarta un ofici\u0101lo modeli vis\u0101m t\u0101 turpm\u0101kaj\u0101m versij\u0101m.<\/p>\n<p>Tika pie\u0146emts, ka sportisti un l\u012bdzjut\u0113ji pirmo reizi \u0161o karogu redz\u0113s 1916. gada olimpiskaj\u0101s sp\u0113l\u0113s. Skumties, toreiz sports tika atcelts \u2013 Eirop\u0101 bija 1. pasaules kar\u0161. Tie\u0161i \u0161\u012b iemesla d\u0113\u013c pirmo reizi baltais karogs, kas skaisti izrot\u0101ts ar pieciem sav\u012btiem gredzeniem, tika demonstr\u0113ts tikai Be\u013c\u0123ijas Antverpen\u0113 1920. gad\u0101.<\/p>\n<p>Kop\u0161 t\u0101 laika \u0161is lakoniskais karogs t\u0101 dizain\u0101 ir katras olimpi\u0101des nepiecie\u0161amais atrib\u016bts. Konkursa embl\u0113ma, kas sast\u0101v no 5 gredzeniem, tiek izmantota logotipu un citu ar sp\u0113l\u0113m saist\u012btu simbolu veido\u0161an\u0101.<\/p>\n<h2>Olimpiskais karogs atkl\u0101\u0161anas un nosl\u0113guma ceremonij\u0101<\/h2>\n<p>Svin\u012bg\u0101s atkl\u0101\u0161anas ceremonijas un sporta pas\u0101kumu sl\u0113g\u0161ana notiek stingri iev\u0113rojot SOK protokol\u0101 ietvertos noteikumus. Katra \u0161\u012bm ceremonij\u0101m sagatavot\u0101 scen\u0101rija, grafika vai programmas saturs un inform\u0101cija tiek iepriek\u0161 sniegta Starptautiskajai Olimpiskajai komitejai turpm\u0101kai pie\u0146em\u0161anai.<\/p>\n<p>Spilgto \u0161ovu izp\u0113tei katru reizi tiek piesaist\u012bti lab\u0101kie eksperti no visas pasaules:<\/p>\n<ul>\n<li><span class=\"text-format__em\">Masu \u0161ovu r\u012bkot\u0101ji,<\/span><\/li>\n<li><span class=\"text-format__em\">Skripti,<\/span><\/li>\n<li><span class=\"text-format__em\">Specefektu veidot\u0101ji,<\/span><\/li>\n<li><span class=\"text-format__em\">D\u012bd\u017eeji,<\/span><\/li>\n<li><span class=\"text-format__em\">Dejot\u0101ji un T. D.<\/span><\/li>\n<\/ul>\n<p>Daudzi popul\u0101ri m\u0101kslinieki, dzied\u0101t\u0101ji un citas noz\u012bm\u012bgas personas ar milz\u012bgu prieku pie\u0146em pal\u012bdz\u012bbu \u0161aj\u0101 liela m\u0113roga izr\u0101d\u0113. Katras ceremonijas pl\u0101ns ir visstingr\u0101kaj\u0101 nosl\u0113pum\u0101 l\u012bdz olimpi\u0101des atkl\u0101\u0161anai un nosl\u0113gumam.<\/p>\n<p>Parasti 1. un p\u0113d\u0113jo dienu sacens\u012bb\u0101s priek\u0161roka tiek dota centr\u0101lajiem stadioniem ar milz\u012bgu ietilp\u012bbu &#8211; tiem sporta objektiem, vieglatl\u0113tikas turn\u012bru viet\u0101. Iepaz\u012bstoties ar ceremoniju scen\u0101rijiem, KM tiek r\u016bp\u012bgi iev\u0113rots, lai iesniegumos neatkl\u0101tos da\u017e\u0101du cilv\u0113ku grupu ties\u012bbu aizsk\u0101rums, ties\u012bbu ierobe\u017eo\u0161ana un nacion\u0101lisma propaganda.<\/p>\n<p>Atkl\u0101\u0161anas ceremonija s\u0101kas ar olimpi\u0101des un SOK prezidenta par\u0101d\u012b\u0161anos stadion\u0101. P\u0113c tam notiek olimpisko deleg\u0101ciju par\u0101de, kas p\u0113c trad\u012bcijas p\u0101rst\u0101v komandu Grie\u0137ija &#8211; Games Generic. P\u0113c tam sacens\u012bbu orgkomitejas prezidents un SOK vad\u012bt\u0101js tiek pavad\u012bts sportistu un daudzu skat\u012bt\u0101ju priek\u0161\u0101. Valsts vad\u012bt\u0101js izsludina olimpi\u0101di Open. Stadion\u0101 ir sportisti, kas nes olimpisko karogu.<\/p>\n<p>P\u0113c oblig\u0101t\u0101s ofici\u0101l\u0101s da\u013cas beig\u0101m tiek dota instrumentu zalve, p\u0113c kuras ceremonijas viesi v\u0113ro spo\u017eu sal\u016btu. Pace\u013cas Grie\u0137ijas karogs, taj\u0101 pa\u0161\u0101 laik\u0101 tiek izpild\u012bta t\u0101s valsts himna. P\u0113d\u0113jie saska\u0146\u0101 ar grafiku pace\u013c olimpisko karogu. \u0160\u012b proced\u016bra tiek veikta kop\u0101 ar ofici\u0101l\u0101s olimpisk\u0101s himnas izpildi.<\/p>\n<p>Ceremonij\u0101 ar olimpisko l\u0101pu skrien viens no r\u012bkot\u0101jvalsts sportistiem, kur\u0161 aizvada Olimpisk\u0101s uguns ilgo c\u012b\u0146u. Sportists to stumj pa stadiona celi\u0146u un p\u0113c tam iededzina uguni \u012bpa\u0161\u0101 b\u013cod\u0101. Vajag uz ar\u0113nu lidot balo\u017eus. Sportisti un tiesne\u0161i pasludina svin\u012bgus zv\u0113restus. Ar r\u012bkot\u0101jvalsts himnas izpildi beidzas programmas ofici\u0101l\u0101 da\u013ca.<\/p>\n<p>Nosl\u0113guma ceremonija tiek veikta stadion\u0101 p\u0113c pl\u0101noto sacens\u012bbu pabeig\u0161anas. Pirms aizlieguma izveides nosaukumiem, kur\u0161 glab\u0101 nacion\u0101los karogus Dal\u012bbvalstu, iztur kop\u0113jo sportistu kolonnu. Sabiedr\u012bba redz piemi\u0146as karoga hartu no SOK prezidenta pils\u0113tas m\u0113ram &#8211; n\u0101kam\u0101s olimpi\u0101des organizatoram.<\/p>\n<p>Aizvad\u012bto sacens\u012bbu organiz\u0101cijas komitejas vad\u012bt\u0101js un SOK vad\u012bt\u0101js uzst\u0101jas ar run\u0101m un pasludina sp\u0113les par sl\u0113gt\u0101m. Olimpisk\u0101 uguns gran\u0101ts. Zem Olimpisk\u0101s himnas karoga ar pieciem gredzeniem nolaista un svin\u012bgi nest no stadiona. Atskan iero\u010du sal\u016bts, p\u0113c kura sportisti pamet stadionu.<\/p>\n","protected":false},"excerpt":{"rendered":"<p>Olimpisk\u0101s sp\u0113les \u2014 \u0101rk\u0101rt\u0113js, ar\u012b liel\u0101 m\u0113r\u0101 Zemes notikums. \u0160\u012bs sacens\u012bbas at\u0161\u0137iras ar cie\u0161u sporta un festiv\u0101la au\u0161anu. Olimpisk\u0101s sp\u0113les ir ne tikai vieglatl\u0113tikas sacens\u012bbas, bet ar\u012b valsts&#8230;<\/p>\n","protected":false},"author":1,"featured_media":5923,"comment_status":"open","ping_status":"open","sticky":false,"template":"","format":"standard","meta":{"footnotes":""},"categories":[9],"tags":[],"class_list":["post-2961","post","type-post","status-publish","format-standard","has-post-thumbnail","","category-starptautisko-organizciju-karogi"],"aioseo_notices":[],"_links":{"self":[{"href":"https:\/\/flags-world.com\/lv\/wp-json\/wp\/v2\/posts\/2961","targetHints":{"allow":["GET"]}}],"collection":[{"href":"https:\/\/flags-world.com\/lv\/wp-json\/wp\/v2\/posts"}],"about":[{"href":"https:\/\/flags-world.com\/lv\/wp-json\/wp\/v2\/types\/post"}],"author":[{"embeddable":true,"href":"https:\/\/flags-world.com\/lv\/wp-json\/wp\/v2\/users\/1"}],"replies":[{"embeddable":true,"href":"https:\/\/flags-world.com\/lv\/wp-json\/wp\/v2\/comments?post=2961"}],"version-history":[{"count":0,"href":"https:\/\/flags-world.com\/lv\/wp-json\/wp\/v2\/posts\/2961\/revisions"}],"wp:featuredmedia":[{"embeddable":true,"href":"https:\/\/flags-world.com\/lv\/wp-json\/wp\/v2\/media\/5923"}],"wp:attachment":[{"href":"https:\/\/flags-world.com\/lv\/wp-json\/wp\/v2\/media?parent=2961"}],"wp:term":[{"taxonomy":"category","embeddable":true,"href":"https:\/\/flags-world.com\/lv\/wp-json\/wp\/v2\/categories?post=2961"},{"taxonomy":"post_tag","embeddable":true,"href":"https:\/\/flags-world.com\/lv\/wp-json\/wp\/v2\/tags?post=2961"}],"curies":[{"name":"wp","href":"https:\/\/api.w.org\/{rel}","templated":true}]}}