{"id":1668,"date":"2021-01-04T17:18:20","date_gmt":"2021-01-04T14:18:20","guid":{"rendered":"https:\/\/flags-world.com\/lv\/2021\/01\/04\/zambijas-karogs-meainig-un-krsas\/"},"modified":"2021-01-04T17:18:20","modified_gmt":"2021-01-04T14:18:20","slug":"zambijas-karogs-meainig-un-krsas","status":"publish","type":"post","link":"https:\/\/flags-world.com\/lv\/zambijas-karogs-meainig-un-krsas\/","title":{"rendered":"Zambijas karogs: meainig un kr\u0101sas"},"content":{"rendered":"<p style=\"text-align: justify\">Zambijas Republika &#8211; vald\u012bba, kas atrodas \u0100frikas kontinent\u0101l\u0101s da\u013cas centr\u0101l\u0101s da\u013cas dienvidos. Valsts teritorija veido 752.6 t\u016bksto\u0161i. km2, kur\u0101 dz\u012bvo vair\u0101k nek\u0101 11 miljoni. persona. Par ofici\u0101lu valodu tiek uzskat\u012bta ang\u013cu valoda, reli\u0123isk\u0101 konfesija \u2013 kristiet\u012bba un afrik\u0101\u0146u lab\u0101 p\u0101rliec\u012bba.<\/p>\n<p style=\"text-align: justify\">T\u0101tad m\u016bsdienu Zambijas karogs izskat\u0101s:<\/p>\n<p style=\"text-align: justify\"><span itemprop=\"image\" itemscope itemtype=\"https:\/\/schema.org\/ImageObject\"><img itemprop=\"url image\" loading=\"lazy\" decoding=\"async\" class=\"alignnone size-full wp-image-4513\" src=\"\/wp-content\/uploads\/2021\/01\/flag-of-zambia-meainig-and-colors_2.png\" width=\"500\" height=\"333\" alt=\"Zambijas karogs-1\" \/><meta itemprop=\"width\" content=\"500\"><meta itemprop=\"height\" content=\"333\"><\/span><\/p>\n<h2 style=\"text-align: justify\">Zambijas v\u0113stures karogs<\/h2>\n<p style=\"text-align: justify\">M\u016bsdienu Zambijas robe\u017eas tika sak\u0101rtotas 19-20 gadsimtu mij\u0101., \u0100frikas posm\u0101 starp Eiropas valst\u012bm.<\/p>\n<p style=\"text-align: justify\">Galvenie valsts koloniz\u0101cijas pl\u0101ni rad\u0101s Portug\u0101le, ta\u010du vi\u0146ai nekad neizdev\u0101s atst\u0101t uzvar\u0113t\u0101ju konkurenc\u0113 ar Lielbrit\u0101niju, un XIX gadsimta 190. gadu pirmaj\u0101 pus\u0113 p\u0113d\u0113j\u0101 noteica re\u0123ionu, kur\u0101 atrodas Zambija, un t\u0101s teritoriju. savas intereses. Tolaik \u0161o teritoriju sauca par Zieme\u013crod\u0113ziju. K\u0101 ofici\u0101lu z\u012bmi izmantoja Anglijas karogu.<\/p>\n<p style=\"text-align: justify\"><span itemprop=\"image\" itemscope itemtype=\"https:\/\/schema.org\/ImageObject\"><img itemprop=\"url image\" loading=\"lazy\" decoding=\"async\" class=\"alignnone size-full wp-image-4515\" src=\"\/wp-content\/uploads\/2021\/01\/flag-of-zambia-meainig-and-colors_1.png\" width=\"500\" height=\"250\" alt=\"Zambijas karogs-2\" \/><meta itemprop=\"width\" content=\"500\"><meta itemprop=\"height\" content=\"250\"><\/span><\/p>\n<p style=\"text-align: justify\">Tajos pa\u0161os gados BSAC tirdzniec\u012bbas uz\u0146\u0113mums (&quot;British South African Company&quot;) izveidoja miner\u0101lo resursu, lauksaimniec\u012bbas un t\u0113rauda ce\u013cu kontroli. Uz\u0146\u0113muma Narovna karogs ar pa\u0161vald\u012bbas ang\u013cu valodu, to neskaitot, tika izmantots, lai apz\u012bm\u0113tu pieder\u012bbu reljefam.<\/p>\n<p style=\"text-align: justify\"><span itemprop=\"image\" itemscope itemtype=\"https:\/\/schema.org\/ImageObject\"><img itemprop=\"url image\" loading=\"lazy\" decoding=\"async\" class=\"alignnone size-full wp-image-4516\" src=\"\/wp-content\/uploads\/2021\/01\/flag-of-zambia-meainig-and-colors_3.png\" width=\"500\" height=\"251\" alt=\"Zambijas-3 karogs\" \/><meta itemprop=\"width\" content=\"500\"><meta itemprop=\"height\" content=\"251\"><\/span><\/p>\n<p style=\"text-align: justify\">Pag\u0101ju\u0161\u0101 gadsimta 30.\u00a0gados tika izveidota z\u012bme, piem\u0113ram, t\u0101s, kas paredz\u0113tas kara\u013cvalsts koloni\u0101laj\u0101m teritorij\u0101m. Uz zil\u0101 auduma aug\u0161\u0113j\u0101 st\u016br\u012b (no koka) bija att\u0113lots Anglijas karogs, bet labaj\u0101 pus\u0113 &#8211; koloni\u0101l\u0101 \u012bpa\u0161uma \u0123erbonis. Ar Zieme\u013crod\u0113ziju, k\u0101 \u0123erbonis kalpoja vairoga skice, kur\u0101 dzelten\u012bgas kr\u0101sas \u0113rglis bija att\u0113lots ar sudraba zivti\u0146u \u0137ep\u0101s. Zem putniem ir skices, kas imit\u0113 Viktorijas \u016bdenskritumu.<\/p>\n<p style=\"text-align: justify\"><span itemprop=\"image\" itemscope itemtype=\"https:\/\/schema.org\/ImageObject\"><img itemprop=\"url image\" loading=\"lazy\" decoding=\"async\" class=\"alignnone size-full wp-image-4517\" src=\"\/wp-content\/uploads\/2021\/01\/flag-of-zambia-meainig-and-colors_4.png\" width=\"500\" height=\"250\" alt=\"Zambijas karogs-4\" \/><meta itemprop=\"width\" content=\"500\"><meta itemprop=\"height\" content=\"250\"><\/span><\/p>\n<p style=\"text-align: justify\">Divdesmit\u0101 gadsimta 50. gadu pirmaj\u0101 pus\u0113 valsts pievienoj\u0101s Centr\u0101l\u0101frikas feder\u0101cijai (CAF), kuras dal\u012bbnieki neskaita \u0161o Dienvidrod\u0113ziju un Njasalandi (\u0161odien Mal\u0101vija).<\/p>\n<p style=\"text-align: justify\">CAF past\u0101v\u0113\u0161anas laik\u0101 (1953-1964.) Valsts ofici\u0101l\u0101 z\u012bme atk\u0101rtoja nespecializ\u0113tu pag\u0101tnes sugu, neskaitot \u0123erboni, ko izmantoja feder\u0101cijas \u0123erbonis, kur\u0101 att\u0113lots vairogs, uz kura zilaj\u0101s debes\u012bs saull\u0113kts un sarkans. lauva, kuras pamat\u0101 ir \u016bdenskrituma imit\u0113jo\u0161\u0101s str\u016bklas.<\/p>\n<p style=\"text-align: justify\"><span itemprop=\"image\" itemscope itemtype=\"https:\/\/schema.org\/ImageObject\"><img itemprop=\"url image\" loading=\"lazy\" decoding=\"async\" class=\"alignnone size-full wp-image-4518\" src=\"\/wp-content\/uploads\/2021\/01\/flag-of-zambia-meainig-and-colors_5.png\" width=\"500\" height=\"250\" alt=\"Zambijas karogs-5\" \/><meta itemprop=\"width\" content=\"500\"><meta itemprop=\"height\" content=\"250\"><\/span><\/p>\n<p style=\"text-align: justify\">1963. gada beig\u0101s feder\u0101cija tika atlaista, un taj\u0101 iek\u013caut\u0101s valstis pamaz\u0101m k\u013cuva br\u012bvas.<\/p>\n<p style=\"text-align: justify\">Zambijas Republikas valsts simbols tika ofici\u0101li pie\u0146emts 1964. gada oktobr\u012b., Taj\u0101 laik\u0101, kad Zambija piln\u012bb\u0101 at\u0146\u0113ma neatkar\u012bbu no Lielbrit\u0101nijas.<\/p>\n<p style=\"text-align: justify\"><span itemprop=\"image\" itemscope itemtype=\"https:\/\/schema.org\/ImageObject\"><img itemprop=\"url image\" loading=\"lazy\" decoding=\"async\" class=\"alignnone size-full wp-image-4519\" src=\"\/wp-content\/uploads\/2021\/01\/flag-of-zambia-meainig-and-colors_6.png\" width=\"500\" height=\"333\" alt=\"Zambijas-6 karogs\" \/><meta itemprop=\"width\" content=\"500\"><meta itemprop=\"height\" content=\"333\"><\/span><\/p>\n<p style=\"text-align: justify\">20. gadsimta 90. gadu otraj\u0101 pus\u0113 Zambijas karogs netika \u012bpa\u0161i p\u0101rveidots &#8211; kr\u0101su kr\u0101sas k\u013cuva iev\u0113rojam\u0101kas.<\/p>\n<h2 style=\"text-align: justify\">Apraksts<\/h2>\n<p style=\"text-align: justify\">Audumam ir taisnst\u016bra forma ar malu attiec\u012bbu no 2 l\u012bdz 3. Galvenais fons ir spilgti za\u013c\u0161. Koka aizmugur\u0113 apak\u0161\u0113j\u0101 st\u016br\u012b ir uzz\u012bm\u0113ts tr\u012bskr\u0101sains no vien\u0101d\u0101m vertik\u0101l\u0101m sarkan\u0101m, meln\u0101m un oran\u017e\u0101m sv\u012btr\u0101m. Joslu augstums ir 2\/3 no karoga platuma, bet kop\u0113jais platums &#8211; 1\/3 no karoga garuma.<\/p>\n<blockquote>\n<p style=\"text-align: justify\">Tr\u012bskr\u0101sas augst\u0101kaj\u0101 da\u013c\u0101 ir att\u0113lots oran\u017es orl\u0101ns ar atv\u0113rtiem sp\u0101rniem un galvu, kas v\u0113rsta pret partiju.<\/p>\n<\/blockquote>\n<h2 style=\"text-align: justify\">Kr\u0101su karogs Zambija<\/h2>\n<p style=\"text-align: justify\">Zambijas ofici\u0101laj\u0101 z\u012bm\u0113 ir izmantotas \u010detras kr\u0101sas: za\u013ca (galvenais fons), sarkana, oran\u017ea un melna.<\/p>\n<h2 style=\"text-align: justify\">Noz\u012bme kr\u0101so Zambijas karogu<\/h2>\n<p style=\"text-align: justify\">Zambijas karoga kr\u0101sas simboliz\u0113:<\/p>\n<ol style=\"text-align: justify\">\n<li>Za\u013c\u0161 &#8211; Dabas labkl\u0101j\u012bba;<\/li>\n<li>Sarkans &#8211; asinis, izlietas par valsts br\u012bv\u012bbu;<\/li>\n<li>Melnais &#8211; republikas iedz\u012bvot\u0101ji;<\/li>\n<li>Apels\u012bns &#8211; lauku der\u012bgo izrakte\u0146u resursi un pirmais var\u0161.<\/li>\n<\/ol>\n<blockquote>\n<p style=\"text-align: justify\">\u0112rglis personific\u0113 iedz\u012bvot\u0101ju aizie\u0161anu no Ukrainas\u00a0Virs valsts universit\u0101tes.<\/p>\n<\/blockquote>\n<h2 style=\"text-align: justify\">Citi karogi<\/h2>\n<p style=\"text-align: justify\">Ofici\u0101lo simboliku pie\u0146\u0113ma visas valsts iest\u0101des, valsts zemes organiz\u0101cijas, t\u0101s civilie bru\u0146otie sp\u0113ki un personas.<\/p>\n<h2 style=\"text-align: justify\">Nespecializ\u0113ta inform\u0101cija par Zambiju<\/h2>\n<table>\n<tbody>\n<tr style=\"text-align: justify\">\n<td>Ofici\u0101l\u0101 valoda<\/td>\n<td>Ang\u013cu<\/td>\n<\/tr>\n<tr style=\"text-align: justify\">\n<td>Kapit\u0101ls<\/td>\n<td>Lusaka<\/td>\n<\/tr>\n<tr style=\"text-align: justify\">\n<td>Teritorija<\/td>\n<td>752 614 km2<\/td>\n<\/tr>\n<tr style=\"text-align: justify\">\n<td>Popul\u0101cija<\/td>\n<td>16 100 587 cilv\u0113ki<\/td>\n<\/tr>\n<tr style=\"text-align: justify\">\n<td>Val\u016bta<\/td>\n<td>Zambijas kva\u010da (ZMK)<\/td>\n<\/tr>\n<tr>\n<td style=\"text-align: justify\">Telefona kods<\/td>\n<td style=\"text-align: justify\">+260<\/td>\n<\/tr>\n<\/tbody>\n<\/table>\n","protected":false},"excerpt":{"rendered":"<p>Zambijas Republika &#8211; vald\u012bba, kas atrodas \u0100frikas kontinent\u0101l\u0101s da\u013cas centr\u0101l\u0101s da\u013cas dienvidos. Valsts teritorija veido 752.6 t\u016bksto\u0161i. km2, kur\u0101 dz\u012bvo vair\u0101k nek\u0101 11 miljoni. persona. Par ofici\u0101lu valodu&#8230;<\/p>\n","protected":false},"author":1,"featured_media":5973,"comment_status":"open","ping_status":"open","sticky":false,"template":"","format":"standard","meta":{"footnotes":""},"categories":[5],"tags":[],"class_list":["post-1668","post","type-post","status-publish","format-standard","has-post-thumbnail","","category-frikas-valstu-karogi"],"aioseo_notices":[],"_links":{"self":[{"href":"https:\/\/flags-world.com\/lv\/wp-json\/wp\/v2\/posts\/1668","targetHints":{"allow":["GET"]}}],"collection":[{"href":"https:\/\/flags-world.com\/lv\/wp-json\/wp\/v2\/posts"}],"about":[{"href":"https:\/\/flags-world.com\/lv\/wp-json\/wp\/v2\/types\/post"}],"author":[{"embeddable":true,"href":"https:\/\/flags-world.com\/lv\/wp-json\/wp\/v2\/users\/1"}],"replies":[{"embeddable":true,"href":"https:\/\/flags-world.com\/lv\/wp-json\/wp\/v2\/comments?post=1668"}],"version-history":[{"count":0,"href":"https:\/\/flags-world.com\/lv\/wp-json\/wp\/v2\/posts\/1668\/revisions"}],"wp:featuredmedia":[{"embeddable":true,"href":"https:\/\/flags-world.com\/lv\/wp-json\/wp\/v2\/media\/5973"}],"wp:attachment":[{"href":"https:\/\/flags-world.com\/lv\/wp-json\/wp\/v2\/media?parent=1668"}],"wp:term":[{"taxonomy":"category","embeddable":true,"href":"https:\/\/flags-world.com\/lv\/wp-json\/wp\/v2\/categories?post=1668"},{"taxonomy":"post_tag","embeddable":true,"href":"https:\/\/flags-world.com\/lv\/wp-json\/wp\/v2\/tags?post=1668"}],"curies":[{"name":"wp","href":"https:\/\/api.w.org\/{rel}","templated":true}]}}