{"id":1666,"date":"2021-01-04T17:18:20","date_gmt":"2021-01-04T14:18:20","guid":{"rendered":"https:\/\/flags-world.com\/lv\/2021\/01\/04\/vjetnamas-karogs-nozme-un-krsas\/"},"modified":"2021-01-04T17:18:20","modified_gmt":"2021-01-04T14:18:20","slug":"vjetnamas-karogs-nozme-un-krsas","status":"publish","type":"post","link":"https:\/\/flags-world.com\/lv\/vjetnamas-karogs-nozme-un-krsas\/","title":{"rendered":"Vjetnamas karogs: noz\u012bme un kr\u0101sas"},"content":{"rendered":"<p style=\"text-align: justify\">Vjetnamai ir sare\u017e\u0123\u012bts st\u0101sts, tikai XX gadsimt\u0101 vi\u0146\u0161 piedz\u012bvoja p\u0101ris karus, bru\u0146otus konfliktus un politisk\u0101 re\u017e\u012bma mai\u0146u. \u0160\u012b ilg\u0101 neatkar\u012bbas c\u012b\u0146a atrada personisku atspulgu t\u0101s karog\u0101 ar simboliem, kas atbilst gandr\u012bz vis\u0101m soci\u0101listisk\u0101 re\u017e\u012bma valst\u012bm.<\/p>\n<p style=\"text-align: justify\">T\u0101tad, apl\u016bkojiet Vjetnamas karogu:<\/p>\n<p style=\"text-align: justify\"><span itemprop=\"image\" itemscope itemtype=\"https:\/\/schema.org\/ImageObject\"><img itemprop=\"url image\" loading=\"lazy\" decoding=\"async\" class=\"alignnone size-full wp-image-4369\" src=\"\/wp-content\/uploads\/2021\/01\/flag-of-vietnam_1.png\" width=\"500\" height=\"333\" alt=\"Vjetnamas karogs-1\" \/><meta itemprop=\"width\" content=\"500\"><meta itemprop=\"height\" content=\"333\"><\/span><\/p>\n<h2 style=\"text-align: justify\">Izcel\u0161an\u0101s v\u0113sture<\/h2>\n<p style=\"text-align: justify\">Pirmais karogs (\u0161\u012b v\u0101rda m\u016bsdienu izpratn\u0113) par\u0101d\u012bj\u0101s Vjetnam\u0101 XIX gadsimta pirmaj\u0101, pateicoties Nguyen Zya Long imperatoram, apvienojot valsts zieme\u013cu, dienvidu un centr\u0101lo da\u013cu. Rekl\u0101mkarogs iedom\u0101j\u0101s dzelten\u012bgo audumu ar sarkanu apli vid\u016b.<\/p>\n<p style=\"text-align: justify\"><span itemprop=\"image\" itemscope itemtype=\"https:\/\/schema.org\/ImageObject\"><img itemprop=\"url image\" loading=\"lazy\" decoding=\"async\" class=\"alignnone size-full wp-image-4370\" src=\"\/wp-content\/uploads\/2021\/01\/flag-of-vietnam_2.png\" width=\"500\" height=\"500\" alt=\"Vjetnamas karogs-2\" \/><meta itemprop=\"width\" content=\"500\"><meta itemprop=\"height\" content=\"500\"><\/span><\/p>\n<p style=\"text-align: justify\">L\u012bdz 19. gadsimta vidum karogs ir main\u012bjis izmai\u0146as: kr\u0101sas nemain\u012bj\u0101s, bet ap\u013ca atra\u0161an\u0101s vietu ie\u0146\u0113ma 3 horizont\u0101las joslas &#8211; atsauce uz vienu no asto\u0146\u0101m trigramm\u0101m &quot;P\u0101rv\u0113rt\u012bbu gr\u0101matas&quot;, kas atrodas daoisma pamats. Bez tam ir ierasts apr\u0113\u0137in\u0101t, ka tr\u012bs sarkan\u0101s joslas simboliz\u0113ja Vjetnamas dienvidus, serveri un centr\u0101lo Vjetnamu, kas apvienotas vien\u0101 imp\u0113rij\u0101.<\/p>\n<p style=\"text-align: justify\"><span itemprop=\"image\" itemscope itemtype=\"https:\/\/schema.org\/ImageObject\"><img itemprop=\"url image\" loading=\"lazy\" decoding=\"async\" class=\"alignnone size-full wp-image-4371\" src=\"\/wp-content\/uploads\/2021\/01\/flag-of-vietnam_3.png\" width=\"500\" height=\"333\" alt=\"Vjetnamas karogs-3\" \/><meta itemprop=\"width\" content=\"500\"><meta itemprop=\"height\" content=\"333\"><\/span><\/p>\n<p style=\"text-align: justify\">XIX gadsimta beig\u0101s Vjetnama atrad\u0101s Francijas aizbild\u0146a pak\u013caut\u012bb\u0101. Dienvidu re\u0123ions bija 100% fran\u010du kontrol\u0113, zieme\u013cu un centr\u0101laj\u0101 paral\u0113l\u0113 bija divas vald\u012bbas. T\u0101tad l\u012bdz 20. gadsimta s\u0101kumam Vjetnam\u0101 sp\u0113l\u0113ja tr\u012bs karogus: Francijas, Vjetnamas (imperatora) un Francijas protektor\u0101ta karogus.<\/p>\n<p style=\"text-align: justify\"><span itemprop=\"image\" itemscope itemtype=\"https:\/\/schema.org\/ImageObject\"><img itemprop=\"url image\" loading=\"lazy\" decoding=\"async\" class=\"alignnone size-full wp-image-4372\" src=\"\/wp-content\/uploads\/2021\/01\/flag-of-vietnam_4.png\" width=\"500\" height=\"333\" alt=\"Vjetnamas karogs-4\" \/><meta itemprop=\"width\" content=\"500\"><meta itemprop=\"height\" content=\"333\"><\/span><\/p>\n<p style=\"text-align: justify\">S\u0101kum\u0101 XX gadsimta karogs atkal c\u012bn\u012bj\u0101s ar p\u0101rmai\u0146\u0101m, un no 1920. l\u012bdz 1945. gadam bija viena plata sarkana 3 \u0161auru josla. Otraj\u0101 pasaul\u0113 Vjetnamu \u012bslaic\u012bgi okup\u0113ja Jap\u0101nas armijas, kas ce\u013coja no Francijas p\u0101rst\u0101vju valsts. No 1945. gada marta l\u012bdz augustam karogs atkal ieguva tr\u012bs sv\u012btras, no kur\u0101m centr\u0101l\u0101 tika &quot;nopl\u0113sta&quot; vid\u016b.<\/p>\n<p style=\"text-align: justify\"><span itemprop=\"image\" itemscope itemtype=\"https:\/\/schema.org\/ImageObject\"><img itemprop=\"url image\" loading=\"lazy\" decoding=\"async\" class=\"alignnone size-full wp-image-4373\" src=\"\/wp-content\/uploads\/2021\/01\/flag-of-vietnam_5.png\" width=\"500\" height=\"300\" alt=\"Vjetnamas karogs-5\" \/><meta itemprop=\"width\" content=\"500\"><meta itemprop=\"height\" content=\"300\"><\/span><\/p>\n<p style=\"text-align: justify\">Otr\u0101 glob\u0101l\u0101 kara beig\u0101s fran\u010di m\u0113\u0123in\u0101ja atgriezties Vjetnam\u0101, ta\u010du vi\u0146i sastapa akt\u012bvu pretest\u012bbu no milit\u0101ri politisk\u0101s organiz\u0101cijas Vietmin 20. gadsimta 30. gadu 2. pus\u0113, lai c\u012bn\u012btos pret Vjetnamas neatkar\u012bbu. valsts. Taj\u0101 pa\u0161\u0101 laik\u0101 Vjetnamas karoga modern\u0101 versija &#8211; Sarkanais zemes gabals ar dzeltenu piecstaru zvaigzni. Faktiski, kura beig\u0101s valsts tika sadal\u012bta div\u0101s da\u013c\u0101s: dienvidu un zieme\u013cu da\u013c\u0101.<\/p>\n<p style=\"text-align: justify\"><span itemprop=\"image\" itemscope itemtype=\"https:\/\/schema.org\/ImageObject\"><img itemprop=\"url image\" loading=\"lazy\" decoding=\"async\" class=\"alignnone size-full wp-image-4374\" src=\"\/wp-content\/uploads\/2021\/01\/flag-of-vietnam_6.png\" width=\"500\" height=\"333\" alt=\"Vjetnamas karogs-6\" \/><meta itemprop=\"width\" content=\"500\"><meta itemprop=\"height\" content=\"333\"><\/span><\/p>\n<p style=\"text-align: justify\">L\u012bdz savien\u012bbai XX gadsimta 70. gadu 2. pus\u0113 Dienvidvjetnama izmantoja labu dzelteno karogu ar 3 sarkan\u0101m sv\u012btr\u0101m. Kara beig\u0101s Vjetnam\u0101 no 1969. l\u012bdz 1976. gadam pagaidu revolucion\u0101r\u0101 vald\u012bba izmantoja sarkanzilu rekl\u0101mkarogu ar dzeltenu zvaigzni. Vjetnamas server\u012b visu \u0161o laiku bija sarkans &quot;komunistu&quot; karogs ar dzeltenu zvaigzni. Rezult\u0101t\u0101 vi\u0146\u0161 k\u013cuva par nespecializ\u0113tu Vjetnamas z\u012bmi un tika main\u012bts tikai vienu reizi &#8211; 1955. gad\u0101 zvaigzne netika glu\u017ei samazin\u0101ta un t\u0101s stari k\u013cuva sader\u012bg\u0101ki (p\u0113c Krievijas alians\u0113 pie\u0146emt\u0101 piem\u0113ra).<\/p>\n<p style=\"text-align: justify\"><span itemprop=\"image\" itemscope itemtype=\"https:\/\/schema.org\/ImageObject\"><img itemprop=\"url image\" loading=\"lazy\" decoding=\"async\" class=\"alignnone size-full wp-image-4375\" src=\"\/wp-content\/uploads\/2021\/01\/flag-of-vietnam_7.png\" width=\"500\" height=\"333\" alt=\"Vjetnamas karogs-7\" \/><meta itemprop=\"width\" content=\"500\"><meta itemprop=\"height\" content=\"333\"><\/span><\/p>\n<h2 style=\"text-align: justify\">Apraksts<\/h2>\n<p style=\"text-align: justify\">M\u016bsdienu karogs ir sarkans taisnst\u016brveida audums. Malu attiec\u012bba nav slikta &#8211; 3 pret 2. Karoga centr\u0101 ir viena liela piecstaru zvaigzne spilgti dzelten\u0101 kr\u0101s\u0101.<\/p>\n<p style=\"text-align: justify\"><span itemprop=\"image\" itemscope itemtype=\"https:\/\/schema.org\/ImageObject\"><img itemprop=\"url image\" loading=\"lazy\" decoding=\"async\" class=\"alignnone size-full wp-image-4376\" src=\"\/wp-content\/uploads\/2021\/01\/flag-of-vietnam_8.png\" width=\"500\" height=\"333\" alt=\"Vjetnamas karogs-8\" \/><meta itemprop=\"width\" content=\"500\"><meta itemprop=\"height\" content=\"333\"><\/span><\/p>\n<h2 style=\"text-align: justify\">Kr\u0101su Vjetnamas karogs<\/h2>\n<p style=\"text-align: justify\">V\u0113stures gait\u0101 Vjetnamas karog\u0101 tika izmantotas tikai divas kr\u0101sas:<\/p>\n<ol>\n<li style=\"text-align: justify\">Sarkans;<\/li>\n<li style=\"text-align: justify\">Dzeltens.<\/li>\n<\/ol>\n<p style=\"text-align: justify\">Iz\u0146\u0113mumu var uzskat\u012bt tikai par Dienvidvjetnamas Republikas pagaidu revolucion\u0101r\u0101s vald\u012bbas rekl\u0101mkarogu &#8211; vi\u0146i Zieme\u013cvjetnamas komunistiskajam karogam pievienoja platu zilu joslu.<\/p>\n<blockquote>\n<p style=\"text-align: justify\">M\u016bsdienu karogs ir izgatavots lab\u0101 politiskaj\u0101 kr\u0101s\u0101.<\/p>\n<\/blockquote>\n<h2 style=\"text-align: justify\">Vjetnamas kr\u0101su karoga noz\u012bme<\/h2>\n<p style=\"text-align: justify\">Vjetnama &#8211; viena no retaj\u0101m valst\u012bm, kas iepriek\u0161 sekoja soci\u0101lisma modelim, k\u0101 rezult\u0101t\u0101 t\u0101s rekl\u0101mkarogs atspogu\u013co atbilsto\u0161o simboliku. Sarkans &#8211; asinis un revol\u016bcijas kr\u0101sa, kas izlijusi c\u012b\u0146\u0101 par br\u012bv\u012bbu un neatkar\u012bbu, dzeltena &#8211; simboliz\u0113 pa\u0161u vjetnamie\u0161u tautu (da\u017eos avotos var b\u016bt tie\u0161a atsauce uz \u0101das kr\u0101su).<\/p>\n<blockquote>\n<p style=\"text-align: justify\">Zvaigzne liecina par sabiedrisko partiju uzvaru un vienot\u012bbu 5 galvenaj\u0101m \u0161\u0137ir\u0101m: zemniekiem, str\u0101dniekiem, inteli\u0123encei, milit\u0101rperson\u0101m un jaunatnei.<\/p>\n<\/blockquote>\n<h2 style=\"text-align: justify\">Nespecializ\u0113ta inform\u0101cija par Vjetnamu<\/h2>\n<table>\n<tbody>\n<tr style=\"text-align: justify\">\n<td>Ofici\u0101l\u0101 valoda<\/td>\n<td>vjetnamietis<\/td>\n<\/tr>\n<tr style=\"text-align: justify\">\n<td>Kapit\u0101ls<\/td>\n<td>Hanoja<\/td>\n<\/tr>\n<tr style=\"text-align: justify\">\n<td>Teritorija<\/td>\n<td>331 210 km2<\/td>\n<\/tr>\n<tr style=\"text-align: justify\">\n<td>Popul\u0101cija<\/td>\n<td>97 040 334 cilv\u0113ki<\/td>\n<\/tr>\n<tr style=\"text-align: justify\">\n<td>Val\u016bta<\/td>\n<td>Dongs<\/td>\n<\/tr>\n<tr>\n<td style=\"text-align: justify\">Telefona kods<\/td>\n<td style=\"text-align: justify\">+84<\/td>\n<\/tr>\n<\/tbody>\n<\/table>\n","protected":false},"excerpt":{"rendered":"<p>Vjetnamai ir sare\u017e\u0123\u012bts st\u0101sts, tikai XX gadsimt\u0101 vi\u0146\u0161 piedz\u012bvoja p\u0101ris karus, bru\u0146otus konfliktus un politisk\u0101 re\u017e\u012bma mai\u0146u. \u0160\u012b ilg\u0101 neatkar\u012bbas c\u012b\u0146a atrada personisku atspulgu t\u0101s karog\u0101 ar simboliem,&#8230;<\/p>\n","protected":false},"author":1,"featured_media":5972,"comment_status":"open","ping_status":"open","sticky":false,"template":"","format":"standard","meta":{"footnotes":""},"categories":[2],"tags":[],"class_list":["post-1666","post","type-post","status-publish","format-standard","has-post-thumbnail","","category-zijas-karogi"],"aioseo_notices":[],"_links":{"self":[{"href":"https:\/\/flags-world.com\/lv\/wp-json\/wp\/v2\/posts\/1666","targetHints":{"allow":["GET"]}}],"collection":[{"href":"https:\/\/flags-world.com\/lv\/wp-json\/wp\/v2\/posts"}],"about":[{"href":"https:\/\/flags-world.com\/lv\/wp-json\/wp\/v2\/types\/post"}],"author":[{"embeddable":true,"href":"https:\/\/flags-world.com\/lv\/wp-json\/wp\/v2\/users\/1"}],"replies":[{"embeddable":true,"href":"https:\/\/flags-world.com\/lv\/wp-json\/wp\/v2\/comments?post=1666"}],"version-history":[{"count":0,"href":"https:\/\/flags-world.com\/lv\/wp-json\/wp\/v2\/posts\/1666\/revisions"}],"wp:featuredmedia":[{"embeddable":true,"href":"https:\/\/flags-world.com\/lv\/wp-json\/wp\/v2\/media\/5972"}],"wp:attachment":[{"href":"https:\/\/flags-world.com\/lv\/wp-json\/wp\/v2\/media?parent=1666"}],"wp:term":[{"taxonomy":"category","embeddable":true,"href":"https:\/\/flags-world.com\/lv\/wp-json\/wp\/v2\/categories?post=1666"},{"taxonomy":"post_tag","embeddable":true,"href":"https:\/\/flags-world.com\/lv\/wp-json\/wp\/v2\/tags?post=1666"}],"curies":[{"name":"wp","href":"https:\/\/api.w.org\/{rel}","templated":true}]}}