{"id":1665,"date":"2021-01-04T17:18:20","date_gmt":"2021-01-04T14:18:20","guid":{"rendered":"https:\/\/flags-world.com\/lv\/2021\/01\/04\/ungrijas-karogs-krsas-un-nozme\/"},"modified":"2021-01-04T17:18:20","modified_gmt":"2021-01-04T14:18:20","slug":"ungrijas-karogs-krsas-un-nozme","status":"publish","type":"post","link":"https:\/\/flags-world.com\/lv\/ungrijas-karogs-krsas-un-nozme\/","title":{"rendered":"Ung\u0101rijas karogs: kr\u0101sas un noz\u012bme"},"content":{"rendered":"<p style=\"text-align: justify\">Ung\u0101rijas karogs ir valsts pa\u0161vald\u012bbas z\u012bme. Vi\u0146am ir \u013coti bag\u0101ta v\u0113sture. Vismaz past\u0101v\u0113\u0161anas br\u012bdi tas ir piedz\u012bvojis milz\u012bgu skaitu konfigur\u0101ciju. \u0160aj\u0101 rakst\u0101 jums ir iesp\u0113ja uzzin\u0101t vair\u0101k par to.<\/p>\n<p style=\"text-align: justify\">T\u0101tad m\u016bsdienu Ung\u0101rijas karogs izskat\u0101s:<\/p>\n<p style=\"text-align: justify\"><span itemprop=\"image\" itemscope itemtype=\"https:\/\/schema.org\/ImageObject\"><img itemprop=\"url image\" loading=\"lazy\" decoding=\"async\" class=\"alignnone size-full wp-image-4428\" src=\"\/wp-content\/uploads\/2021\/01\/flag-of-hungary_1.png\" width=\"500\" height=\"333\" alt=\"Ung\u0101rijas karogs-1\" \/><meta itemprop=\"width\" content=\"500\"><meta itemprop=\"height\" content=\"333\"><\/span><\/p>\n<h2 style=\"text-align: justify\">Ung\u0101rijas v\u0113stures karogs<\/h2>\n<p style=\"text-align: justify\">Diezgan da\u017eus gadsimtus apgriezti par\u0101d\u012bj\u0101s doma izveidot tr\u012bskr\u0101su. Par to liecina sekojo\u0161\u0101 notikumu hronolo\u0123ija.<\/p>\n<ul style=\"text-align: justify\">\n<li>X-XIV gadsimt\u0101 tika organiz\u0113ta karoga b\u0101ze &#8211; se\u0161as l\u012bdz asto\u0146as pam\u012b\u0161us baltas un sarkanas joslas.<\/li>\n<li>1342.\u20131382.\u00a0gad\u0101 Vladiks Lajo\u0161s izveidoja lielu tr\u012bskr\u0101su rekl\u0101mkarogu.<\/li>\n<li>Matijas II kron\u0113\u0161anas laik\u0101 XVII gadsimt\u0101 tika uzlikts sarkanbalts za\u013cais karogs.<\/li>\n<li>1848.-1849.gad\u0101 tr\u012bskr\u0101sains tika nostiprin\u0101ts ar likumu.<\/li>\n<li>1848.\u00a0gads \u2014 Ung\u0101rijas revol\u016bcija, kas v\u0113rsta pret Habsburgu. \u0160ogad tika pie\u0146emts moderns tr\u012bskr\u0101sains, kas k\u013cuva par atbr\u012bvo\u0161an\u0101s un valsts neatkar\u012bbas z\u012bmi.<\/li>\n<\/ul>\n<p style=\"text-align: justify\"><span itemprop=\"image\" itemscope itemtype=\"https:\/\/schema.org\/ImageObject\"><img itemprop=\"url image\" loading=\"lazy\" decoding=\"async\" class=\"alignnone size-full wp-image-4430\" src=\"\/wp-content\/uploads\/2021\/01\/flag-of-hungary_2.png\" width=\"500\" height=\"333\" alt=\"Ung\u0101rijas karogs-2\" \/><meta itemprop=\"width\" content=\"500\"><meta itemprop=\"height\" content=\"333\"><\/span> <span itemprop=\"image\" itemscope itemtype=\"https:\/\/schema.org\/ImageObject\"><img itemprop=\"url image\" loading=\"lazy\" decoding=\"async\" class=\"alignnone size-full wp-image-4431\" src=\"\/wp-content\/uploads\/2021\/01\/flag-of-hungary_3.png\" width=\"500\" height=\"333\" alt=\"Ung\u0101rijas karogs-3\" \/><meta itemprop=\"width\" content=\"500\"><meta itemprop=\"height\" content=\"333\"><\/span><\/p>\n<ul style=\"text-align: justify\">\n<li>1919. gad\u0101 t\u0101 \u0161\u0137ita Ung\u0101rijas Krievijas Republikai. \u010cetrus m\u0113ne\u0161us valsts atgriez\u0101s pie sarkan\u0101 karoga.<\/li>\n<\/ul>\n<p style=\"text-align: justify\"><span itemprop=\"image\" itemscope itemtype=\"https:\/\/schema.org\/ImageObject\"><img itemprop=\"url image\" loading=\"lazy\" decoding=\"async\" class=\"alignnone size-full wp-image-4432\" src=\"\/wp-content\/uploads\/2021\/01\/flag-of-hungary_4.png\" width=\"500\" height=\"250\" alt=\"Ung\u0101rijas karogs-4\" \/><meta itemprop=\"width\" content=\"500\"><meta itemprop=\"height\" content=\"250\"><\/span><\/p>\n<ul style=\"text-align: justify\">\n<li>1919. gada 6. august\u0101 Ung\u0101rij\u0101 tika uzst\u0101d\u012bta monarhija un sarkanbaltza\u013ca tr\u012bskr\u0101sa ar valsts z\u0101li centr\u0101.<\/li>\n<\/ul>\n<p style=\"text-align: justify\"><span itemprop=\"image\" itemscope itemtype=\"https:\/\/schema.org\/ImageObject\"><img itemprop=\"url image\" loading=\"lazy\" decoding=\"async\" class=\"alignnone size-full wp-image-4433\" src=\"\/wp-content\/uploads\/2021\/01\/flag-of-hungary_5.png\" width=\"500\" height=\"333\" alt=\"Ung\u0101rijas karogs-5\" \/><meta itemprop=\"width\" content=\"500\"><meta itemprop=\"height\" content=\"333\"><\/span> <span itemprop=\"image\" itemscope itemtype=\"https:\/\/schema.org\/ImageObject\"><img itemprop=\"url image\" loading=\"lazy\" decoding=\"async\" class=\"alignnone size-full wp-image-4434\" src=\"\/wp-content\/uploads\/2021\/01\/flag-of-hungary_6.png\" width=\"500\" height=\"333\" alt=\"Ung\u0101rijas karogs-6\" \/><meta itemprop=\"width\" content=\"500\"><meta itemprop=\"height\" content=\"333\"><\/span><\/p>\n<ul style=\"text-align: justify\">\n<li>20.\u00a0gadsimta 40.\u00a0gadu otraj\u0101 pus\u0113 Ung\u0101rija pie\u0146\u0113ma jaunu \u0123erboni &#8211; lauks Kolijeva vainag\u0101, sarkan\u0101 zvaigzne, sirpj\u0161 un \u0101murs.<\/li>\n<\/ul>\n<p style=\"text-align: justify\"><span itemprop=\"image\" itemscope itemtype=\"https:\/\/schema.org\/ImageObject\"><img itemprop=\"url image\" loading=\"lazy\" decoding=\"async\" class=\"alignnone size-full wp-image-4435\" src=\"\/wp-content\/uploads\/2021\/01\/flag-of-hungary_7.png\" width=\"500\" height=\"333\" alt=\"Ung\u0101rijas karogs-7\" \/><meta itemprop=\"width\" content=\"500\"><meta itemprop=\"height\" content=\"333\"><\/span><\/p>\n<ul style=\"text-align: justify\">\n<li>20. gadsimta 50. gadu 2. pus\u0113 no valsts karoga \u0123erbonis tika no\u0146emts. T\u0101tad \u0161obr\u012bd varam redz\u0113t tr\u012bskr\u0101su.<\/li>\n<li>2012. gada 1. janv\u0101r\u012b atkal tika apstiprin\u0101ta modern\u0101 karoga ofici\u0101l\u0101 ievie\u0161ana.<\/li>\n<\/ul>\n<p style=\"text-align: justify\"><span itemprop=\"image\" itemscope itemtype=\"https:\/\/schema.org\/ImageObject\"><img itemprop=\"url image\" loading=\"lazy\" decoding=\"async\" class=\"alignnone size-full wp-image-4436\" src=\"\/wp-content\/uploads\/2021\/01\/flag-of-hungary_8.png\" width=\"500\" height=\"333\" alt=\"Ung\u0101rijas karogs-8\" \/><meta itemprop=\"width\" content=\"500\"><meta itemprop=\"height\" content=\"333\"><\/span><\/p>\n<p style=\"text-align: justify\">Rekl\u0101mkaroga att\u012bst\u012bbas v\u0113stur\u0113 valsts \u0123erbonim bija liela noz\u012bme. Vi\u0146\u0161 atrad\u0101s uz pa\u0161a Ung\u0101rijas karoga, p\u0113c tam pazuda Harmon\u0101, mainot noz\u012bmi un formu.<\/p>\n<h2 style=\"text-align: justify\">Armijas karogi<\/h2>\n<p style=\"text-align: justify\"><span itemprop=\"image\" itemscope itemtype=\"https:\/\/schema.org\/ImageObject\"><img itemprop=\"url image\" loading=\"lazy\" decoding=\"async\" class=\"alignnone size-full wp-image-4437\" src=\"\/wp-content\/uploads\/2021\/01\/flag-of-hungary_9.png\" width=\"500\" height=\"375\" alt=\"Ung\u0101rijas karogs-9\" \/><meta itemprop=\"width\" content=\"500\"><meta itemprop=\"height\" content=\"375\"><\/span> <span itemprop=\"image\" itemscope itemtype=\"https:\/\/schema.org\/ImageObject\"><img itemprop=\"url image\" loading=\"lazy\" decoding=\"async\" class=\"alignnone size-full wp-image-4438\" src=\"\/wp-content\/uploads\/2021\/01\/flag-of-hungary_10.png\" width=\"500\" height=\"429\" alt=\"Ung\u0101rijas karogs-10\" \/><meta itemprop=\"width\" content=\"500\"><meta itemprop=\"height\" content=\"429\"><\/span><\/p>\n<h2 style=\"text-align: justify\">Apraksts<\/h2>\n<p style=\"text-align: justify\">Nacion\u0101lais Ung\u0101rijas rekl\u0101mkarogs ir att\u0113lots taisnst\u016brveida audekla form\u0101 ar proporciju divi l\u012bdz tr\u012bs. Taj\u0101 ir tr\u012bs horizont\u0101las identiskas sv\u012btras. Neofici\u0101laj\u0101 tr\u012bskr\u0101s\u0101 ir att\u0113lots ar\u012b Ung\u0101rijas \u0123erbonis.<\/p>\n<h2 style=\"text-align: justify\">Kr\u0101su Ung\u0101rijas karogs<\/h2>\n<p style=\"text-align: justify\">Ung\u0101rijas karogam ir tr\u012bs kr\u0101sas: sarkans, balts un za\u013c\u0161. J\u0101nor\u0101da, ka ofici\u0101lajai embl\u0113mai atbilst vien\u0101das kr\u0101sas.<\/p>\n<blockquote>\n<p style=\"text-align: justify\">\u0160\u012bs tr\u012bs kr\u0101sas tika izmantotas bungu apgrie\u0161anai XVI gadsimta vid\u016b. Un XVII gadsimt\u0101 vienas un t\u0101s pa\u0161as kr\u0101sas kalpoja ku\u0123u standartu noform\u0113\u0161anai un ceremoniju svin\u012bgai dekor\u0113\u0161anai.<\/p>\n<\/blockquote>\n<h2 style=\"text-align: justify\">Ung\u0101rijas karoga kr\u0101su noz\u012bme<\/h2>\n<ol style=\"text-align: justify\">\n<li>Sarkan\u0101 kr\u0101sa simboliz\u0113 sp\u0113ku un drosmi, patriotu asinis, kas izlietas par depresiju revol\u016bcijas laik\u0101.<\/li>\n<li>Balts &#8211; miera, lojalit\u0101tes, mor\u0101l\u0101s mui\u017eniec\u012bbas simbols un raksturo Ung\u0101rijas upi.<\/li>\n<li>Za\u013c\u0161\u00a0\u2014 kalni, att\u012bst\u012bba un cer\u012bba uz saist\u012btu n\u0101kotni.<\/li>\n<\/ol>\n<p style=\"text-align: justify\">Nestabil\u0101s situ\u0101cijas, bie\u017e\u0101s valsts robe\u017eu p\u0101rveido\u0161anas d\u0113\u013c par\u0101d\u012bj\u0101s valdo\u0161o \u0123ime\u0146u mai\u0146a Ung\u0101rijas z\u0101l\u012btes k\u0101rti\u0146\u0101:<\/p>\n<ul style=\"text-align: justify\">\n<li>\u010cehu lauva ar 2 ast\u0113m.<\/li>\n<li>\u0112rglis &#8211; Polijas kro\u0146a simbols.<\/li>\n<li>Slavins Ku\u010denja.<\/li>\n<li>Horv\u0101tijas sarkanbaltsarkan\u0101 &quot;Shakhovnitsa&quot;.<\/li>\n<\/ul>\n<blockquote>\n<p style=\"text-align: justify\">K\u0101 jums ir iesp\u0113ja atz\u012bm\u0113t, tr\u012bskr\u0101sas veido\u0161an\u0101s v\u0113sture paties\u012bb\u0101 ir \u013coti bag\u0101ta un izklaid\u0113jo\u0161a.<\/p>\n<\/blockquote>\n<h2 style=\"text-align: justify\">Interesanti fakti<\/h2>\n<ul style=\"text-align: justify\">\n<li>Krievu uz\u0146\u0113m\u0113js Rom\u0101ns Vasi\u013cenko m\u0101c\u012bjies Ung\u0101rij\u0101.<\/li>\n<\/ul>\n<h2 style=\"text-align: justify\">Nespecializ\u0113ta inform\u0101cija par Ung\u0101riju<\/h2>\n<table>\n<tbody>\n<tr style=\"text-align: justify\">\n<td>Ofici\u0101l\u0101 valoda<\/td>\n<td>ung\u0101ru<\/td>\n<\/tr>\n<tr style=\"text-align: justify\">\n<td>Kapit\u0101ls<\/td>\n<td>Budape\u0161ta<\/td>\n<\/tr>\n<tr style=\"text-align: justify\">\n<td>Teritorija<\/td>\n<td>93 036 km2<\/td>\n<\/tr>\n<tr style=\"text-align: justify\">\n<td>Popul\u0101cija<\/td>\n<td>9 772 756 cilv\u0113ki<\/td>\n<\/tr>\n<tr style=\"text-align: justify\">\n<td>Val\u016bta<\/td>\n<td>Ung\u0101rijas forints (HUF, 348)<\/td>\n<\/tr>\n<tr>\n<td style=\"text-align: justify\">Telefona kods<\/td>\n<td style=\"text-align: justify\">+36<\/td>\n<\/tr>\n<\/tbody>\n<\/table>\n","protected":false},"excerpt":{"rendered":"<p>Ung\u0101rijas karogs ir valsts pa\u0161vald\u012bbas z\u012bme. Vi\u0146am ir \u013coti bag\u0101ta v\u0113sture. Vismaz past\u0101v\u0113\u0161anas br\u012bdi tas ir piedz\u012bvojis milz\u012bgu skaitu konfigur\u0101ciju. \u0160aj\u0101 rakst\u0101 jums ir iesp\u0113ja uzzin\u0101t vair\u0101k par&#8230;<\/p>\n","protected":false},"author":1,"featured_media":5966,"comment_status":"open","ping_status":"open","sticky":false,"template":"","format":"standard","meta":{"footnotes":""},"categories":[3],"tags":[],"class_list":["post-1665","post","type-post","status-publish","format-standard","has-post-thumbnail","","category-eiropas-karogi"],"aioseo_notices":[],"_links":{"self":[{"href":"https:\/\/flags-world.com\/lv\/wp-json\/wp\/v2\/posts\/1665","targetHints":{"allow":["GET"]}}],"collection":[{"href":"https:\/\/flags-world.com\/lv\/wp-json\/wp\/v2\/posts"}],"about":[{"href":"https:\/\/flags-world.com\/lv\/wp-json\/wp\/v2\/types\/post"}],"author":[{"embeddable":true,"href":"https:\/\/flags-world.com\/lv\/wp-json\/wp\/v2\/users\/1"}],"replies":[{"embeddable":true,"href":"https:\/\/flags-world.com\/lv\/wp-json\/wp\/v2\/comments?post=1665"}],"version-history":[{"count":0,"href":"https:\/\/flags-world.com\/lv\/wp-json\/wp\/v2\/posts\/1665\/revisions"}],"wp:featuredmedia":[{"embeddable":true,"href":"https:\/\/flags-world.com\/lv\/wp-json\/wp\/v2\/media\/5966"}],"wp:attachment":[{"href":"https:\/\/flags-world.com\/lv\/wp-json\/wp\/v2\/media?parent=1665"}],"wp:term":[{"taxonomy":"category","embeddable":true,"href":"https:\/\/flags-world.com\/lv\/wp-json\/wp\/v2\/categories?post=1665"},{"taxonomy":"post_tag","embeddable":true,"href":"https:\/\/flags-world.com\/lv\/wp-json\/wp\/v2\/tags?post=1665"}],"curies":[{"name":"wp","href":"https:\/\/api.w.org\/{rel}","templated":true}]}}