{"id":1664,"date":"2021-01-04T17:18:20","date_gmt":"2021-01-04T14:18:20","guid":{"rendered":"https:\/\/flags-world.com\/lv\/2021\/01\/04\/veneculas-karogs-nozme-un-krsas\/"},"modified":"2021-01-04T17:18:20","modified_gmt":"2021-01-04T14:18:20","slug":"veneculas-karogs-nozme-un-krsas","status":"publish","type":"post","link":"https:\/\/flags-world.com\/lv\/veneculas-karogs-nozme-un-krsas\/","title":{"rendered":"Venecu\u0113las karogs: noz\u012bme un kr\u0101sas"},"content":{"rendered":"<p style=\"text-align: justify\">Venecu\u0113las pa\u0161vald\u012bbas karogs l\u012bdz\u0101s himnai un \u0123erbonim ir viena no valsts z\u012bmju suverenit\u0101t\u0113m un galvenaj\u0101m br\u012bv\u012bb\u0101m. Lai saprastu, kas ir \u0161\u012bs valsts karogs, ir j\u0101atsaucas uz st\u0101stu. Konkr\u0113ti, p\u0113d\u0113jo gadu darb\u012bbas ir rad\u012bju\u0161as piez\u012bmi par t\u0101 izskatu.<\/p>\n<p style=\"text-align: justify\">T\u0101tad Venecu\u0113las karogs izskat\u0101s:<\/p>\n<p style=\"text-align: justify\"><span itemprop=\"image\" itemscope itemtype=\"https:\/\/schema.org\/ImageObject\"><img itemprop=\"url image\" loading=\"lazy\" decoding=\"async\" class=\"alignnone size-full wp-image-4440\" src=\"\/wp-content\/uploads\/2021\/01\/flag-of-venezuela_1.png\" width=\"500\" height=\"333\" alt=\"Venecu\u0113las karogs-1\" \/><meta itemprop=\"width\" content=\"500\"><meta itemprop=\"height\" content=\"333\"><\/span><\/p>\n<h2 style=\"text-align: justify\">Venecu\u0113las karoga v\u0113sture<\/h2>\n<p style=\"text-align: justify\">Karoga izveide ir cie\u0161i saist\u012bta ar tautas nacion\u0101l\u0101s atbr\u012bvo\u0161an\u0101s kust\u012bbu, jo Boliv\u0101ra Republika iepriek\u0161 ilgu laiku atrad\u0101s Sp\u0101nijas apspie\u0161an\u0101.<\/p>\n<p style=\"text-align: justify\">Vair\u0101k nek\u0101 tr\u012bssimt gadu ilg\u0101s koloni\u0101l\u0101s atkar\u012bbas rezult\u0101t\u0101 XVIII gadsimta 90. gadu otraj\u0101 pus\u0113 tika organiz\u0113ta neatkar\u012bbas piekrit\u0113ju kopa, kuras priek\u0161gal\u0101 bija Jese Maria Espanya un Manuel Gaul. P\u0113c tam cilv\u0113ki s\u0101kotn\u0113ji tika dibin\u0101ti zem bezmaksas banera ar 4 da\u017e\u0101du kr\u0101su horizont\u0101l\u0101m sv\u012btr\u0101m: balta, zila, sarkana un dzeltena. \u0160\u012bs kr\u0101sas personific\u0113ja balto, meln\u0101dainos, rudmates un mulatus. Un, lai ar\u012b sacel\u0161an\u0101s tika apspiesta, t\u0101s pa\u0161as kr\u0101sas turpm\u0101kajos gados tika izmantotas preto\u0161an\u0101s kust\u012bbas karogos, ta\u010du to noz\u012bme main\u012bj\u0101s.<\/p>\n<p style=\"text-align: justify\">Karogs, kas pa\u0161laik tiek izmantots s\u0101kotn\u0113ji, tika pacelts Jacmel Bay Islands Haiti uz ku\u0123a ar nosaukumu &quot;Leandra&quot; 1806. Par karoga rad\u012bt\u0101ju tiek uzskat\u012bts Fransisko Miranda, slavenais preto\u0161an\u0101s kust\u012bbas favor\u012bts. Uz \u0161\u012b ku\u0123a vi\u0146\u0161 ar br\u012bvpr\u0101t\u012bgo grupu dev\u0101s no \u0145ujorkas uz Dienvidameriku.<\/p>\n<p style=\"text-align: justify\">Non\u0101kot zem \u0161\u012b karoga, tika m\u0113\u0123in\u0101ts pasludin\u0101t neatkar\u012bbu (1810 g), tika pasludin\u0101ta Venecu\u0113las Republika (1. 1811.-1812. un 2. 1813.-1814. un 2. 1813.-1814. gad\u0101), bet 1816.-1822. gad\u0101 Simona. Bolivars ar savu armiju atbr\u012bvoja valsti no sp\u0101\u0146iem, un vi\u0146a galu gal\u0101 k\u013cuva piln\u012bgi br\u012bva. \u0160obr\u012bd karoga dienas Venecu\u0113l\u0101 tiek svin\u0113tas 3. august\u0101.<\/p>\n<p><span itemprop=\"image\" itemscope itemtype=\"https:\/\/schema.org\/ImageObject\"><img itemprop=\"url image\" loading=\"lazy\" decoding=\"async\" class=\"alignnone size-full wp-image-4441\" src=\"\/wp-content\/uploads\/2021\/01\/flag-of-venezuela_2.png\" width=\"500\" height=\"333\" alt=\"Venecu\u0113las karogs-2\" \/><meta itemprop=\"width\" content=\"500\"><meta itemprop=\"height\" content=\"333\"><\/span><\/p>\n<ul style=\"text-align: justify\">\n<li>Venecu\u0113las karogs 1810-1813<\/li>\n<\/ul>\n<p><span itemprop=\"image\" itemscope itemtype=\"https:\/\/schema.org\/ImageObject\"><img itemprop=\"url image\" loading=\"lazy\" decoding=\"async\" class=\"alignnone size-full wp-image-4443\" src=\"\/wp-content\/uploads\/2021\/01\/flag-of-venezuela_3.png\" width=\"500\" height=\"333\" alt=\"Venecu\u0113las karogs-3\" \/><meta itemprop=\"width\" content=\"500\"><meta itemprop=\"height\" content=\"333\"><\/span><\/p>\n<ul style=\"text-align: justify\">\n<li>Venecu\u0113las karogs 1813-1817<\/li>\n<\/ul>\n<p><span itemprop=\"image\" itemscope itemtype=\"https:\/\/schema.org\/ImageObject\"><img itemprop=\"url image\" loading=\"lazy\" decoding=\"async\" class=\"alignnone size-full wp-image-4444\" src=\"\/wp-content\/uploads\/2021\/01\/flag-of-venezuela_4.png\" width=\"500\" height=\"333\" alt=\"Venecu\u0113las karogs-4\" \/><meta itemprop=\"width\" content=\"500\"><meta itemprop=\"height\" content=\"333\"><\/span><\/p>\n<ul style=\"text-align: justify\">\n<li>Venecu\u0113las karogs 1817-1830<\/li>\n<\/ul>\n<p><span itemprop=\"image\" itemscope itemtype=\"https:\/\/schema.org\/ImageObject\"><img itemprop=\"url image\" loading=\"lazy\" decoding=\"async\" class=\"alignnone size-full wp-image-4445\" src=\"\/wp-content\/uploads\/2021\/01\/flag-of-venezuela_5.png\" width=\"500\" height=\"332\" alt=\"Venecu\u0113las karogs-5\" \/><meta itemprop=\"width\" content=\"500\"><meta itemprop=\"height\" content=\"332\"><\/span><\/p>\n<ul style=\"text-align: justify\">\n<li>Venecu\u0113las karogs 1830-1836<\/li>\n<\/ul>\n<p><span itemprop=\"image\" itemscope itemtype=\"https:\/\/schema.org\/ImageObject\"><img itemprop=\"url image\" loading=\"lazy\" decoding=\"async\" class=\"alignnone size-full wp-image-4446\" src=\"\/wp-content\/uploads\/2021\/01\/flag-of-venezuela_6.png\" width=\"500\" height=\"333\" alt=\"Venecu\u0113las karogs-6\" \/><meta itemprop=\"width\" content=\"500\"><meta itemprop=\"height\" content=\"333\"><\/span><\/p>\n<ul style=\"text-align: justify\">\n<li>1836. gada 16. apr\u012blis &#8211; 1859. gada febru\u0101ris<\/li>\n<\/ul>\n<p><span itemprop=\"image\" itemscope itemtype=\"https:\/\/schema.org\/ImageObject\"><img itemprop=\"url image\" loading=\"lazy\" decoding=\"async\" class=\"alignnone size-full wp-image-4447\" src=\"\/wp-content\/uploads\/2021\/01\/flag-of-venezuela_7.png\" width=\"500\" height=\"333\" alt=\"Venecu\u0113las karogs-7\" \/><meta itemprop=\"width\" content=\"500\"><meta itemprop=\"height\" content=\"333\"><\/span><\/p>\n<ul style=\"text-align: justify\">\n<li>1859. gada febru\u0101ris &#8211; 1859. gada j\u016bnijs<\/li>\n<\/ul>\n<p><span itemprop=\"image\" itemscope itemtype=\"https:\/\/schema.org\/ImageObject\"><img itemprop=\"url image\" loading=\"lazy\" decoding=\"async\" class=\"alignnone size-full wp-image-4448\" src=\"\/wp-content\/uploads\/2021\/01\/flag-of-venezuela_8.png\" width=\"500\" height=\"333\" alt=\"Venecu\u0113las karogs 8\" \/><meta itemprop=\"width\" content=\"500\"><meta itemprop=\"height\" content=\"333\"><\/span><\/p>\n<ul style=\"text-align: justify\">\n<li>1859. gada j\u016bnijs &#8211; 1863. gada 29. j\u016blijs<\/li>\n<\/ul>\n<p><span itemprop=\"image\" itemscope itemtype=\"https:\/\/schema.org\/ImageObject\"><img itemprop=\"url image\" loading=\"lazy\" decoding=\"async\" class=\"alignnone size-full wp-image-4449\" src=\"\/wp-content\/uploads\/2021\/01\/flag-of-venezuela_9.png\" width=\"500\" height=\"333\" alt=\"Venecu\u0113las karogs-9\" \/><meta itemprop=\"width\" content=\"500\"><meta itemprop=\"height\" content=\"333\"><\/span><\/p>\n<ul style=\"text-align: justify\">\n<li>1863. gada 29. j\u016blijs &#8211; 1905. gada 28. marts<\/li>\n<\/ul>\n<p><span itemprop=\"image\" itemscope itemtype=\"https:\/\/schema.org\/ImageObject\"><img itemprop=\"url image\" loading=\"lazy\" decoding=\"async\" class=\"alignnone size-full wp-image-4450\" src=\"\/wp-content\/uploads\/2021\/01\/flag-of-venezuela_10.png\" width=\"500\" height=\"333\" alt=\"Venecu\u0113las karogs-10\" \/><meta itemprop=\"width\" content=\"500\"><meta itemprop=\"height\" content=\"333\"><\/span><\/p>\n<ul style=\"text-align: justify\">\n<li>1905. gada 28. marts &#8211; 1930. gada 15. septembris<\/li>\n<\/ul>\n<p><span itemprop=\"image\" itemscope itemtype=\"https:\/\/schema.org\/ImageObject\"><img itemprop=\"url image\" loading=\"lazy\" decoding=\"async\" class=\"alignnone size-full wp-image-4451\" src=\"\/wp-content\/uploads\/2021\/01\/flag-of-venezuela_11.png\" width=\"500\" height=\"333\" alt=\"Venecu\u0113las karogs-11\" \/><meta itemprop=\"width\" content=\"500\"><meta itemprop=\"height\" content=\"333\"><\/span><\/p>\n<ul style=\"text-align: justify\">\n<li>Venecu\u0113las karogs 1930-1954<\/li>\n<\/ul>\n<p><span itemprop=\"image\" itemscope itemtype=\"https:\/\/schema.org\/ImageObject\"><img itemprop=\"url image\" loading=\"lazy\" decoding=\"async\" class=\"alignnone size-full wp-image-4452\" src=\"\/wp-content\/uploads\/2021\/01\/flag-of-venezuela_12.png\" width=\"500\" height=\"333\" alt=\"Venecu\u0113las karogs-12\" \/><meta itemprop=\"width\" content=\"500\"><meta itemprop=\"height\" content=\"333\"><\/span><\/p>\n<ul style=\"text-align: justify\">\n<li>Venecu\u0113las karogs 1954-2006<\/li>\n<\/ul>\n<h2 style=\"text-align: justify\">Apraksts<\/h2>\n<p style=\"text-align: justify\">T\u0101pat k\u0101 p\u0101r\u0113j\u0101s Sp\u0101nijas kolonijas, kuras neatkar\u012bbas c\u012b\u0146\u0101 izveidoja valstu apvien\u012bbu ar nosaukumu &quot;Liel\u0101 Kolumbija&quot; (neskaitot Venecu\u0113lu virzien\u0101, kur\u0101 bija Ekvadora, Panama, Kolumbija), Venecu\u0113las karogam ir dzeltenas, zilas, un sarkan\u0101s kr\u0101sas. Tie atrodas horizont\u0101li un vienmu\u013ci platum\u0101, un pa\u0161am karogam ir proporcijas 2:3. Pusloka centr\u0101 ir 8 piecstaru zvaigznes.<\/p>\n<p style=\"text-align: justify\">Ir divi ofici\u0101li karoga min\u0113jumi: civil\u0101 un dienesta ievie\u0161ana pasaul\u0113.<\/p>\n<p><span itemprop=\"image\" itemscope itemtype=\"https:\/\/schema.org\/ImageObject\"><img itemprop=\"url image\" loading=\"lazy\" decoding=\"async\" class=\"alignnone size-full wp-image-4453\" src=\"\/wp-content\/uploads\/2021\/01\/flag-of-venezuela_13.png\" width=\"500\" height=\"333\" alt=\"Venecu\u0113las karogs-13\" \/><meta itemprop=\"width\" content=\"500\"><meta itemprop=\"height\" content=\"333\"><\/span><\/p>\n<ul style=\"text-align: justify\">\n<li>Venecu\u0113las karogs<\/li>\n<\/ul>\n<p><span itemprop=\"image\" itemscope itemtype=\"https:\/\/schema.org\/ImageObject\"><img itemprop=\"url image\" loading=\"lazy\" decoding=\"async\" class=\"alignnone size-full wp-image-4454\" src=\"\/wp-content\/uploads\/2021\/01\/flag-of-venezuela_14.png\" width=\"500\" height=\"333\" alt=\"Venecu\u0113las karogs-14\" \/><meta itemprop=\"width\" content=\"500\"><meta itemprop=\"height\" content=\"333\"><\/span><\/p>\n<ul style=\"text-align: justify\">\n<li>Pakalpojuma izvieto\u0161anas karogs<\/li>\n<\/ul>\n<h2 style=\"text-align: justify\">Venecu\u0113las kr\u0101su karogs<\/h2>\n<p style=\"text-align: justify\">M\u016bsdienu karogam ir 4 kr\u0101sas, tr\u012bs horizont\u0101las sv\u012btras:<\/p>\n<ol>\n<li style=\"text-align: justify\">Dzeltens;<\/li>\n<li style=\"text-align: justify\">Zils;<\/li>\n<li style=\"text-align: justify\">Sarkans;<\/li>\n<li style=\"text-align: justify\">Baltas zvaigznes centr\u0113tas zilas sv\u012btras.<\/li>\n<\/ol>\n<blockquote>\n<p style=\"text-align: justify\">Gad\u012bjumos, laik\u0101, laik\u0101, laik\u0101, kad starptautiskajos pas\u0101kumos izce\u013cas valsts karogs, t\u0101 aug\u0161\u0113j\u0101 kreisaj\u0101 st\u016br\u012b ir ar\u012b Br\u012bv\u0101s Republikas valsts \u0123erbonis.<\/p>\n<\/blockquote>\n<h2 style=\"text-align: justify\">Noz\u012bm\u0113 kr\u0101sas Venecu\u0113las karogs<\/h2>\n<ol>\n<li style=\"text-align: justify\">Dzelten\u0101 josla personific\u0113 visas civiliz\u0101cijas bag\u0101t\u012bbu un labkl\u0101j\u012bbu, karstu sauli, nacion\u0101lo suverenit\u0101ti, piekri\u0161anu un taisn\u012bgumu.<\/li>\n<li style=\"text-align: justify\">Zil\u0101 josla simboliz\u0113 mier\u012bg\u0101s debesis un Kar\u012bbu j\u016bras un Atlantijas oke\u0101na \u016bdeni, mazg\u0101 valsti un upes un ezerus t\u0101s iek\u0161ien\u0113.<\/li>\n<li style=\"text-align: justify\">Sarkan\u0101 josla ir asinis, ko izl\u0113ja c\u012bn\u012bt\u0101ji par dzimt\u0101s valsts atbr\u012bvo\u0161anu. Bez tam \u0161\u012b kr\u0101sa netiek uzskat\u012bta par to tiek interpret\u0113ta k\u0101 m\u012blest\u012bbas, progresa un sp\u0113ka izpausme.<\/li>\n<li style=\"text-align: justify\">Zvaig\u017e\u0146u skaits karoga centr\u0101 nav tikai \u0161\u0101ds: t\u0101s personific\u0113 asto\u0146as provinces, kas 1811. gad\u0101 izveidoja Venecu\u0113las vietu, k\u013c\u016bstot par da\u013cu no &quot;Milz\u012bg\u0101s Kolumbijas&quot;. \u0160\u012bs provinces bija:<\/li>\n<\/ol>\n<ul style=\"text-align: justify;margin-left: 40px\">\n<li>Barinas,<\/li>\n<li>Barselona,<\/li>\n<li>Karakasa,<\/li>\n<li>Kumana,<\/li>\n<li>Margarita,<\/li>\n<li>Merida,<\/li>\n<li>Truhiljo,<\/li>\n<li>Rietumu Gvineja.<\/li>\n<\/ul>\n<blockquote>\n<p style=\"text-align: justify\">\u0160aj\u0101 dien\u0101 valsti izsm\u0113lu\u0161as vairs ne septi\u0146as provinces, bet 23 administrat\u012bvie \u0161tati un viens rajons, bet karogs ir saglab\u0101ts t\u0101d\u0101 variant\u0101, ar k\u0101du vald\u012bba ieguva neatkar\u012bbu.<\/p>\n<\/blockquote>\n<h2 style=\"text-align: justify\">Nespecializ\u0113ta inform\u0101cija par Venecu\u0113lu<\/h2>\n<table>\n<tbody>\n<tr style=\"text-align: justify\">\n<td>Ofici\u0101l\u0101 valoda<\/td>\n<td>sp\u0101\u0146u valoda<\/td>\n<\/tr>\n<tr style=\"text-align: justify\">\n<td>Kapit\u0101ls<\/td>\n<td>Karakasa<\/td>\n<\/tr>\n<tr style=\"text-align: justify\">\n<td>Teritorija<\/td>\n<td>916 445 km2<\/td>\n<\/tr>\n<tr style=\"text-align: justify\">\n<td>Popul\u0101cija<\/td>\n<td>28 887 118 cilv\u0113ki<\/td>\n<\/tr>\n<tr style=\"text-align: justify\">\n<td>Val\u016bta<\/td>\n<td>Suver\u0113nais bolivars (VES, kods 928)<\/td>\n<\/tr>\n<tr>\n<td style=\"text-align: justify\">Telefona kods<\/td>\n<td style=\"text-align: justify\">+58<\/td>\n<\/tr>\n<\/tbody>\n<\/table>\n","protected":false},"excerpt":{"rendered":"<p>Venecu\u0113las pa\u0161vald\u012bbas karogs l\u012bdz\u0101s himnai un \u0123erbonim ir viena no valsts z\u012bmju suverenit\u0101t\u0113m un galvenaj\u0101m br\u012bv\u012bb\u0101m. Lai saprastu, kas ir \u0161\u012bs valsts karogs, ir j\u0101atsaucas uz st\u0101stu. Konkr\u0113ti,&#8230;<\/p>\n","protected":false},"author":1,"featured_media":5971,"comment_status":"open","ping_status":"open","sticky":false,"template":"","format":"standard","meta":{"footnotes":""},"categories":[7],"tags":[],"class_list":["post-1664","post","type-post","status-publish","format-standard","has-post-thumbnail","","category-dienvidamerikas-karogi"],"aioseo_notices":[],"_links":{"self":[{"href":"https:\/\/flags-world.com\/lv\/wp-json\/wp\/v2\/posts\/1664","targetHints":{"allow":["GET"]}}],"collection":[{"href":"https:\/\/flags-world.com\/lv\/wp-json\/wp\/v2\/posts"}],"about":[{"href":"https:\/\/flags-world.com\/lv\/wp-json\/wp\/v2\/types\/post"}],"author":[{"embeddable":true,"href":"https:\/\/flags-world.com\/lv\/wp-json\/wp\/v2\/users\/1"}],"replies":[{"embeddable":true,"href":"https:\/\/flags-world.com\/lv\/wp-json\/wp\/v2\/comments?post=1664"}],"version-history":[{"count":0,"href":"https:\/\/flags-world.com\/lv\/wp-json\/wp\/v2\/posts\/1664\/revisions"}],"wp:featuredmedia":[{"embeddable":true,"href":"https:\/\/flags-world.com\/lv\/wp-json\/wp\/v2\/media\/5971"}],"wp:attachment":[{"href":"https:\/\/flags-world.com\/lv\/wp-json\/wp\/v2\/media?parent=1664"}],"wp:term":[{"taxonomy":"category","embeddable":true,"href":"https:\/\/flags-world.com\/lv\/wp-json\/wp\/v2\/categories?post=1664"},{"taxonomy":"post_tag","embeddable":true,"href":"https:\/\/flags-world.com\/lv\/wp-json\/wp\/v2\/tags?post=1664"}],"curies":[{"name":"wp","href":"https:\/\/api.w.org\/{rel}","templated":true}]}}