{"id":1662,"date":"2021-01-04T17:18:20","date_gmt":"2021-01-04T14:18:20","guid":{"rendered":"https:\/\/flags-world.com\/lv\/2021\/01\/04\/vatikna-karogs-nozme-un-krsas\/"},"modified":"2021-01-04T17:18:20","modified_gmt":"2021-01-04T14:18:20","slug":"vatikna-karogs-nozme-un-krsas","status":"publish","type":"post","link":"https:\/\/flags-world.com\/lv\/vatikna-karogs-nozme-un-krsas\/","title":{"rendered":"Vatik\u0101na karogs: noz\u012bme un kr\u0101sas"},"content":{"rendered":"<p style=\"text-align: justify\">Vatik\u0101ns ir maza valsts, kas atrodas uz It\u0101lijas zemes, otrais v\u0101rds vi\u0146as galvaspils\u0113t\u0101 &#8211; Rom\u0101. Vatik\u0101ns ir reli\u0123iska valsts, otrais v\u0101rds politikai un likumam un k\u0101rt\u012bbai taj\u0101 viet\u0101 ir tikai reli\u0123ija. Par atsevi\u0161\u0137u un br\u012bvu Vatik\u0101na valsti k\u013cuva 1929. gada 7. j\u016bnijs.<\/p>\n<p style=\"text-align: justify\">T\u0101tad m\u016bsdienu Vatik\u0101na karogs izskat\u0101s:<\/p>\n<p style=\"text-align: justify\"><span itemprop=\"image\" itemscope itemtype=\"https:\/\/schema.org\/ImageObject\"><img itemprop=\"url image\" loading=\"lazy\" decoding=\"async\" class=\"alignnone size-full wp-image-4425\" src=\"\/wp-content\/uploads\/2021\/01\/flag-of-vatican-city_1.png\" width=\"500\" height=\"500\" alt=\"Vatik\u0101na-1 karogs\" \/><meta itemprop=\"width\" content=\"500\"><meta itemprop=\"height\" content=\"500\"><\/span><\/p>\n<h2 style=\"text-align: justify\">Vatik\u0101na v\u0113stures karogs<\/h2>\n<p style=\"text-align: justify\">Ofici\u0101lais Vatik\u0101na karogs par\u0101d\u012bj\u0101s laik\u0101, kad t\u0101 ofici\u0101l\u0101 fili\u0101le no It\u0101lijas. Bet t\u0101d\u0101 veid\u0101, k\u0101d\u0101 m\u0113s tagad zin\u0101m Sv\u0113t\u0101 Kr\u0113sla valsts z\u012bmi, t\u0101 izveidoj\u0101s ilgi pirms 1929. S\u0101kotn\u0113j\u0101 laik\u0101 Vatik\u0101na karogs vienk\u0101r\u0161\u0101 form\u0101 mums \u0161\u0137ita 1825. gad\u0101. Taj\u0101 laik\u0101 tas bija audums, kas bija ofici\u0101l\u0101 re\u0123iona z\u012bme Centr\u0101l\u0101s un Zieme\u013cit\u0101lijas zem\u0113, kuru vad\u012bja Phap.<\/p>\n<p style=\"text-align: justify\">\u0160is audekls bija p\u0101vesta re\u0123iona karoga modifik\u0101cija no 1808. l\u012bdz 1870. gadam un karogam, ko Vatik\u0101ns izmantoja uz saviem iepirk\u0161an\u0101s ku\u0123iem no 1803. l\u012bdz 1825. gadam. Tas iedom\u0101j\u0101s kvadr\u0101tveida audumu, kas vertik\u0101li sadal\u012bts vien\u0101d\u0101s da\u013c\u0101s. Kreis\u0101 puse bija nokr\u0101sota zeltaini dzelten\u0101 Kohler kr\u0101s\u0101, bet lab\u0101 puse bija simtprocent\u012bgi balta ar valsts \u0123erboni centr\u0101. Karogs tika atz\u012bts par Vatik\u0101na z\u012bmi l\u012bdz 1870.\u00a0gadam, kad p\u0101vesta re\u0123ions ofici\u0101li beidza past\u0101v\u0113t.<\/p>\n<p style=\"text-align: justify\"><span itemprop=\"image\" itemscope itemtype=\"https:\/\/schema.org\/ImageObject\"><img itemprop=\"url image\" loading=\"lazy\" decoding=\"async\" class=\"alignnone size-full wp-image-4426\" src=\"\/wp-content\/uploads\/2021\/01\/flag-of-vatican-city_2.png\" width=\"500\" height=\"500\" alt=\"Vatik\u0101na karogs-2\" \/><meta itemprop=\"width\" content=\"500\"><meta itemprop=\"height\" content=\"500\"><\/span><\/p>\n<p style=\"text-align: justify\">Pirms divdesmit\u0101 gadsimta s\u0101kuma Vatik\u0101na nost\u0101ja palika nezin\u0101ma. 20.\u00a0gadsimta 20.\u00a0gadu otraj\u0101 pus\u0113 tika ofici\u0101li nosl\u0113gti Later\u0101na l\u012bgumi, kas pal\u012bdz\u0113ja It\u0101lij\u0101 izveidot reli\u0123isku vald\u012bbu ar heraldiskaj\u0101m z\u012bm\u0113m, kas ir nemain\u012bgas l\u012bdz m\u016bsdien\u0101m.<\/p>\n<p style=\"text-align: justify\">Visvair\u0101k 1. p\u0101vesta karogs, ko atpaz\u012bst v\u0113sturnieki, s\u0101kotn\u0113ji \u0161\u0137ita XII gs. Tad tas bija sarkans audums ar lielu baltu krustu centr\u0101, kas \u0161\u0137\u0113rsoja laukumu no 1. malas uz otru.<\/p>\n<h2 style=\"text-align: justify\">Apraksts<\/h2>\n<p style=\"text-align: justify\">Vatik\u0101na karogs at\u0161\u0137iras no daudzu otro valstu karogiem, ar to ir nevainojams kvadr\u0101tveida audums, kas sadal\u012bts div\u0101s vien\u0101d\u0101s vertik\u0101l\u0101s da\u013c\u0101s. Kreis\u0101 nav slikta laba puse no audekla, kas atrodas net\u0101lu no brauciena, ir zeltaini dzelten\u0101 nokr\u0101sa. Pareizi nav slikti laba puse ir balta kr\u0101sa.<\/p>\n<p style=\"text-align: justify\">Reli\u0123isk\u0101s valsts karoga labaj\u0101 pus\u0113 atrodas Vatik\u0101na embl\u0113mas att\u0113ls. \u0122erbonis atrodas monoton\u0101 att\u0101lum\u0101 no pane\u013ca aug\u0161\u0113j\u0101s un apak\u0161\u0113j\u0101s malas.<\/p>\n<p style=\"text-align: justify\">\u0122erbonis salok\u0101s no \u010detr\u0101m da\u013c\u0101m:<\/p>\n<ul style=\"text-align: justify\">\n<li>Centr\u0101 &#8211; divas taisn\u0101 le\u0146\u0137\u012b sakrustotas atsl\u0113gas. Da\u017ei no tiem ir att\u0113loti ar zelta kr\u0101su. Pa perimetru atsl\u0113ga ir dekor\u0113ta ar sudraba ielikt\u0146iem. 2. atsl\u0113ga att\u0113lo sudraba kr\u0101su. T\u0101 perimetr\u0101, neskaitot to, ir nelieli zelta kr\u0101sas ielikt\u0146i;<\/li>\n<li>Abas atsl\u0113gas savieno gara sarkana aukla, kas vainagota ar maziem pu\u0161\u0137iem s\u0101nos;<\/li>\n<li>Virs tausti\u0146iem un auklas ir p\u0101vesta ti\u0101ra.<\/li>\n<\/ul>\n<h2 style=\"text-align: justify\">Kr\u0101su Vatik\u0101na karogs<\/h2>\n<p style=\"text-align: justify\">Labaj\u0101 pus\u0113 ir balta (sudraba) kr\u0101sa, bet kreis\u0101 &#8211; dzeltena (zelta).<\/p>\n<p style=\"text-align: justify\">Zelta un sudraba kombin\u0101cija ir v\u0113l viena at\u0161\u0137ir\u012bba starp ofici\u0101lo sv\u0113t\u0101 tro\u0146a karogu no otr\u0101, jo divus met\u0101lus nevajadz\u0113tu apvienot vien\u0101 karog\u0101, k\u0101 ar\u012b neatrast \u0161\u0101dus karogus.<\/p>\n<h2 style=\"text-align: justify\">Noz\u012bm\u0113 kr\u0101sas Vatik\u0101na karogs<\/h2>\n<p style=\"text-align: justify\">Vatik\u0101na karog\u0101 izmantot\u0101s kr\u0101sas ir sapr\u0101t\u012bgs noteikumu iz\u0146\u0113mums. Sudraba zelts un kr\u0101sa dubl\u0113 uz auduma att\u0113loto tausti\u0146u kr\u0101sas. Da\u017ei no tiem simboliz\u0113 atsl\u0113gu no Parad\u012bzes, kuras \u012bpa\u0161nieks ir Sv\u0113tais P\u0113teris. 2. simboliz\u0113 atsl\u0113gu no It\u0101lijas valsts galvaspils\u0113tas &#8211; Romas.<\/p>\n<p style=\"text-align: justify\">Sarkan\u0101 aukla simboliz\u0113 debesu un bazn\u012bcas sp\u0113ka savien\u012bbu. Tika min\u0113ts, ka Kristus var atrisin\u0101t pasaul\u012bgos jaut\u0101jumus, izmantojot vi\u0146u pa\u0161u zemes p\u0101rvaldnieku l\u012bdzek\u013cus, kas k\u013cuva par p\u0101vestiem.<\/p>\n<p style=\"text-align: justify\">P\u0101vesta Ti\u0101ra, k\u0101 \u012bsta un att\u0113lota uz Vatik\u0101na \u0123erbo\u0146a un karoga, vienm\u0113r ir bijusi paz\u012bstama ar p\u0101vesta sp\u0113ku, dodot vi\u0146am vair\u0101k, otros v\u0101rdus pa\u0161i. Uz Vatik\u0101na karoga un embl\u0113mas ir tr\u012bs \u0161\u012bs Ti\u0101ras kro\u0146i, kas simboliz\u0113 Sv\u0113to Tr\u012bsvien\u012bbu un tr\u012bs Romas bazn\u012bcas statusus: Romu, visu krist\u012bgo pasauli un gar\u012bgo vald\u012bbu.<\/p>\n<blockquote>\n<p style=\"text-align: justify\">P\u0101vesta ti\u0101ras izskats ne vienm\u0113r bija vien\u0101ds, un tas pie\u0146\u0113ma pa\u0161reiz\u0113jo izskatu tikai s\u0101kum\u0101 XIV gadsimt\u0101.<\/p>\n<\/blockquote>\n<p style=\"text-align: justify\">Nepiev\u0113r\u0161ot uzman\u012bbu tam, ka t\u0101da vald\u012bba k\u0101 Vatik\u0101ns rad\u0101s tikai divdesmitaj\u0101 gadsimt\u0101, t\u0101s karogam ir daudz gar\u0101ka v\u0113sture, k\u0101 pa\u0161ai reli\u0123iskajai valstij. Sv\u0113tais Kr\u0113sls aiz\u0146em tikai 0.44 kvadr\u0101tkilometrus, bet tam ir milz\u012bga noz\u012bme visai kato\u013cu pasaulei.<\/p>\n<h2 style=\"text-align: justify\">Nespecializ\u0113ta inform\u0101cija par Vatik\u0101nu<\/h2>\n<table>\n<tbody>\n<tr>\n<td>Ofici\u0101l\u0101 valoda<\/td>\n<td>it\u0101\u013cu, lat\u012b\u0146u<\/td>\n<\/tr>\n<tr>\n<td>Kapit\u0101ls<\/td>\n<td>Vatik\u0101ns<\/td>\n<\/tr>\n<tr>\n<td>Teritorija<\/td>\n<td>0.44 km2<\/td>\n<\/tr>\n<tr>\n<td>Popul\u0101cija<\/td>\n<td>825 cilv\u0113ki<\/td>\n<\/tr>\n<tr>\n<td>Val\u016bta<\/td>\n<td>eiro<\/td>\n<\/tr>\n<tr>\n<td>Telefona kods<\/td>\n<td>+39 un +379<\/td>\n<\/tr>\n<\/tbody>\n<\/table>\n","protected":false},"excerpt":{"rendered":"<p>Vatik\u0101ns ir maza valsts, kas atrodas uz It\u0101lijas zemes, otrais v\u0101rds vi\u0146as galvaspils\u0113t\u0101 &#8211; Rom\u0101. Vatik\u0101ns ir reli\u0123iska valsts, otrais v\u0101rds politikai un likumam un k\u0101rt\u012bbai taj\u0101 viet\u0101&#8230;<\/p>\n","protected":false},"author":1,"featured_media":5970,"comment_status":"open","ping_status":"open","sticky":false,"template":"","format":"standard","meta":{"footnotes":""},"categories":[3],"tags":[],"class_list":["post-1662","post","type-post","status-publish","format-standard","has-post-thumbnail","","category-eiropas-karogi"],"aioseo_notices":[],"_links":{"self":[{"href":"https:\/\/flags-world.com\/lv\/wp-json\/wp\/v2\/posts\/1662","targetHints":{"allow":["GET"]}}],"collection":[{"href":"https:\/\/flags-world.com\/lv\/wp-json\/wp\/v2\/posts"}],"about":[{"href":"https:\/\/flags-world.com\/lv\/wp-json\/wp\/v2\/types\/post"}],"author":[{"embeddable":true,"href":"https:\/\/flags-world.com\/lv\/wp-json\/wp\/v2\/users\/1"}],"replies":[{"embeddable":true,"href":"https:\/\/flags-world.com\/lv\/wp-json\/wp\/v2\/comments?post=1662"}],"version-history":[{"count":0,"href":"https:\/\/flags-world.com\/lv\/wp-json\/wp\/v2\/posts\/1662\/revisions"}],"wp:featuredmedia":[{"embeddable":true,"href":"https:\/\/flags-world.com\/lv\/wp-json\/wp\/v2\/media\/5970"}],"wp:attachment":[{"href":"https:\/\/flags-world.com\/lv\/wp-json\/wp\/v2\/media?parent=1662"}],"wp:term":[{"taxonomy":"category","embeddable":true,"href":"https:\/\/flags-world.com\/lv\/wp-json\/wp\/v2\/categories?post=1662"},{"taxonomy":"post_tag","embeddable":true,"href":"https:\/\/flags-world.com\/lv\/wp-json\/wp\/v2\/tags?post=1662"}],"curies":[{"name":"wp","href":"https:\/\/api.w.org\/{rel}","templated":true}]}}