{"id":1661,"date":"2021-01-04T17:18:20","date_gmt":"2021-01-04T14:18:20","guid":{"rendered":"https:\/\/flags-world.com\/lv\/2021\/01\/04\/ukrainas-karogs-nozme-un-krsas\/"},"modified":"2021-01-04T17:18:20","modified_gmt":"2021-01-04T14:18:20","slug":"ukrainas-karogs-nozme-un-krsas","status":"publish","type":"post","link":"https:\/\/flags-world.com\/lv\/ukrainas-karogs-nozme-un-krsas\/","title":{"rendered":"Ukrainas karogs: noz\u012bme un kr\u0101sas"},"content":{"rendered":"<p style=\"text-align: justify\">Ukraina ir vald\u012bba, kas atrodas Centr\u0101leirop\u0101 un Austrumeirop\u0101, un t\u0101s iedz\u012bvot\u0101ju skaits ir aptuveni 42 miljoni. Cilv\u0113ks un teritorija 576. gad\u0101.6 t\u016bksto\u0161i. kv. km. (bez Krimas). Valsts galvaspils\u0113ta &#8211; Kijevas pils\u0113ta no 9. gadsimta k\u013cuva par sen\u0101s Krievijas valsts galvaspils\u0113tu (p\u0113c Novgorodas beig\u0101m) un \u0161aj\u0101 amat\u0101 uztur\u0113j\u0101s l\u012bdz 13. gadsimta beig\u0101m. V\u0113l\u0101k m\u016bsdienu Ukrainas teritorija tika sadal\u012bta starp blakus eso\u0161aj\u0101m valst\u012bm. Atsevi\u0161\u0137as t\u0101 da\u013cas da\u017ereiz tiek nodotas no da\u017eiem kaimi\u0146iem sekund\u0113.<\/p>\n<p style=\"text-align: justify\">T\u0101tad m\u016bsdienu Ukrainas karogs izskat\u0101s:<\/p>\n<p style=\"text-align: justify\"><span itemprop=\"image\" itemscope itemtype=\"https:\/\/schema.org\/ImageObject\"><img itemprop=\"url image\" loading=\"lazy\" decoding=\"async\" class=\"alignnone size-full wp-image-4380\" src=\"\/wp-content\/uploads\/2021\/01\/flag-of-ukraine_1.png\" width=\"500\" height=\"333\" alt=\"Ukrainas karogs-1\" \/><meta itemprop=\"width\" content=\"500\"><meta itemprop=\"height\" content=\"333\"><\/span><\/p>\n<h2 style=\"text-align: justify\">Ukrainas v\u0113stures karogs<\/h2>\n<p style=\"text-align: justify\">M\u016bsdienu Ukrainas karogs tika izmantots 1848.\u00a0gada j\u016bnij\u0101 \u013bvov\u0101, kas tolaik atrad\u0101s Gal\u012bcijas un Lomomerijas karalistes sast\u0101v\u0101. Revolucion\u0101ro notikumu beig\u0101s Austrij\u0101 un Ung\u0101rij\u0101 Ukrainas da\u013c\u0101, neskaitot to, \u0161\u0137ita, ka tas izrais\u012bja pretest\u012bbu. \u013bvovas pils\u0113tu izveidoja Krievijas priec\u012bgo pa\u0161p\u0101rvaldes autorit\u0101te. Pie\u0146emot l\u0113mumu par karoga izsnieg\u0161anu, kas v\u0113l nebija, tika nolemts &#8211; uz\u0146emt kr\u0101su b\u0101zi no \u013bvovas zemes embl\u0113mas (viens no min\u0113jumiem).<\/p>\n<p style=\"text-align: justify\">Dzelten\u0101s un debeszil\u0101s kr\u0101sas ievie\u0161ana korel\u0113 ar \u013bvovas (Leopolskas) zemes iero\u010du kr\u0101s\u0101m. 1. dokument\u0101lais apstiprin\u0101jums \u0161im faktam attiecas uz &quot;Liel\u0101 kara&quot; laiku 1409.-1411., taj\u0101 laik\u0101, taj\u0101 laik\u0101, taj\u0101 laik\u0101, laik\u0101, kad \u013bvovas zemes div\u012bzijas, kas izmantoja karogu, piedal\u012bj\u0101s c\u012b\u0146\u0101s ar krustne\u0161iem Azureva fons, kur\u0101 bija att\u0113lota zelta lauva, kas k\u0101pj kaln\u0101. V\u0113l\u0101k \u0161is rekl\u0101mkarogs tika p\u0101r\u0146emts par pamatu Krievijas vojevodistes \u0123erbonim, kas past\u0101v\u0113ja 15.-18. gadsimt\u0101 Polijas kara\u013cvalst\u012b.<\/p>\n<p><span itemprop=\"image\" itemscope itemtype=\"https:\/\/schema.org\/ImageObject\"><img itemprop=\"url image\" loading=\"lazy\" decoding=\"async\" class=\"alignnone size-full wp-image-4381\" src=\"\/wp-content\/uploads\/2021\/01\/flag-of-ukraine_2.png\" width=\"408\" height=\"500\" alt=\"Ukrainas karogs-2\" \/><meta itemprop=\"width\" content=\"408\"><meta itemprop=\"height\" content=\"500\"><\/span><\/p>\n<ul style=\"text-align: justify\">\n<li>\u013bvovas zemes \u0123erbonis<\/li>\n<\/ul>\n<p><span itemprop=\"image\" itemscope itemtype=\"https:\/\/schema.org\/ImageObject\"><img itemprop=\"url image\" loading=\"lazy\" decoding=\"async\" class=\"alignnone size-full wp-image-4382\" src=\"\/wp-content\/uploads\/2021\/01\/flag-of-ukraine_3.png\" width=\"435\" height=\"500\" alt=\"Ukrainas karogs-3\" \/><meta itemprop=\"width\" content=\"435\"><meta itemprop=\"height\" content=\"500\"><\/span><\/p>\n<ul>\n<li>Krievijas vojevodistes \u0123erbonis<\/li>\n<\/ul>\n<p style=\"text-align: justify\">V\u0113l\u0101k dzelten\u0101 un zil\u0101 kr\u0101sa valsts z\u012bm\u0113 par\u0101d\u012bj\u0101s 1917.-1918. Tad tika apstiprin\u0101ti divi varianti. At\u0161\u0137ir\u012bba starp \u0161\u012bm iesp\u0113j\u0101m nebija kr\u0101su politiskaj\u0101 sist\u0113m\u0101, bet gan to ievie\u0161anas sec\u012bb\u0101:<\/p>\n<ul style=\"text-align: justify\">\n<li>Zili-dzeltens skats\u00a0\u2014 Rietumukrainas Tautas Republikas z\u012bme (Zune). \u0160\u012b suga bija paz\u012bstama no 1917. gada j\u016bnija l\u012bdz 1920. gadam. \u0160im mazajam l\u016bmenim bija t\u0101di teritoriju subjekti k\u0101 Ukrainas autonomija Krievijas Feder\u0101cijas sast\u0101v\u0101, UNR, ZUNR. Tas pats karogs tika pie\u0146emts divdesmit\u0101 gadsimta 40. gadu pirmaj\u0101 pus\u0113 k\u0101 Ukrainas pa\u0161vald\u012bbas karogs. \u0160ai izgl\u012bt\u012bbai bija pagaidu statuss, un t\u0101s likvid\u0113\u0161anas beig\u0101s to izveidoja 2. p\u0101rvaldes instit\u016bcija &#8211; ReichskySariat.<\/li>\n<\/ul>\n<p style=\"text-align: justify\"><span itemprop=\"image\" itemscope itemtype=\"https:\/\/schema.org\/ImageObject\"><img itemprop=\"url image\" loading=\"lazy\" decoding=\"async\" class=\"alignnone size-full wp-image-4383\" src=\"\/wp-content\/uploads\/2021\/01\/flag-of-ukraine_4.png\" width=\"500\" height=\"333\" alt=\"Ukrainas karogs-4\" \/><meta itemprop=\"width\" content=\"500\"><meta itemprop=\"height\" content=\"333\"><\/span><\/p>\n<ul style=\"text-align: justify\">\n<li>Dzelteni zils skats\u00a0\u2014 UNR z\u012bme (valsts austrumu da\u013ca).<\/li>\n<\/ul>\n<p style=\"text-align: justify\"><span itemprop=\"image\" itemscope itemtype=\"https:\/\/schema.org\/ImageObject\"><img itemprop=\"url image\" loading=\"lazy\" decoding=\"async\" class=\"alignnone size-full wp-image-4384\" src=\"\/wp-content\/uploads\/2021\/01\/flag-of-ukraine_5.png\" width=\"500\" height=\"333\" alt=\"Ukrainas karogs-5\" \/><meta itemprop=\"width\" content=\"500\"><meta itemprop=\"height\" content=\"333\"><\/span><\/p>\n<blockquote>\n<p style=\"text-align: justify\">Rietumukrainas Tautas Republikas karogs v\u0113l\u0101k (1991.) tika apstiprin\u0101ta k\u0101 ofici\u0101la m\u016bsdienu Ukrainas z\u012bme.<\/p>\n<\/blockquote>\n<p style=\"text-align: justify\">No valsts v\u0113stures, k\u0101 zin\u0101ms, pa\u0161vald\u012bbas z\u012bm\u0113 ne vienm\u0113r bija \u0161odienas zili-dzelten\u0101 kr\u0101sa. Atkar\u012bb\u0101 no valstiskuma laika perioda vai formas tas main\u012bja atsevi\u0161\u0137as kr\u0101sas vai nespecializ\u0113tu sugu.<\/p>\n<p style=\"text-align: justify\">Paral\u0113li zil\u0101s un dzelten\u0101s kr\u0101sas baneri un baneris, kas apz\u012bm\u0113 pieder\u012bbu padomju valstij. T\u0101tad Krievijas varas iest\u0101\u017eu dibin\u0101\u0161anas beig\u0101s 1917. gada decembr\u012b tika pasludin\u0101ts padomju UNR un pie\u0146emta personisk\u0101 simbolika.<\/p>\n<p style=\"text-align: justify\"><span itemprop=\"image\" itemscope itemtype=\"https:\/\/schema.org\/ImageObject\"><img itemprop=\"url image\" loading=\"lazy\" decoding=\"async\" class=\"alignnone size-full wp-image-4386\" src=\"\/wp-content\/uploads\/2021\/01\/flag-of-ukraine_6.png\" width=\"500\" height=\"300\" alt=\"Ukrainas karogs-6\" \/><meta itemprop=\"width\" content=\"500\"><meta itemprop=\"height\" content=\"300\"><\/span><\/p>\n<p style=\"text-align: justify\">Divi ar nelielu m\u0113nesi 1918. gada mart\u0101, p\u0113c Brestas pasaules rezult\u0101tiem, ONSR beidza past\u0101v\u0113t.<\/p>\n<p style=\"text-align: justify\">Pilso\u0146u kara laik\u0101 Ukrain\u0101, neskaitot \u0161o da\u017e\u0101du saj\u016btu nemiernieku armiju. Slaven\u0101k\u0101 no vi\u0146u armijas Makhno, kas m\u0113\u0123in\u0101ja organiz\u0113t &quot;br\u012bvu teritoriju&quot; &#8211; anarhisku saj\u016btu sabiedr\u012bbu. Noz\u012bm\u0113t\u0101 armija tiek attiecin\u0101ta uz melno karogu variantiem ar galvaskausu vai saukli par anarhiju.<\/p>\n<p><span itemprop=\"image\" itemscope itemtype=\"https:\/\/schema.org\/ImageObject\"><img itemprop=\"url image\" loading=\"lazy\" decoding=\"async\" class=\"alignnone size-full wp-image-4387\" src=\"\/wp-content\/uploads\/2021\/01\/flag-of-ukraine_7.png\" width=\"375\" height=\"500\" alt=\"Ukrainas karogs-7\" \/><meta itemprop=\"width\" content=\"375\"><meta itemprop=\"height\" content=\"500\"><\/span><\/p>\n<p><span itemprop=\"image\" itemscope itemtype=\"https:\/\/schema.org\/ImageObject\"><img itemprop=\"url image\" loading=\"lazy\" decoding=\"async\" class=\"alignnone size-full wp-image-4388\" src=\"\/wp-content\/uploads\/2021\/01\/flag-of-ukraine_8.png\" width=\"500\" height=\"300\" alt=\"Ukrainas karogs-8\" \/><meta itemprop=\"width\" content=\"500\"><meta itemprop=\"height\" content=\"300\"><\/span><\/p>\n<p style=\"text-align: justify\">Laika posm\u0101 no 1919. l\u012bdz 1929. gadam un no 1929. l\u012bdz 1937. gadam apgabala Ukrainas da\u013c\u0101 PSRS atliku\u0161aj\u0101 teritorij\u0101 tika izveidota Krievijas Soci\u0101listisk\u0101 Republika ar t\u0101s atrib\u016btiem. Pirmaj\u0101 gad\u012bjum\u0101 tas bija sarkans audums ar samazin\u0101jumu PSRS.<\/p>\n<p style=\"text-align: justify\"><span itemprop=\"image\" itemscope itemtype=\"https:\/\/schema.org\/ImageObject\"><img itemprop=\"url image\" loading=\"lazy\" decoding=\"async\" class=\"alignnone size-full wp-image-4389\" src=\"\/wp-content\/uploads\/2021\/01\/flag-of-ukraine_9.png\" width=\"500\" height=\"300\" alt=\"Ukrainas karogs-9\" \/><meta itemprop=\"width\" content=\"500\"><meta itemprop=\"height\" content=\"300\"><\/span><\/p>\n<p style=\"text-align: justify\">2. gad\u012bjum\u0101 -AR.R.R. (reduc\u0113jums sast\u0101v no tiem pa\u0161iem v\u0101rdiem, bet ukrai\u0146u valod\u0101 &quot;Ukrainas Soci\u0101listisk\u0101 Padomju Republika&quot;).<\/p>\n<p style=\"text-align: justify\">No 1937. l\u012bdz 1949. gadam uzraksts uz republikas karoga nebija \u012bpa\u0161i p\u0101rtais\u012bts un karogs izskat\u012bj\u0101s otrais. \u0160aj\u0101 iemiesojum\u0101 ukrai\u0146u v\u0101rda tre\u0161ais un otrais v\u0101rds viet\u0101m main\u012bj\u0101s.<\/p>\n<p style=\"text-align: justify\"><span itemprop=\"image\" itemscope itemtype=\"https:\/\/schema.org\/ImageObject\"><img itemprop=\"url image\" loading=\"lazy\" decoding=\"async\" class=\"alignnone size-full wp-image-4390\" src=\"\/wp-content\/uploads\/2021\/01\/flag-of-ukraine_10.png\" width=\"500\" height=\"250\" alt=\"Ukrainas karogs-10\" \/><meta itemprop=\"width\" content=\"500\"><meta itemprop=\"height\" content=\"250\"><\/span><\/p>\n<p style=\"text-align: justify\">Kop\u0161 1949. gada Ukrainas karogs atkal tika p\u0101rveidots par vienotu PSRS Republikas otr\u0101 karoga paraugu. Divas tre\u0161da\u013cas pane\u013cu platuma bija sarkani, bet 1\/3 karoga (apak\u0161\u0101) &#8211; zil\u0101 kr\u0101s\u0101. \u0160\u0101da iesp\u0113ja past\u0101v\u0113jusi pirms PSRS sabrukuma 1991. gad\u0101.<\/p>\n<h2 style=\"text-align: justify\">Apraksti<\/h2>\n<h2 style=\"text-align: justify\"><span itemprop=\"image\" itemscope itemtype=\"https:\/\/schema.org\/ImageObject\"><img itemprop=\"url image\" loading=\"lazy\" decoding=\"async\" class=\"alignnone size-full wp-image-4391\" src=\"\/wp-content\/uploads\/2021\/01\/flag-of-ukraine_11.png\" width=\"500\" height=\"250\" alt=\"Ukrainas karogs-11\" \/><meta itemprop=\"width\" content=\"500\"><meta itemprop=\"height\" content=\"250\"><\/span><\/h2>\n<p style=\"text-align: justify\">Ofici\u0101lais valsts simbols ir audums ar 2 vien\u0101d\u0101m horizont\u0101l\u0101m sv\u012btr\u0101m: zila aug\u0161pus\u0113 un dzeltena apak\u0161\u0101. Karoga partijas attiecas uz proporcij\u0101m 2 pret 3.<\/p>\n<p style=\"text-align: justify\">No 1991. gada septembra l\u012bdz 1992. gada janv\u0101rim Ukrainas ofici\u0101l\u0101s z\u012bmes perspekt\u012bva bija vien\u0101da ar 1 pret 2.<\/p>\n<h2 style=\"text-align: justify\">Ukrainas kr\u0101su karogs<\/h2>\n<p style=\"text-align: justify\">Uz Ukrainas karoga ir izmantotas tikai divas kr\u0101sas:<\/p>\n<ol>\n<li style=\"text-align: justify\">Gai\u0161i zils &#8211; (zils);<\/li>\n<li style=\"text-align: justify\">Dzeltens (zelts).<\/li>\n<\/ol>\n<h2 style=\"text-align: justify\">Noz\u012bme kr\u0101su karogs Ukraina<\/h2>\n<p style=\"text-align: justify\">Ukrainas valsts simbolam nav ofici\u0101las interpret\u0101cijas. Laika gait\u0101 kr\u0101su apz\u012bm\u0113jumi main\u012bju\u0161ies atkar\u012bb\u0101 no politisk\u0101s modes vai laikabiedru gaumes. Starp interpret\u0101cij\u0101m ir gan sv\u0113ts raksturs, gan sv\u0113ts, gan simbolisks, gan plau\u0161as. Kr\u0101su v\u0113rt\u012bbu variantu vid\u016b ir \u0161\u0101das:<\/p>\n<ul style=\"text-align: justify\">\n<li>Zilas &#8211; skaidras, kr\u0101sainas debesis, dzeltenas &#8211; nogatavoju\u0161ies kvie\u0161u lauki. \u0160\u012b ir vispopul\u0101r\u0101k\u0101 interpret\u0101cija.<\/li>\n<\/ul>\n<p style=\"text-align: justify\"><span itemprop=\"image\" itemscope itemtype=\"https:\/\/schema.org\/ImageObject\"><img itemprop=\"url image\" loading=\"lazy\" decoding=\"async\" class=\"alignnone size-full wp-image-4392\" src=\"\/wp-content\/uploads\/2021\/01\/flag-of-ukraine_1.jpg\" width=\"500\" height=\"332\" alt=\"Ukrainas karogs-12\" \/><meta itemprop=\"width\" content=\"500\"><meta itemprop=\"height\" content=\"332\"><\/span><\/p>\n<ol style=\"text-align: justify\">\n<li>Divi elementi: zils &#8211; \u016bdens elementi, dzeltens &#8211; uguns elements.<\/li>\n<li>Zils &#8211; Visaugst\u0101k\u0101 sp\u0113ks, Dzeltens &#8211; tic\u012bbas sp\u0113ks.<\/li>\n<li>Zils &#8211; viss zemisks, dzeltens &#8211; pamata gar\u012bgums.<\/li>\n<li>Zils &#8211; upes un kalni, dzeltens &#8211; Kijevas Krievijas v\u0113sturisk\u0101 atmi\u0146a.<\/li>\n<li>Zils &#8211; pasivit\u0101te un konservat\u012bvisms, gar\u012bguma nepiecie\u0161am\u012bba, dzeltens &#8211; akt\u012bvs, rado\u0161s s\u0101kums.<\/li>\n<\/ol>\n<ul>\n<li style=\"text-align: justify\">Apgriezt\u0101 dzeltenzil\u0101 karoga piekrit\u0113jiem, to ne\u0146emot v\u0113r\u0101, ir sava interpret\u0101cija. Dzeltens ir pareiztic\u012bgo bazn\u012bcu zelta kupols, zils &#8211; \u016bdens D\u0146epra.<\/li>\n<\/ul>\n<h2 style=\"text-align: justify\">Ukrainas karogs ar svastiku<\/h2>\n<p style=\"text-align: justify\">Ofici\u0101laj\u0101 Ukrainas v\u0113stur\u0113 nav datu, kas apstiprin\u0101tu zili-dzeltenas valsts z\u012bmes ievie\u0161anu kupej\u0101 ar nacistu svastiku.<\/p>\n<p style=\"text-align: justify\">V\u0113l viena lieta ir dzeltenzilais audums. Tas tika pat\u0113r\u0113ts ieskauj (rajons) Galisija &#8211; Administrat\u012bv\u0101 un teritori\u0101l\u0101 izgl\u012bt\u012bba 1941.-1944. Apgabal\u0101 okup\u0113ja Poliju.<\/p>\n<p style=\"text-align: justify\"><span itemprop=\"image\" itemscope itemtype=\"https:\/\/schema.org\/ImageObject\"><img itemprop=\"url image\" loading=\"lazy\" decoding=\"async\" class=\"alignnone size-full wp-image-4393\" src=\"\/wp-content\/uploads\/2021\/01\/flag-of-ukraine_2.jpg\" width=\"500\" height=\"281\" alt=\"Ukrainas karogs-13\" \/><meta itemprop=\"width\" content=\"500\"><meta itemprop=\"height\" content=\"281\"><\/span><\/p>\n<p style=\"text-align: justify\">Arh\u012bvu v\u0113stures \u0161\u012bs nelaimes, ka \u0161\u0101du rekl\u0101mkaroga versiju izmantoja Galisijas br\u012bvpr\u0101t\u012bgie un policija. Austrietis Hitlers neaizliedza tie\u0161i ieviest Ukrainas karoga versiju, tad, no vienas puses, simboliz\u0113ja Gal\u012bcijas atgrie\u0161anos Austrij\u0101, T.E. V\u0101cija, Cit\u0101 gad\u012bjum\u0101 k\u0101 balva ukrai\u0146u nacion\u0101listiem par Rehi gar\u012bgo darbu. 20. gadsimta 40. gadu pirmaj\u0101 pus\u0113 tika organiz\u0113ta SS str\u0113lnieku div\u012bzija, kuras kaujinieki izmantoja \u0161o karogu.<\/p>\n<p style=\"text-align: justify\">Otraj\u0101 pasaul\u0113 Ukrain\u0101 citi nacion\u0101lie simboli bija aizliegti un tika izmantoti tikai Herma\u0146a simbols P\u0101vils\u00a0\u2014 sarkans plun\u010deris ar melnu svastiku uz balta fona centr\u0101.<\/p>\n<p style=\"text-align: justify\"><span itemprop=\"image\" itemscope itemtype=\"https:\/\/schema.org\/ImageObject\"><img itemprop=\"url image\" loading=\"lazy\" decoding=\"async\" class=\"alignnone size-full wp-image-4394\" src=\"\/wp-content\/uploads\/2021\/01\/flag-of-ukraine_12.png\" width=\"500\" height=\"300\" alt=\"Ukrainas karogs-14\" \/><meta itemprop=\"width\" content=\"500\"><meta itemprop=\"height\" content=\"300\"><\/span><\/p>\n<p style=\"text-align: justify\">Tad reljef\u0101, ko okup\u0113ja da\u013ca Polijas un Ukrainas un Baltkrievijas apgabali, tika izveidots Ukrainas Reihskisari\u0101ts (1941-1945.). Ukrainas nacion\u0101listu organiz\u0101cijas (OUN), piem\u0113ram, nolieco\u0161ais sp\u0101rns un Me\u013c\u0146ikovskis, neuzkl\u0101ja svastikas uz sav\u0101m z\u012bm\u0113m.<\/p>\n<p style=\"text-align: justify\">Par notikumiem, kas aizs\u0101kti Ukrain\u0101 2013.-2014. un turpm\u0101kaj\u0101s karadarb\u012bb\u0101s, ko veica atsevi\u0161\u0137i fa\u0161istisk\u0101s ideolo\u0123ijas piekrit\u0113ji, tika izmantota rekl\u0101mkaroga versija ar svastiku. Da\u017ei no vi\u0146iem v\u0113l\u0113j\u0101s sap\u0146ot par 4. Reiha att\u012bst\u012bbu Ukrain\u0101. Bet \u0161iem faktiem nav nek\u0101da sakara ar valsts simboliem. Visas p\u0101r\u0113j\u0101s iesp\u0113jas, k\u0101 apvienot pa\u0161reiz\u0113jo Ukrainas valsts z\u012bmi ar svastiku, kas ir pieejama t\u012bkl\u0101, iesp\u0113jams, pieder interneta m\u0113mu kategorijai.<\/p>\n<p style=\"text-align: justify\"><span itemprop=\"image\" itemscope itemtype=\"https:\/\/schema.org\/ImageObject\"><img itemprop=\"url image\" loading=\"lazy\" decoding=\"async\" class=\"alignnone size-full wp-image-4395\" src=\"\/wp-content\/uploads\/2021\/01\/flag-of-ukraine_3.jpg\" width=\"500\" height=\"287\" alt=\"Ukrainas karogs-15\" \/><meta itemprop=\"width\" content=\"500\"><meta itemprop=\"height\" content=\"287\"><\/span><\/p>\n<h2 style=\"text-align: justify\">Citi karogi<\/h2>\n<p style=\"text-align: justify\">Visas valsts v\u0113stures laik\u0101 Ukrain\u0101 ir izmantotas da\u017e\u0101das z\u012bmes atkar\u012bb\u0101 no v\u0113sturisk\u0101 laikmeta Ukrain\u0101, kas atbilda noteikta laika politiskajai situ\u0101cijai. Piem\u0113ram, 20.\u00a0gadsimta 20.\u00a0gadu pirmaj\u0101 pus\u0113 Krievijas Feder\u0101cijas T\u0101lo Austrumu re\u0123ion\u0101 pie robe\u017eas ar \u0136\u012bnu tika m\u0113\u0123in\u0101ts izveidot suver\u0113nu teritori\u0101lo izgl\u012bt\u012bbu. Vi\u0146as tituls bija za\u013c\u0101 Ukraina. V\u0101rds tika lietots taut\u0101. \u0160im priek\u0161metam tika izveidots it k\u0101 karoga variants, ta\u010du, ukrai\u0146u pl\u0101ni nerealiz\u0113j\u0101s divdesmit\u0101 gadsimta 20. gadu pirmaj\u0101 pus\u0113, izgl\u012bt\u012bba neizdev\u0101s.<\/p>\n<p style=\"text-align: justify\"><span itemprop=\"image\" itemscope itemtype=\"https:\/\/schema.org\/ImageObject\"><img itemprop=\"url image\" loading=\"lazy\" decoding=\"async\" class=\"alignnone size-full wp-image-4396\" src=\"\/wp-content\/uploads\/2021\/01\/flag-of-ukraine_13.png\" width=\"500\" height=\"333\" alt=\"Ukrainas karogs-16\" \/><meta itemprop=\"width\" content=\"500\"><meta itemprop=\"height\" content=\"333\"><\/span><\/p>\n<p style=\"text-align: justify\">L\u012bdz ar neatkar\u012bbas atg\u016b\u0161anu 1991. gada beig\u0101s stingri tuvoj\u0101s &quot;Flex&quot; Check un m\u016bsdienu Ukrain\u0101 katrai tautas izgl\u012bt\u012bbai ir sava simbolika. Piem\u0113ram,<\/p>\n<ul style=\"text-align: justify\">\n<li>Valsts prezidenta prezidents;<\/li>\n<\/ul>\n<p style=\"text-align: justify\"><span itemprop=\"image\" itemscope itemtype=\"https:\/\/schema.org\/ImageObject\"><img itemprop=\"url image\" loading=\"lazy\" decoding=\"async\" class=\"alignnone size-full wp-image-4397\" src=\"\/wp-content\/uploads\/2021\/01\/flag-of-ukraine_14.png\" width=\"500\" height=\"500\" alt=\"Ukrainas karogs-17\" \/><meta itemprop=\"width\" content=\"500\"><meta itemprop=\"height\" content=\"500\"><\/span><\/p>\n<ul style=\"text-align: justify\">\n<li>\u0123ener\u0101l\u0161t\u0101bs;<\/li>\n<\/ul>\n<p style=\"text-align: justify\"><span itemprop=\"image\" itemscope itemtype=\"https:\/\/schema.org\/ImageObject\"><img itemprop=\"url image\" loading=\"lazy\" decoding=\"async\" class=\"alignnone size-full wp-image-4398\" src=\"\/wp-content\/uploads\/2021\/01\/flag-of-ukraine_15.png\" width=\"500\" height=\"333\" alt=\"Ukrainas karogs-18\" \/><meta itemprop=\"width\" content=\"500\"><meta itemprop=\"height\" content=\"333\"><\/span><\/p>\n<ul style=\"text-align: justify\">\n<li>milit\u0101r\u0101 iest\u0101de;<\/li>\n<\/ul>\n<p style=\"text-align: justify\"><span itemprop=\"image\" itemscope itemtype=\"https:\/\/schema.org\/ImageObject\"><img itemprop=\"url image\" loading=\"lazy\" decoding=\"async\" class=\"alignnone size-full wp-image-4399\" src=\"\/wp-content\/uploads\/2021\/01\/flag-of-ukraine_16.png\" width=\"500\" height=\"333\" alt=\"Ukrainas karogs-19\" \/><meta itemprop=\"width\" content=\"500\"><meta itemprop=\"height\" content=\"333\"><\/span><\/p>\n<ul style=\"text-align: justify\">\n<li>Gaisa sp\u0113ki;<\/li>\n<\/ul>\n<p style=\"text-align: justify\"><span itemprop=\"image\" itemscope itemtype=\"https:\/\/schema.org\/ImageObject\"><img itemprop=\"url image\" loading=\"lazy\" decoding=\"async\" class=\"alignnone size-full wp-image-4400\" src=\"\/wp-content\/uploads\/2021\/01\/flag-of-ukraine_17.png\" width=\"500\" height=\"333\" alt=\"Ukrainas karogs-20\" \/><meta itemprop=\"width\" content=\"500\"><meta itemprop=\"height\" content=\"333\"><\/span><\/p>\n<ul style=\"text-align: justify\">\n<li>j\u016bras un citi.<\/li>\n<\/ul>\n<p style=\"text-align: justify\"><span itemprop=\"image\" itemscope itemtype=\"https:\/\/schema.org\/ImageObject\"><img itemprop=\"url image\" loading=\"lazy\" decoding=\"async\" class=\"alignnone size-full wp-image-4401\" src=\"\/wp-content\/uploads\/2021\/01\/flag-of-ukraine_18.png\" width=\"500\" height=\"333\" alt=\"Ukrainas karogs-21\" \/><meta itemprop=\"width\" content=\"500\"><meta itemprop=\"height\" content=\"333\"><\/span><\/p>\n<p style=\"text-align: justify\">Lai gan da\u017eiem valsts strukt\u016bru vad\u012bt\u0101jiem ir person\u012bgie karogi (paraugi). Piem\u0113ram:<\/p>\n<ul style=\"text-align: justify\">\n<li>Aizsardz\u012bbas ministrs,<\/li>\n<\/ul>\n<p style=\"text-align: justify\"><span itemprop=\"image\" itemscope itemtype=\"https:\/\/schema.org\/ImageObject\"><img itemprop=\"url image\" loading=\"lazy\" decoding=\"async\" class=\"alignnone size-full wp-image-4402\" src=\"\/wp-content\/uploads\/2021\/01\/flag-of-ukraine_19.png\" width=\"500\" height=\"500\" alt=\"Ukrainas karogs-22\" \/><meta itemprop=\"width\" content=\"500\"><meta itemprop=\"height\" content=\"500\"><\/span><\/p>\n<ul style=\"text-align: justify\">\n<li>J\u016bras sp\u0113ku komandieri,<\/li>\n<\/ul>\n<p style=\"text-align: justify\"><span itemprop=\"image\" itemscope itemtype=\"https:\/\/schema.org\/ImageObject\"><img itemprop=\"url image\" loading=\"lazy\" decoding=\"async\" class=\"alignnone size-full wp-image-4403\" src=\"\/wp-content\/uploads\/2021\/01\/flag-of-ukraine_20.png\" width=\"500\" height=\"500\" alt=\"Ukrainas karogs-23\" \/><meta itemprop=\"width\" content=\"500\"><meta itemprop=\"height\" content=\"500\"><\/span><\/p>\n<ul style=\"text-align: justify\">\n<li>Valsts aizsargs un DR.<\/li>\n<\/ul>\n<p style=\"text-align: justify\"><span itemprop=\"image\" itemscope itemtype=\"https:\/\/schema.org\/ImageObject\"><img itemprop=\"url image\" loading=\"lazy\" decoding=\"async\" class=\"alignnone size-full wp-image-4404\" src=\"\/wp-content\/uploads\/2021\/01\/flag-of-ukraine_21.png\" width=\"500\" height=\"500\" alt=\"Ukrainas karogs-24\" \/><meta itemprop=\"width\" content=\"500\"><meta itemprop=\"height\" content=\"500\"><\/span><\/p>\n<h2 style=\"text-align: justify\">Interesanti fakti par karogu<\/h2>\n<p style=\"text-align: justify\">No visiem sl\u0101vu valstu karogiem vien\u0101 vai divos veidos sarkan\u0101 (sarkan\u0101) kr\u0101sa, kas simboliz\u0113 izliet\u0101s asinis par br\u012bv\u012bbu un valsts neatkar\u012bbu. Vien\u012bg\u0101s valstis no \u0161\u012bs kategorijas ir Ukraina un Bosnija un Hercegovina, kuras karoga sarkan\u0101 kr\u0101sa nav, un kr\u0101su kr\u0101sojuma kr\u0101sas sakr\u012bt. Abos gad\u012bjumos ir gan zils, gan dzeltens.<\/p>\n<p style=\"text-align: justify\">Attiec\u012bb\u0101 uz Ukrainas modern\u0101s valsts simbolikas izcelsmi ir ar\u012b citas versijas. Piem\u0113ram,<\/p>\n<ol style=\"text-align: justify\">\n<li>Kr\u0101sojums zili-dzelten\u0101 kr\u0101s\u0101 \u2013 t\u0101 ir \u0137eizarienes Austrijas ukrai\u0146u Galisijas d\u0101vana.<\/li>\n<li>Valdnieks Aleksandrs I 1803. gad\u0101 sag\u0101d\u0101ja divus Meln\u0101s j\u016bras kazaku karogus Harugovijam (milit\u0101rajai vien\u012bbai). 1. no tiem bija zili dzeltens, bet 2. dzeltenzils.<\/li>\n<\/ol>\n<p style=\"text-align: justify\"><span itemprop=\"image\" itemscope itemtype=\"https:\/\/schema.org\/ImageObject\"><img itemprop=\"url image\" loading=\"lazy\" decoding=\"async\" class=\"alignnone size-full wp-image-4405\" src=\"\/wp-content\/uploads\/2021\/01\/flag-of-ukraine_22.png\" alt=\"Ukrainas karogs-25\" width=\"425\" height=\"165\" \/><meta itemprop=\"width\" content=\"425\"><meta itemprop=\"height\" content=\"165\"><\/span> <span itemprop=\"image\" itemscope itemtype=\"https:\/\/schema.org\/ImageObject\"><img itemprop=\"url image\" loading=\"lazy\" decoding=\"async\" class=\"alignnone size-full wp-image-4406\" src=\"\/wp-content\/uploads\/2021\/01\/flag-of-ukraine_23.png\" alt=\"Ukrainas karogs-26\" width=\"425\" height=\"165\" \/><meta itemprop=\"width\" content=\"425\"><meta itemprop=\"height\" content=\"165\"><\/span><\/p>\n<p style=\"text-align: justify\">Kas tie\u0161i tie\u0161i nepast\u0101v\u0113ja versijas par karoga izcelsmi vai uz t\u0101 izmantotaj\u0101m kr\u0101s\u0101m, \u0161\u0137iet, ka l\u012bdz\u012bgi k\u0101 m\u016bsdienu Ukrainas simbolik\u0101 ir valstis un pils\u0113tas no Indijas l\u012bdz Amerikai.<\/p>\n<h2 style=\"text-align: justify\">Nespecializ\u0113ta inform\u0101cija par Ukrainu<\/h2>\n<table>\n<tbody>\n<tr>\n<td>Ofici\u0101l\u0101 valoda<\/td>\n<td>ukrai\u0146u<\/td>\n<\/tr>\n<tr>\n<td>Kapit\u0101ls<\/td>\n<td>Kijeva<\/td>\n<\/tr>\n<tr>\n<td>Teritorija<\/td>\n<td>603 549 km2<\/td>\n<\/tr>\n<tr>\n<td>Popul\u0101cija<\/td>\n<td>41 732 779 cilv\u0113ki<\/td>\n<\/tr>\n<tr>\n<td>Val\u016bta<\/td>\n<td>grivna, (UAH, kods 980)<\/td>\n<\/tr>\n<tr>\n<td>Telefona kods<\/td>\n<td>+380<\/td>\n<\/tr>\n<\/tbody>\n<\/table>\n","protected":false},"excerpt":{"rendered":"<p>Ukraina ir vald\u012bba, kas atrodas Centr\u0101leirop\u0101 un Austrumeirop\u0101, un t\u0101s iedz\u012bvot\u0101ju skaits ir aptuveni 42 miljoni. Cilv\u0113ks un teritorija 576. gad\u0101.6 t\u016bksto\u0161i. kv. km. (bez Krimas). Valsts galvaspils\u0113ta&#8230;<\/p>\n","protected":false},"author":1,"featured_media":5965,"comment_status":"open","ping_status":"open","sticky":false,"template":"","format":"standard","meta":{"footnotes":""},"categories":[3],"tags":[],"class_list":["post-1661","post","type-post","status-publish","format-standard","has-post-thumbnail","","category-eiropas-karogi"],"aioseo_notices":[],"_links":{"self":[{"href":"https:\/\/flags-world.com\/lv\/wp-json\/wp\/v2\/posts\/1661","targetHints":{"allow":["GET"]}}],"collection":[{"href":"https:\/\/flags-world.com\/lv\/wp-json\/wp\/v2\/posts"}],"about":[{"href":"https:\/\/flags-world.com\/lv\/wp-json\/wp\/v2\/types\/post"}],"author":[{"embeddable":true,"href":"https:\/\/flags-world.com\/lv\/wp-json\/wp\/v2\/users\/1"}],"replies":[{"embeddable":true,"href":"https:\/\/flags-world.com\/lv\/wp-json\/wp\/v2\/comments?post=1661"}],"version-history":[{"count":0,"href":"https:\/\/flags-world.com\/lv\/wp-json\/wp\/v2\/posts\/1661\/revisions"}],"wp:featuredmedia":[{"embeddable":true,"href":"https:\/\/flags-world.com\/lv\/wp-json\/wp\/v2\/media\/5965"}],"wp:attachment":[{"href":"https:\/\/flags-world.com\/lv\/wp-json\/wp\/v2\/media?parent=1661"}],"wp:term":[{"taxonomy":"category","embeddable":true,"href":"https:\/\/flags-world.com\/lv\/wp-json\/wp\/v2\/categories?post=1661"},{"taxonomy":"post_tag","embeddable":true,"href":"https:\/\/flags-world.com\/lv\/wp-json\/wp\/v2\/tags?post=1661"}],"curies":[{"name":"wp","href":"https:\/\/api.w.org\/{rel}","templated":true}]}}