{"id":1660,"date":"2021-01-04T17:18:20","date_gmt":"2021-01-04T14:18:20","guid":{"rendered":"https:\/\/flags-world.com\/lv\/2021\/01\/04\/ugandas-karogs-nozme-un-krsas\/"},"modified":"2021-01-04T17:18:20","modified_gmt":"2021-01-04T14:18:20","slug":"ugandas-karogs-nozme-un-krsas","status":"publish","type":"post","link":"https:\/\/flags-world.com\/lv\/ugandas-karogs-nozme-un-krsas\/","title":{"rendered":"Ugandas karogs: noz\u012bme un kr\u0101sas"},"content":{"rendered":"<p style=\"text-align: justify\">Ugandas Republika &#8211; Austrum\u0101frikas vald\u012bba, kuras plat\u012bba ir 236 t\u016bksto\u0161i. kv. km., Un iedz\u012bvot\u0101ju skaits ir 44.8 miljoni. cilv\u0113ks.<\/p>\n<p style=\"text-align: justify\">T\u0101tad m\u016bsdienu Ugandas karogs izskat\u0101s:<\/p>\n<p style=\"text-align: justify\"><span itemprop=\"image\" itemscope itemtype=\"https:\/\/schema.org\/ImageObject\"><img itemprop=\"url image\" loading=\"lazy\" decoding=\"async\" class=\"alignnone size-full wp-image-4457\" src=\"\/wp-content\/uploads\/2021\/01\/flag-of-uganda_1.png\" width=\"500\" height=\"333\" alt=\"Ugandas karogs-1\" \/><meta itemprop=\"width\" content=\"500\"><meta itemprop=\"height\" content=\"333\"><\/span><\/p>\n<h2 style=\"text-align: justify\">Ugandas v\u0113stures karogs<\/h2>\n<p style=\"text-align: justify\">Uz m\u016bsdienu Ugandas zemes atrad\u0101s Bugandas karaliste, kuras valdniekiem no 18. l\u012bdz 20. gadsimtam bija milz\u012bga loma \u0100frikas kontinent\u0101l\u0101s da\u013cas centr\u0101laj\u0101 da\u013c\u0101. Karalistes karogs bija audums ar zili balt\u0101m vertik\u0101l\u0101m sv\u012btr\u0101m ar vairoga \u0123erboni un lauvu centr\u0101.<\/p>\n<p style=\"text-align: justify\"><span itemprop=\"image\" itemscope itemtype=\"https:\/\/schema.org\/ImageObject\"><img itemprop=\"url image\" loading=\"lazy\" decoding=\"async\" class=\"alignnone size-full wp-image-4458\" src=\"\/wp-content\/uploads\/2021\/01\/flag-of-uganda_2.png\" width=\"500\" height=\"333\" alt=\"Uganda-2 karogs\" \/><meta itemprop=\"width\" content=\"500\"><meta itemprop=\"height\" content=\"333\"><\/span><\/p>\n<p style=\"text-align: justify\">Neskaitot Bugandas karalisti \u0161obr\u012bd Ugandas teritorij\u0101 ir v\u0113l \u010detras kara\u013cvalstis. Vi\u0146iem visiem ir ties\u012bbas uz kult\u016bras autonomiju. Katrs no vi\u0146iem neskaitot to k\u0101 person\u012bgo karogu.<\/p>\n<p style=\"text-align: justify\">L\u012bdz 19. gadsimta beig\u0101m teritorija ir non\u0101kusi Apvienot\u0101s Karalistes aizsarga pak\u013caut\u012bb\u0101. \u0160obr\u012bd nosaukums krita p\u0101ri Aijas augsnei, un biju\u0161ais viena v\u0101rda burts p\u0101rv\u0113rt\u0101s par Ugandu. Apvidus simbolika Lielbrit\u0101nijas vald\u012bbas laik\u0101 bija audums ar ofici\u0101lu imp\u0113rijas z\u012bmi.<\/p>\n<p style=\"text-align: justify\"><span itemprop=\"image\" itemscope itemtype=\"https:\/\/schema.org\/ImageObject\"><img itemprop=\"url image\" loading=\"lazy\" decoding=\"async\" class=\"alignnone size-full wp-image-4459\" src=\"\/wp-content\/uploads\/2021\/01\/flag-of-uganda_3.png\" width=\"500\" height=\"250\" alt=\"Ugandas karogs-3\" \/><meta itemprop=\"width\" content=\"500\"><meta itemprop=\"height\" content=\"250\"><\/span><\/p>\n<ul>\n<li style=\"text-align: justify\">Ugandas karogs 1894-1914:<\/li>\n<\/ul>\n<p style=\"text-align: justify\"><span itemprop=\"image\" itemscope itemtype=\"https:\/\/schema.org\/ImageObject\"><img itemprop=\"url image\" loading=\"lazy\" decoding=\"async\" class=\"alignnone size-full wp-image-4460\" src=\"\/wp-content\/uploads\/2021\/01\/flag-of-uganda_4.png\" width=\"500\" height=\"250\" alt=\"Ugandas karogs-4\" \/><meta itemprop=\"width\" content=\"500\"><meta itemprop=\"height\" content=\"250\"><\/span><\/p>\n<ul>\n<li style=\"text-align: justify\">Kas attiecas uz citiem koloni\u0101lajiem britu \u012bpa\u0161umiem 1914. gad\u0101, Ugandas protektor\u0101tam tika rad\u012bta jauna simbolika.<\/li>\n<\/ul>\n<p style=\"text-align: justify\"><span itemprop=\"image\" itemscope itemtype=\"https:\/\/schema.org\/ImageObject\"><img itemprop=\"url image\" loading=\"lazy\" decoding=\"async\" class=\"alignnone size-full wp-image-4461\" src=\"\/wp-content\/uploads\/2021\/01\/flag-of-uganda_5.png\" width=\"500\" height=\"250\" alt=\"Uganda-5 karogs\" \/><meta itemprop=\"width\" content=\"500\"><meta itemprop=\"height\" content=\"250\"><\/span><\/p>\n<ul>\n<li style=\"text-align: justify\">Lielbrit\u0101nijas gubernatora ide\u0101ls.<\/li>\n<\/ul>\n<p style=\"text-align: justify\"><span itemprop=\"image\" itemscope itemtype=\"https:\/\/schema.org\/ImageObject\"><img itemprop=\"url image\" loading=\"lazy\" decoding=\"async\" class=\"alignnone size-full wp-image-4462\" src=\"\/wp-content\/uploads\/2021\/01\/flag-of-uganda_6.png\" width=\"500\" height=\"250\" alt=\"Ugandas karogs-6\" \/><meta itemprop=\"width\" content=\"500\"><meta itemprop=\"height\" content=\"250\"><\/span><\/p>\n<p style=\"text-align: justify\">\u0160ie simboli run\u0101 par Ugandas pieder\u012bbu 1962.\u00a0gadam, taj\u0101 laik\u0101, taj\u0101 laik\u0101, taj\u0101 laik\u0101, kad valstij tika pie\u0161\u0137irta neatkar\u012bba.<\/p>\n<p style=\"text-align: justify\">1962. gada mart\u0101 Ugandai tika pie\u0161\u0137irta pa\u0161p\u0101rvalde. no marta l\u012bdz oktobrim, neatkar\u012bbas ieg\u016b\u0161anas laik\u0101, valsts simbols bija cita suga.<\/p>\n<p style=\"text-align: justify\"><span itemprop=\"image\" itemscope itemtype=\"https:\/\/schema.org\/ImageObject\"><img itemprop=\"url image\" loading=\"lazy\" decoding=\"async\" class=\"alignnone size-full wp-image-4463\" src=\"\/wp-content\/uploads\/2021\/01\/flag-of-uganda_7.png\" width=\"500\" height=\"250\" alt=\"Uganda-7 karogs\" \/><meta itemprop=\"width\" content=\"500\"><meta itemprop=\"height\" content=\"250\"><\/span><\/p>\n<blockquote>\n<p style=\"text-align: justify\">1962. gada oktobr\u012b tika pie\u0146emts Ugandas valsts karogs.<\/p>\n<\/blockquote>\n<h2 style=\"text-align: justify\">Apraksts<\/h2>\n<p style=\"text-align: justify\">Valsts nacion\u0101lajam simbolam ir 6 vien\u0101das horizont\u0101las sv\u012btras, kas divas reizes att\u0113lotas \u0161\u0101d\u0101 sec\u012bb\u0101: melna, dzeltena, sarkana. Karoga centr\u0101 uz balta diska ir valsts simbols &#8211; kron\u0113ta dz\u0113rve, kas nes\u0101s uz karoga k\u0101ta pusi. Papildus iepriek\u0161 min\u0113tajai kr\u0101su paletei t\u0101s att\u0113lam tiek izmantota pel\u0113ka kr\u0101sa.<\/p>\n<blockquote>\n<p style=\"text-align: justify\">Audumam ir taisnst\u016bra forma ar malu attiec\u012bbu no 2 l\u012bdz 3.<\/p>\n<\/blockquote>\n<h2 style=\"text-align: justify\">Ugandas kr\u0101su karogs<\/h2>\n<p style=\"text-align: justify\">Republikas karogam ir 5 kr\u0101sas:<\/p>\n<ol>\n<li style=\"text-align: justify\">Melns<\/li>\n<li style=\"text-align: justify\">Dzeltens;<\/li>\n<li style=\"text-align: justify\">Sarkans;<\/li>\n<li style=\"text-align: justify\">Balts;<\/li>\n<li style=\"text-align: justify\">Pel\u0113ks.<\/li>\n<\/ol>\n<h2 style=\"text-align: justify\">Noz\u012bm\u0113 Ugandas kr\u0101sas karogu<\/h2>\n<p style=\"text-align: justify\">Tr\u012bs simbolos izmantot\u0101s valsts kr\u0101sas ir piem\u0113rotas \u0100frikai un simboliz\u0113:<\/p>\n<ol style=\"text-align: justify\">\n<li>Melnie iedz\u012bvot\u0101ji;<\/li>\n<li>Dzeltens &#8211; Saules \u0100frika;<\/li>\n<li>Sarkans &#8211; asinis apvieno cilv\u0113kus un \u0100frikas br\u0101l\u012bbu.<\/li>\n<\/ol>\n<p style=\"text-align: justify\">Balearica regulorum (Austrumu venedoz\u0101 dz\u0113rve), kas att\u0113lota balt\u0101 apl\u012b, ir valsts z\u012bme Uganda. Par paceltu putna k\u0101ju liecina valsts nodo\u0161ana uz priek\u0161u.<\/p>\n<h2 style=\"text-align: justify\">Citi karogi<\/h2>\n<p style=\"text-align: justify\">Diezgan jauna, p\u0113c v\u0113sturiskajiem standartiem republikai, neskaitot valsts z\u012bmi, ir citi simboli. To at\u0161\u0137ir\u012bg\u0101s iez\u012bmes ir t\u0101das, ka tiek att\u0113lota galvas apak\u0161\u0113j\u0101 z\u012bme &#8211; melnas un dzeltensarkanas sv\u012btras, un jau t\u0101s aug\u0161\u0113j\u0101 da\u013c\u0101 noteiktas valsts strukt\u016bras attieksmes. Skaidr\u012bbas labad ir par\u0101d\u012bti karogu piem\u0113ri:<\/p>\n<ul style=\"text-align: justify\">\n<li>Prezidenta;<\/li>\n<\/ul>\n<p style=\"text-align: justify\"><span itemprop=\"image\" itemscope itemtype=\"https:\/\/schema.org\/ImageObject\"><img itemprop=\"url image\" loading=\"lazy\" decoding=\"async\" class=\"alignnone size-full wp-image-4464\" src=\"\/wp-content\/uploads\/2021\/01\/flag-of-uganda_8.png\" width=\"500\" height=\"250\" alt=\"Ugandas karogs-8\" \/><meta itemprop=\"width\" content=\"500\"><meta itemprop=\"height\" content=\"250\"><\/span><\/p>\n<ul style=\"text-align: justify\">\n<li>Tautas Republikas pa\u0161aizsardz\u012bbas sp\u0113ki;<\/li>\n<\/ul>\n<p style=\"text-align: justify\"><span itemprop=\"image\" itemscope itemtype=\"https:\/\/schema.org\/ImageObject\"><img itemprop=\"url image\" loading=\"lazy\" decoding=\"async\" class=\"alignnone size-full wp-image-4465\" src=\"\/wp-content\/uploads\/2021\/01\/flag-of-uganda_9.png\" width=\"500\" height=\"250\" alt=\"Ugandas karogs-9\" \/><meta itemprop=\"width\" content=\"500\"><meta itemprop=\"height\" content=\"250\"><\/span><\/p>\n<ul style=\"text-align: justify\">\n<li>Ugandas Republikas gaisa sp\u0113ki<\/li>\n<\/ul>\n<p style=\"text-align: justify\"><span itemprop=\"image\" itemscope itemtype=\"https:\/\/schema.org\/ImageObject\"><img itemprop=\"url image\" loading=\"lazy\" decoding=\"async\" class=\"alignnone size-full wp-image-4466\" src=\"\/wp-content\/uploads\/2021\/01\/flag-of-uganda_10.png\" width=\"500\" height=\"250\" alt=\"Ugandas karogs-10\" \/><meta itemprop=\"width\" content=\"500\"><meta itemprop=\"height\" content=\"250\"><\/span><\/p>\n<h2 style=\"text-align: justify\">Nespecializ\u0113ta inform\u0101cija par Ugandu<\/h2>\n<table>\n<tbody>\n<tr style=\"text-align: justify\">\n<td>Ofici\u0101l\u0101 valoda<\/td>\n<td>ang\u013cu un svahili<\/td>\n<\/tr>\n<tr style=\"text-align: justify\">\n<td>Kapit\u0101ls<\/td>\n<td>Kampala<\/td>\n<\/tr>\n<tr style=\"text-align: justify\">\n<td>Teritorija<\/td>\n<td>236 040 km2<\/td>\n<\/tr>\n<tr style=\"text-align: justify\">\n<td>Popul\u0101cija<\/td>\n<td>44 758 809 cilv\u0113ki<\/td>\n<\/tr>\n<tr style=\"text-align: justify\">\n<td>Val\u016bta<\/td>\n<td>Ugandas \u0161ili\u0146\u0161<\/td>\n<\/tr>\n<tr>\n<td style=\"text-align: justify\">Telefona kods<\/td>\n<td style=\"text-align: justify\">+256<\/td>\n<\/tr>\n<\/tbody>\n<\/table>\n","protected":false},"excerpt":{"rendered":"<p>Ugandas Republika &#8211; Austrum\u0101frikas vald\u012bba, kuras plat\u012bba ir 236 t\u016bksto\u0161i. kv. km., Un iedz\u012bvot\u0101ju skaits ir 44.8 miljoni. cilv\u0113ks. T\u0101tad m\u016bsdienu Ugandas karogs izskat\u0101s: Ugandas v\u0113stures karogs Uz&#8230;<\/p>\n","protected":false},"author":1,"featured_media":5964,"comment_status":"open","ping_status":"open","sticky":false,"template":"","format":"standard","meta":{"footnotes":""},"categories":[5],"tags":[],"class_list":["post-1660","post","type-post","status-publish","format-standard","has-post-thumbnail","","category-frikas-valstu-karogi"],"aioseo_notices":[],"_links":{"self":[{"href":"https:\/\/flags-world.com\/lv\/wp-json\/wp\/v2\/posts\/1660","targetHints":{"allow":["GET"]}}],"collection":[{"href":"https:\/\/flags-world.com\/lv\/wp-json\/wp\/v2\/posts"}],"about":[{"href":"https:\/\/flags-world.com\/lv\/wp-json\/wp\/v2\/types\/post"}],"author":[{"embeddable":true,"href":"https:\/\/flags-world.com\/lv\/wp-json\/wp\/v2\/users\/1"}],"replies":[{"embeddable":true,"href":"https:\/\/flags-world.com\/lv\/wp-json\/wp\/v2\/comments?post=1660"}],"version-history":[{"count":0,"href":"https:\/\/flags-world.com\/lv\/wp-json\/wp\/v2\/posts\/1660\/revisions"}],"wp:featuredmedia":[{"embeddable":true,"href":"https:\/\/flags-world.com\/lv\/wp-json\/wp\/v2\/media\/5964"}],"wp:attachment":[{"href":"https:\/\/flags-world.com\/lv\/wp-json\/wp\/v2\/media?parent=1660"}],"wp:term":[{"taxonomy":"category","embeddable":true,"href":"https:\/\/flags-world.com\/lv\/wp-json\/wp\/v2\/categories?post=1660"},{"taxonomy":"post_tag","embeddable":true,"href":"https:\/\/flags-world.com\/lv\/wp-json\/wp\/v2\/tags?post=1660"}],"curies":[{"name":"wp","href":"https:\/\/api.w.org\/{rel}","templated":true}]}}