{"id":1657,"date":"2021-01-04T17:18:20","date_gmt":"2021-01-04T14:18:20","guid":{"rendered":"https:\/\/flags-world.com\/lv\/2021\/01\/04\/tadikistnas-karogs-nozme-un-attli\/"},"modified":"2021-01-04T17:18:20","modified_gmt":"2021-01-04T14:18:20","slug":"tadikistnas-karogs-nozme-un-attli","status":"publish","type":"post","link":"https:\/\/flags-world.com\/lv\/tadikistnas-karogs-nozme-un-attli\/","title":{"rendered":"Tad\u017eikist\u0101nas karogs: noz\u012bme un att\u0113li"},"content":{"rendered":"<p style=\"text-align: justify\">Tad\u017eikist\u0101nas Republika &#8211; vald\u012bba atrodas Vidus\u0101zij\u0101, Pamira pak\u0101j\u0113. Republikas nosaukums radies 1924.\u00a0gad\u0101, galu gal\u0101 nacion\u0101li teritori\u0101l\u0101 Vidus\u0101zijas izkliede. V\u0113l\u0101k ien\u0101ca PSRS, ko sauca par Tad\u017eikist\u0101nas ASSR un PSR beig\u0101s.<\/p>\n<p style=\"text-align: justify\">T\u0101tad m\u016bsdienu Tad\u017eikist\u0101nas karogs izskat\u0101s:<\/p>\n<p style=\"text-align: justify\"><span itemprop=\"image\" itemscope itemtype=\"https:\/\/schema.org\/ImageObject\"><img itemprop=\"url image\" loading=\"lazy\" decoding=\"async\" class=\"alignnone size-full wp-image-2993\" src=\"\/wp-content\/uploads\/2021\/01\/flag-of-tajikistan_1.png\" width=\"500\" height=\"250\" alt=\"Tad\u017eikist\u0101nas karogs-1\" \/><meta itemprop=\"width\" content=\"500\"><meta itemprop=\"height\" content=\"250\"><\/span><\/p>\n<h2 style=\"text-align: justify\">V\u0113stures karogs Tad\u017eikist\u0101na<\/h2>\n<p style=\"text-align: justify\">Sen\u0101k\u0101s liec\u012bbas par z\u012bm\u0113m, kuras izmantoja tad\u017eiku sen\u010di, saglab\u0101ju\u0161\u0101s sen\u0101s mir\u0101nisk\u0101s literat\u016bras l\u012bkumotaj\u0101 pieminekl\u012b &quot;Avesta&quot;. \u0160o rekl\u0101mkarogu sauc Devsha Kaviani\u00a0\u2014 tas ir slavenais Ir\u0101nas veco laiku karaliskais akcents. Vi\u0146a m\u0101kslinieciskais izpild\u012bjums veidots p\u0113c avotu aprakstiem.<\/p>\n<p style=\"text-align: justify\"><span itemprop=\"image\" itemscope itemtype=\"https:\/\/schema.org\/ImageObject\"><img itemprop=\"url image\" loading=\"lazy\" decoding=\"async\" class=\"alignnone size-full wp-image-2994\" src=\"\/wp-content\/uploads\/2021\/01\/flag-of-tajikistan_2.png\" width=\"500\" height=\"500\" alt=\"Tad\u017eikist\u0101nas karogs-2\" \/><meta itemprop=\"width\" content=\"500\"><meta itemprop=\"height\" content=\"500\"><\/span><\/p>\n<p style=\"text-align: justify\">\u0160\u012b att\u0113la forma tiek prezent\u0113ta m\u016bsdien\u012bg\u0101 Valsts prezidenta stend\u0101.<\/p>\n<p style=\"text-align: justify\"><span itemprop=\"image\" itemscope itemtype=\"https:\/\/schema.org\/ImageObject\"><img itemprop=\"url image\" loading=\"lazy\" decoding=\"async\" class=\"alignnone wp-image-2995\" src=\"\/wp-content\/uploads\/2021\/01\/flag-of-tajikistan_3.png\" width=\"500\" height=\"269\" alt=\"Tad\u017eikist\u0101nas karogs-3\" \/><meta itemprop=\"width\" content=\"500\"><meta itemprop=\"height\" content=\"269\"><\/span><\/p>\n<p style=\"text-align: justify\">M\u016bsdienu Tad\u017eikist\u0101nas apvid\u016b past\u0101v\u0113ja sen\u0101s valstis. Vi\u0146\u0161 bija kalif\u0101tu (taisno, Omejadas vai Damaskas, Abas\u012bda vai Bagd\u0101des) neat\u0146emama sast\u0101vda\u013ca.<\/p>\n<p style=\"text-align: justify\">XIX gadsimt\u0101 Vidus\u0101zijas apgabals ien\u0101ca RF. Beidzoties 1917. gada revolucion\u0101rajiem notikumiem pret Krievijas Feder\u0101ciju (toreiz bo\u013c\u0161eviku vald\u012bbu), Buh\u0101ras emir\u0101ta iedz\u012bvot\u0101ji (1756-1920).) kur atn\u0101ca \u0161odienas Tad\u017eikist\u0101na.<\/p>\n<p style=\"text-align: justify\"><span itemprop=\"image\" itemscope itemtype=\"https:\/\/schema.org\/ImageObject\"><img itemprop=\"url image\" loading=\"lazy\" decoding=\"async\" class=\"alignnone size-full wp-image-2996\" src=\"\/wp-content\/uploads\/2021\/01\/flag-of-tajikistan_4.png\" width=\"500\" height=\"340\" alt=\"Tad\u017eikist\u0101nas karogs-4\" \/><meta itemprop=\"width\" content=\"500\"><meta itemprop=\"height\" content=\"340\"><\/span><\/p>\n<p style=\"text-align: justify\">Kara person\u0101ls (fabula) un tam sekojo\u0161\u0101 teritori\u0101l\u0101 izlase rad\u0101s t\u0101p\u0113c, ka tad\u017eiki vispirms \u0161\u0137ita Krievijas Republikas Buh\u0101ras Tautas Republikas (KP) sast\u0101vs.<\/p>\n<p style=\"text-align: justify\"><span itemprop=\"image\" itemscope itemtype=\"https:\/\/schema.org\/ImageObject\"><img itemprop=\"url image\" loading=\"lazy\" decoding=\"async\" class=\"alignnone wp-image-2997\" src=\"\/wp-content\/uploads\/2021\/01\/flag-of-tajikistan_5.png\" width=\"500\" height=\"333\" alt=\"Tad\u017eikist\u0101nas karogs-5\" \/><meta itemprop=\"width\" content=\"500\"><meta itemprop=\"height\" content=\"333\"><\/span><\/p>\n<p style=\"text-align: justify\"><span itemprop=\"image\" itemscope itemtype=\"https:\/\/schema.org\/ImageObject\"><img itemprop=\"url image\" loading=\"lazy\" decoding=\"async\" class=\"alignnone wp-image-2998\" src=\"\/wp-content\/uploads\/2021\/01\/flag-of-tajikistan_6.png\" width=\"500\" height=\"250\" alt=\"Tad\u017eikist\u0101nas karogs-6\" \/><meta itemprop=\"width\" content=\"500\"><meta itemprop=\"height\" content=\"250\"><\/span><\/p>\n<p style=\"text-align: justify\">Kuras beig\u0101s Buh\u0101ras soci\u0101listisk\u0101 tre\u0161diena un 1924. g. Jau br\u012bvas republikas status\u0101 Uzbekist\u0101nas PSR sast\u0101v\u0101.<\/p>\n<p style=\"text-align: justify\"><span itemprop=\"image\" itemscope itemtype=\"https:\/\/schema.org\/ImageObject\"><img itemprop=\"url image\" loading=\"lazy\" decoding=\"async\" class=\"alignnone wp-image-2998\" src=\"\/wp-content\/uploads\/2021\/01\/flag-of-tajikistan_6.png\" width=\"500\" height=\"250\" alt=\"Tad\u017eikist\u0101nas karogs-6\" \/><meta itemprop=\"width\" content=\"500\"><meta itemprop=\"height\" content=\"250\"><\/span><\/p>\n<p style=\"text-align: justify\"><span itemprop=\"image\" itemscope itemtype=\"https:\/\/schema.org\/ImageObject\"><img itemprop=\"url image\" loading=\"lazy\" decoding=\"async\" class=\"alignnone wp-image-3001\" src=\"\/wp-content\/uploads\/2021\/01\/flag-of-tajikistan_7.png\" width=\"500\" height=\"250\" alt=\"Tad\u017eikist\u0101nas karogs-8\" \/><meta itemprop=\"width\" content=\"500\"><meta itemprop=\"height\" content=\"250\"><\/span><\/p>\n<p style=\"text-align: justify\">S\u0101kotn\u0113j\u0101 z\u012bmes versija bija cita veida p\u0101ris.<\/p>\n<p style=\"text-align: justify\"><span itemprop=\"image\" itemscope itemtype=\"https:\/\/schema.org\/ImageObject\"><img itemprop=\"url image\" loading=\"lazy\" decoding=\"async\" class=\"alignnone wp-image-3002\" src=\"\/wp-content\/uploads\/2021\/01\/flag-of-tajikistan_8.png\" width=\"500\" height=\"250\" alt=\"Tad\u017eikist\u0101nas karogs-9\" \/><meta itemprop=\"width\" content=\"500\"><meta itemprop=\"height\" content=\"250\"><\/span><\/p>\n<p style=\"text-align: justify\">No 1929. l\u012bdz 1991. gadam. Tad\u017eikist\u0101na bija PSRS sast\u0101v\u0101 k\u0101 viena no valsts dal\u012bbniec\u0113m, kurai bija republikas statuss. \u0160obr\u012bd valsts ir izmantojusi p\u0101ris z\u012bmju iesp\u0113jas:<\/p>\n<ul style=\"text-align: justify\">\n<li>(1931-1935.);<\/li>\n<\/ul>\n<p style=\"text-align: justify\"><span itemprop=\"image\" itemscope itemtype=\"https:\/\/schema.org\/ImageObject\"><img itemprop=\"url image\" loading=\"lazy\" decoding=\"async\" class=\"alignnone wp-image-3003\" src=\"\/wp-content\/uploads\/2021\/01\/flag-of-tajikistan_9.png\" width=\"500\" height=\"250\" alt=\"Tad\u017eikist\u0101nas karogs-10\" \/><meta itemprop=\"width\" content=\"500\"><meta itemprop=\"height\" content=\"250\"><\/span><\/p>\n<ul style=\"text-align: justify\">\n<li>(1935-1936.);<\/li>\n<\/ul>\n<p style=\"text-align: justify\"><span itemprop=\"image\" itemscope itemtype=\"https:\/\/schema.org\/ImageObject\"><img itemprop=\"url image\" loading=\"lazy\" decoding=\"async\" class=\"alignnone wp-image-3004\" src=\"\/wp-content\/uploads\/2021\/01\/flag-of-tajikistan_10.png\" width=\"500\" height=\"250\" alt=\"Tad\u017eikist\u0101nas karogs-11\" \/><meta itemprop=\"width\" content=\"500\"><meta itemprop=\"height\" content=\"250\"><\/span><\/p>\n<ul style=\"text-align: justify\">\n<li>(1936-1938.);<\/li>\n<\/ul>\n<p style=\"text-align: justify\"><span itemprop=\"image\" itemscope itemtype=\"https:\/\/schema.org\/ImageObject\"><img itemprop=\"url image\" loading=\"lazy\" decoding=\"async\" class=\"alignnone wp-image-3005\" src=\"\/wp-content\/uploads\/2021\/01\/flag-of-tajikistan_11.png\" width=\"500\" height=\"250\" alt=\"Tad\u017eikist\u0101nas karogs-12\" \/><meta itemprop=\"width\" content=\"500\"><meta itemprop=\"height\" content=\"250\"><\/span><\/p>\n<ul style=\"text-align: justify\">\n<li>(1938-1940.);<\/li>\n<\/ul>\n<p style=\"text-align: justify\"><span itemprop=\"image\" itemscope itemtype=\"https:\/\/schema.org\/ImageObject\"><img itemprop=\"url image\" loading=\"lazy\" decoding=\"async\" class=\"alignnone wp-image-3006\" src=\"\/wp-content\/uploads\/2021\/01\/flag-of-tajikistan_12.png\" width=\"500\" height=\"250\" alt=\"Tad\u017eikist\u0101nas karogs-13\" \/><meta itemprop=\"width\" content=\"500\"><meta itemprop=\"height\" content=\"250\"><\/span><\/p>\n<ul style=\"text-align: justify\">\n<li>(1940-1953.).<\/li>\n<\/ul>\n<p style=\"text-align: justify\"><span itemprop=\"image\" itemscope itemtype=\"https:\/\/schema.org\/ImageObject\"><img itemprop=\"url image\" loading=\"lazy\" decoding=\"async\" class=\"alignnone wp-image-3007\" src=\"\/wp-content\/uploads\/2021\/01\/flag-of-tajikistan_13.png\" width=\"500\" height=\"250\" alt=\"Tad\u017eikist\u0101nas karogs-14\" \/><meta itemprop=\"width\" content=\"500\"><meta itemprop=\"height\" content=\"250\"><\/span><\/p>\n<p style=\"text-align: justify\">1953. gada beig\u0101s tika izdots Republikas karogs l\u012bdz PSRS sabrukumam vienmu\u013c\u012bb\u0101. S\u0101kotn\u0113j\u0101 neatkar\u012bbas gad\u0101 tika izmantota t\u0101 pati z\u012bme, bet bez sirpja un \u0101mura.<\/p>\n<p style=\"text-align: justify\"><span itemprop=\"image\" itemscope itemtype=\"https:\/\/schema.org\/ImageObject\"><img itemprop=\"url image\" loading=\"lazy\" decoding=\"async\" class=\"alignnone wp-image-3008\" src=\"\/wp-content\/uploads\/2021\/01\/flag-of-tajikistan_14.png\" width=\"500\" height=\"250\" alt=\"Tad\u017eikist\u0101nas karogs-15\" \/><meta itemprop=\"width\" content=\"500\"><meta itemprop=\"height\" content=\"250\"><\/span><\/p>\n<p style=\"text-align: justify\"><span itemprop=\"image\" itemscope itemtype=\"https:\/\/schema.org\/ImageObject\"><img itemprop=\"url image\" loading=\"lazy\" decoding=\"async\" class=\"alignnone wp-image-3009\" src=\"\/wp-content\/uploads\/2021\/01\/flag-of-tajikistan_15.png\" width=\"500\" height=\"250\" alt=\"Tad\u017eikist\u0101nas karogs-16\" \/><meta itemprop=\"width\" content=\"500\"><meta itemprop=\"height\" content=\"250\"><\/span><\/p>\n<p style=\"text-align: justify\">M\u016bsdienu karoga variants tika apstiprin\u0101ts 1992. gada novembr\u012b.<\/p>\n<h2 style=\"text-align: justify\">Apraksts<\/h2>\n<p style=\"text-align: justify\">M\u016bsdienu Tad\u017eikist\u0101nas Republikas karogs ir taisnst\u016bra formas audums, kura pu\u0161u proporcijas ir 1 pret 2 un sadal\u012btas tr\u012bs horizont\u0101l\u0101s josl\u0101s. M\u016bsdienu karoga kr\u0101su palete ir t\u0101da pati k\u0101 krievu period\u0101 &#8211; sarkan\u0101 un balti za\u013c\u0101 kr\u0101s\u0101. Sarkanu (aug\u0161pus\u0113) un za\u013cu (apak\u0161\u0113jo) ziedu sv\u012btras platum\u0101 ir vienmu\u013cas un ir vien\u0101das ar 2\/7 z\u012bmes platuma, un baltas, kas atrodas vid\u016b, 1.5 reizes apjom\u012bgi p\u0113c tiem, otrie v\u0101rdi 3\/7.<\/p>\n<p style=\"text-align: justify\">Karoga centr\u0101 baltaj\u0101 sektor\u0101 att\u0113lots zelta kr\u0101sas vainags, kura aug\u0161pus\u0113 att\u0113lotas septi\u0146as piecstaru zvaigznes pusloka form\u0101. Kronis augstum\u0101 ir vien\u0101ds ar 4\/5 balt\u0101s da\u013cas platuma, un t\u0101 garums sapl\u016bst ar vid\u0113j\u0101s sloksnes platumu. Apli, kur\u0101 nosac\u012bti iederas z\u012bm\u0113t\u0101s zvaigznes, var apvilkt ar balt\u0101 sektora platumu 3\/20, bet gaisa loka r\u0101diuss to izvietojum\u0101 &#8211; 1\/2 no vid\u0113j\u0101 joslas platuma.<\/p>\n<h2 style=\"text-align: justify\">Tad\u017eikist\u0101nas kr\u0101su karogs<\/h2>\n<p style=\"text-align: justify\">Tad\u017eikist\u0101nas Republikas karog\u0101 izmantotas \u010detras kr\u0101sas:<\/p>\n<ol>\n<li style=\"text-align: justify\">Sarkans;<\/li>\n<li style=\"text-align: justify\">Balts;<\/li>\n<li style=\"text-align: justify\">Za\u013c\u0161;<\/li>\n<li style=\"text-align: justify\">Zelts.<\/li>\n<\/ol>\n<h2 style=\"text-align: justify\">Noz\u012bm\u0113 kr\u0101su karogs Tad\u017eikist\u0101na<\/h2>\n<p style=\"text-align: justify\">Kr\u0101s\u0101m un z\u012bm\u0113m uz valsts karoga ir sava interpret\u0101cija un apz\u012bm\u0113jumi. Un vi\u0146i nav viens, un p\u0101ris. Piem\u0113ram,<\/p>\n<ul style=\"text-align: justify\">\n<li>Sen\u0101s biedr\u012bbas iedz\u012bvot\u0101ju skaits, b\u016bdams br\u012bvs un pilns, saska\u0146ojot ar &quot;Avestu&quot;, bija \u0101rpus 3, no kuriem katrs tika atz\u012bm\u0113ts ar k\u0101du kr\u0101su:<\/li>\n<\/ul>\n<ol style=\"text-align: justify\">\n<li>Sarkanais ir milit\u0101rs zin\u0101t (cien\u012bjams un efekt\u012bvs nov\u0113rt\u0113jums);<\/li>\n<li>Balts &#8211; gar\u012bdzniec\u012bbas (gar\u012bguma), mor\u0101l\u0101s t\u012br\u012bbas un sv\u0113tuma st\u0101voklis;<\/li>\n<li>Za\u013c\u0161\u00a0\u2014 br\u012bvas kopienas (lauksaimnieki\u00a0\u2014 zemnieki)\u00a0\u2014 \u0161is dabas, labkl\u0101j\u012bbas un jaun\u012bbas simbols.<\/li>\n<\/ol>\n<ul style=\"text-align: justify\">\n<li>Pamirs uzskata, ka kr\u0101sas tiek at\u0161ifr\u0113tas k\u0101<\/li>\n<\/ul>\n<ol style=\"text-align: justify\">\n<li>Sarkans &#8211; labkl\u0101j\u012bba, laime, apmierin\u0101t\u012bba;<\/li>\n<li>Balts &#8211; skaidr\u012bba un t\u012br\u012bba;<\/li>\n<li>Za\u013c\u0161 &#8211; jaun\u012bba.<\/li>\n<\/ol>\n<ul style=\"text-align: justify\">\n<li>vai vair\u0101k<\/li>\n<\/ul>\n<ol style=\"text-align: justify\">\n<li>Neatkar\u012bba, br\u012bv\u012bba &#8211; sarkana;<\/li>\n<li>Miers un miers &#8211; balts;<\/li>\n<li>Labkl\u0101j\u012bba un zemes skr\u012bnings &#8211; za\u013c\u0161.<\/li>\n<\/ol>\n<ul style=\"text-align: justify\">\n<li>Cita interpret\u0101cija sniedz \u0161\u0101du skaidrojumu<\/li>\n<\/ul>\n<ol style=\"text-align: justify\">\n<li>Saule, uzvara, sv\u0113tki &#8211; sv\u012btra sarkana;<\/li>\n<li>Sniegs kalnu p\u0101rpasaul\u012bg\u0101s virsotn\u0113s, kas aiz\u0146em 93 procentus lauku \u2013 balto sektoru;<\/li>\n<li>Isl\u0101ma gar\u012bg\u0101s b\u016bt\u012bbas simbols &#8211; za\u013ca sloksne.<\/li>\n<\/ol>\n<p style=\"text-align: justify\">Neatkar\u012bgi no visiem uzskait\u012btajiem baltajiem apz\u012bm\u0113jumiem, tas joproj\u0101m simboliz\u0113 galveno virzienu &#8211; kokvilnu.<\/p>\n<p style=\"text-align: justify\">Kronim ir tr\u012bs zobi, kas noz\u012bm\u0113 valsts v\u0113sturiskos re\u0123ionus &#8211; Haatlanu, Eir\u0101ziju un Kazahst\u0101nu, kuru vienot\u012bba simboliz\u0113 milz\u012bgu smaili. Septi\u0146as zelta zvaigznes ir laimes, harmonijas un labkl\u0101j\u012bbas simbols.<\/p>\n<blockquote>\n<p style=\"text-align: justify\">Saska\u0146ojot ar veco tad\u017eiku atsauci, debesis izvelkas no 7 skaistiem d\u0101rziem, pie kuriem septi\u0146i kalni un virs katra no tiem sp\u012bd zvaigzne.<\/p>\n<\/blockquote>\n<h2 style=\"text-align: justify\">Citi karogi<\/h2>\n<p style=\"text-align: justify\">Prezidenta prezidents izskat\u0101s p\u0113c karoga, bet ar at\u0161\u0137ir\u012bbu, ka kro\u0146a viet\u0101 ir 2. fig\u016bra.<\/p>\n<p style=\"text-align: justify\"><span itemprop=\"image\" itemscope itemtype=\"https:\/\/schema.org\/ImageObject\"><img itemprop=\"url image\" loading=\"lazy\" decoding=\"async\" class=\"alignnone wp-image-3010\" src=\"\/wp-content\/uploads\/2021\/01\/flag-of-tajikistan_16.png\" alt=\"Tad\u017eikist\u0101nas karogs-17\" width=\"438\" height=\"235\" \/><meta itemprop=\"width\" content=\"438\"><meta itemprop=\"height\" content=\"235\"><\/span><\/p>\n<h2 style=\"text-align: justify\">L\u012bdz\u012bgi karogi<\/h2>\n<p style=\"text-align: justify\">Tad\u017eikist\u0101nas karogam ir l\u012bdz\u012bba p\u0113c stila un kr\u0101su paletes ar Ir\u0101nas karogu, kas nav d\u012bvaini, jo abi cilv\u0113ki ir uzskait\u012bti k\u0101 l\u012bdz\u012bgas indo\u0101ru tautas.<\/p>\n<p style=\"text-align: justify\"><span itemprop=\"image\" itemscope itemtype=\"https:\/\/schema.org\/ImageObject\"><img itemprop=\"url image\" loading=\"lazy\" decoding=\"async\" class=\"alignnone wp-image-3011\" src=\"\/wp-content\/uploads\/2021\/01\/flag-of-tajikistan_17.png\" alt=\"Tad\u017eikist\u0101nas karogs-18\" width=\"446\" height=\"255\" \/><meta itemprop=\"width\" content=\"446\"><meta itemprop=\"height\" content=\"255\"><\/span><\/p>\n<p style=\"text-align: justify\">Karoga l\u012bdz\u012bba ir ar\u012b ar Ung\u0101rijas z\u012bmi.<\/p>\n<p style=\"text-align: justify\"><span itemprop=\"image\" itemscope itemtype=\"https:\/\/schema.org\/ImageObject\"><img itemprop=\"url image\" loading=\"lazy\" decoding=\"async\" class=\"alignnone wp-image-3012\" src=\"\/wp-content\/uploads\/2021\/01\/flag-of-tajikistan_18.png\" alt=\"Tad\u017eikist\u0101nas karogs-19\" width=\"447\" height=\"298\" \/><meta itemprop=\"width\" content=\"447\"><meta itemprop=\"height\" content=\"298\"><\/span><\/p>\n<h2 style=\"text-align: justify\">Interesanti fakti par karogu<\/h2>\n<p style=\"text-align: justify\">2011. gada septembris. Svin\u012bgaj\u0101 ceremonij\u0101 Tad\u017eikist\u0101nas galvaspils\u0113t\u0101 par Neatkar\u012bbas 20. gadadienu pie kul\u0161anas karoga masta pasaul\u0113 tika pacelts valsts karogs (165 metri), p\u0113c tam laboja rekordu un deva ieguld\u012bjumu Ginesa rekordu gr\u0101mat\u0101. Rekords (162 m.) pieder\u0113ja Azerbaid\u017e\u0101nai.<\/p>\n<h2 style=\"text-align: justify\">Nespecializ\u0113ta inform\u0101cija par Tad\u017eikist\u0101nu<\/h2>\n<table>\n<tbody>\n<tr>\n<td>Ofici\u0101l\u0101 valoda<\/td>\n<td>tad\u017eiku (valsts), krievu (starpetnisk\u0101s sazi\u0146as valoda)<\/td>\n<\/tr>\n<tr>\n<td>Kapit\u0101ls<\/td>\n<td>Du\u0161anbe<\/td>\n<\/tr>\n<tr>\n<td>Teritorija<\/td>\n<td>141 400 km2<\/td>\n<\/tr>\n<tr>\n<td>Popul\u0101cija<\/td>\n<td>9 126 600 cilv\u0113ku<\/td>\n<\/tr>\n<tr>\n<td>Val\u016bta<\/td>\n<td>Somoni (TJS, kods 972)<\/td>\n<\/tr>\n<tr>\n<td>Telefona kods<\/td>\n<td>+992<\/td>\n<\/tr>\n<\/tbody>\n<\/table>\n","protected":false},"excerpt":{"rendered":"<p>Tad\u017eikist\u0101nas Republika &#8211; vald\u012bba atrodas Vidus\u0101zij\u0101, Pamira pak\u0101j\u0113. Republikas nosaukums radies 1924.\u00a0gad\u0101, galu gal\u0101 nacion\u0101li teritori\u0101l\u0101 Vidus\u0101zijas izkliede. V\u0113l\u0101k ien\u0101ca PSRS, ko sauca par Tad\u017eikist\u0101nas ASSR un PSR&#8230;<\/p>\n","protected":false},"author":1,"featured_media":5957,"comment_status":"open","ping_status":"open","sticky":false,"template":"","format":"standard","meta":{"footnotes":""},"categories":[2],"tags":[],"class_list":["post-1657","post","type-post","status-publish","format-standard","has-post-thumbnail","","category-zijas-karogi"],"aioseo_notices":[],"_links":{"self":[{"href":"https:\/\/flags-world.com\/lv\/wp-json\/wp\/v2\/posts\/1657","targetHints":{"allow":["GET"]}}],"collection":[{"href":"https:\/\/flags-world.com\/lv\/wp-json\/wp\/v2\/posts"}],"about":[{"href":"https:\/\/flags-world.com\/lv\/wp-json\/wp\/v2\/types\/post"}],"author":[{"embeddable":true,"href":"https:\/\/flags-world.com\/lv\/wp-json\/wp\/v2\/users\/1"}],"replies":[{"embeddable":true,"href":"https:\/\/flags-world.com\/lv\/wp-json\/wp\/v2\/comments?post=1657"}],"version-history":[{"count":0,"href":"https:\/\/flags-world.com\/lv\/wp-json\/wp\/v2\/posts\/1657\/revisions"}],"wp:featuredmedia":[{"embeddable":true,"href":"https:\/\/flags-world.com\/lv\/wp-json\/wp\/v2\/media\/5957"}],"wp:attachment":[{"href":"https:\/\/flags-world.com\/lv\/wp-json\/wp\/v2\/media?parent=1657"}],"wp:term":[{"taxonomy":"category","embeddable":true,"href":"https:\/\/flags-world.com\/lv\/wp-json\/wp\/v2\/categories?post=1657"},{"taxonomy":"post_tag","embeddable":true,"href":"https:\/\/flags-world.com\/lv\/wp-json\/wp\/v2\/tags?post=1657"}],"curies":[{"name":"wp","href":"https:\/\/api.w.org\/{rel}","templated":true}]}}