{"id":1656,"date":"2021-01-04T17:18:19","date_gmt":"2021-01-04T14:18:19","guid":{"rendered":"https:\/\/flags-world.com\/lv\/2021\/01\/04\/surinamas-karogs-nozme-un-krsas\/"},"modified":"2021-01-04T17:18:19","modified_gmt":"2021-01-04T14:18:19","slug":"surinamas-karogs-nozme-un-krsas","status":"publish","type":"post","link":"https:\/\/flags-world.com\/lv\/surinamas-karogs-nozme-un-krsas\/","title":{"rendered":"Surinamas karogs: noz\u012bme un kr\u0101sas"},"content":{"rendered":"<p style=\"text-align: justify\">Surinamas Republika &#8211; vald\u012bba atrodas Dienvidamerik\u0101. Ilgu laiku kolonija bija un ieguva neatkar\u012bbu, un person\u012bgo z\u012bmi tikai 1975. gad\u0101.<\/p>\n<p style=\"text-align: justify\">T\u0101tad m\u016bsdienu Surinamas karogs izskat\u0101s:<\/p>\n<p style=\"text-align: justify\"><span itemprop=\"image\" itemscope itemtype=\"https:\/\/schema.org\/ImageObject\"><img itemprop=\"url image\" loading=\"lazy\" decoding=\"async\" class=\"alignnone size-full wp-image-4292\" src=\"\/wp-content\/uploads\/2021\/01\/flag-of-suriname_1.png\" width=\"500\" height=\"333\" alt=\"Surinamas karogs-1\" \/><meta itemprop=\"width\" content=\"500\"><meta itemprop=\"height\" content=\"333\"><\/span><\/p>\n<h2 style=\"text-align: justify\">Karoga v\u0113sture<\/h2>\n<p style=\"text-align: justify\">No 1667. l\u012bdz 1954. gadam tika izmantots N\u012bderlandes karogs, saska\u0146\u0101 ar notikumu, ka Surinama bija vi\u0146u kolonija.<\/p>\n<p style=\"text-align: justify\"><span itemprop=\"image\" itemscope itemtype=\"https:\/\/schema.org\/ImageObject\"><img itemprop=\"url image\" loading=\"lazy\" decoding=\"async\" class=\"alignnone size-full wp-image-4293\" src=\"\/wp-content\/uploads\/2021\/01\/flag-of-suriname_2.png\" width=\"500\" height=\"333\" alt=\"Surinama-2 karogs\" \/><meta itemprop=\"width\" content=\"500\"><meta itemprop=\"height\" content=\"333\"><\/span><\/p>\n<p style=\"text-align: justify\">V\u0113l\u0101k par\u0101d\u012bj\u0101s br\u012bv\u0101s Surinamas z\u012bme, balts audums ar piec\u0101m da\u017e\u0101du kr\u0101su zvaigzn\u0113m (melna, balta, sarkana, dzeltena un kafijas), ko savienoja ov\u0101ls.<\/p>\n<p style=\"text-align: justify\"><span itemprop=\"image\" itemscope itemtype=\"https:\/\/schema.org\/ImageObject\"><img itemprop=\"url image\" loading=\"lazy\" decoding=\"async\" class=\"alignnone size-full wp-image-4294\" src=\"\/wp-content\/uploads\/2021\/01\/flag-of-suriname_3.png\" width=\"500\" height=\"333\" alt=\"Surinama-3 karogs\" \/><meta itemprop=\"width\" content=\"500\"><meta itemprop=\"height\" content=\"333\"><\/span><\/p>\n<p style=\"text-align: justify\">N\u012bderlandes Gvi\u0101na \u2014 kolonijas neform\u0101lais nosaukums.<\/p>\n<p style=\"text-align: justify\">Gubernatore, neskaitot to, izmantoja vi\u0146as person\u012bgo inscen\u0113jumu, vi\u0146\u0161 bija l\u012bdz\u012bgs autonomijas karogam, bet tam no apak\u0161as bija N\u012bderlandes karogi, kas izstiepti vis\u0101 pane\u013ca garum\u0101.<\/p>\n<p style=\"text-align: justify\"><span itemprop=\"image\" itemscope itemtype=\"https:\/\/schema.org\/ImageObject\"><img itemprop=\"url image\" loading=\"lazy\" decoding=\"async\" class=\"alignnone size-full wp-image-4295\" src=\"\/wp-content\/uploads\/2021\/01\/flag-of-suriname_4.png\" width=\"500\" height=\"333\" alt=\"Surinama-4 karogs\" \/><meta itemprop=\"width\" content=\"500\"><meta itemprop=\"height\" content=\"333\"><\/span><\/p>\n<p style=\"text-align: justify\">M\u016bsdienu karogs tika ofici\u0101li pie\u0146emts 1975. gada 25. novembr\u012b, neatkar\u012bbas beig\u0101s.<\/p>\n<h2 style=\"text-align: justify\">Apraksts<\/h2>\n<p style=\"text-align: justify\">T\u0101 ir taisnst\u016bra forma ar piec\u0101m da\u017e\u0101da izm\u0113ra horizont\u0101l\u0101m sv\u012btr\u0101m, piecstaru zvaigzni uz centr\u0101l\u0101s joslas un malu attiec\u012bbu 2:3.<\/p>\n<h2 style=\"text-align: justify\">Surinamas kr\u0101su karogs<\/h2>\n<p style=\"text-align: justify\">Za\u013c\u0161, sarkans, balts un zelts.<\/p>\n<h2 style=\"text-align: justify\">Noz\u012bm\u0113 kr\u0101sas un karoga z\u012bme<\/h2>\n<ol style=\"text-align: justify\">\n<li>Za\u013c\u0161 &#8211; zemes bag\u0101t\u012bba un augl\u012bba.<\/li>\n<li>Sarkans &#8211; labkl\u0101j\u012bba, att\u012bst\u012bba un progress.<\/li>\n<li>Balts &#8211; valst\u012b valda br\u012bv\u012bba un taisn\u012bgums.<\/li>\n<li>Zelta piecstaru zvaigzne &#8211; iev\u0113rojama n\u0101kotne, kuru sasniegt var tikai vienoti.<\/li>\n<\/ol>\n<h2 style=\"text-align: justify\">Citi karogi<\/h2>\n<p style=\"text-align: justify\">No 1975. l\u012bdz 1988. gadam Premier Suriname izmantoja piegu\u013co\u0161u dr\u0101nu ar baltu taisnst\u016bri, uz kura &#8211; Surinamas \u0123erbonis. Uz t\u0101 divi valsts iedz\u012bvot\u0101ji tur vairogu, kas sadal\u012bts div\u0101s da\u013c\u0101s &#8211; kreis\u0101 &#8211; pag\u0101tne, lab\u0101 &#8211; \u012bsta. Bez \u0161\u012b uz \u0123erbo\u0146a uzraksts &quot;Justina, Piet\u00e0s, Fides&quot;, kas tulkojum\u0101 no lat\u012b\u0146u valodas &quot;Taisn\u012bgums, taisn\u012bba, lojalit\u0101te&quot;.<\/p>\n<p style=\"text-align: justify\"><span itemprop=\"image\" itemscope itemtype=\"https:\/\/schema.org\/ImageObject\"><img itemprop=\"url image\" loading=\"lazy\" decoding=\"async\" class=\"alignnone size-full wp-image-4296\" src=\"\/wp-content\/uploads\/2021\/01\/flag-of-suriname_5.png\" width=\"500\" height=\"333\" alt=\"Surinamas karogs-5\" \/><meta itemprop=\"width\" content=\"500\"><meta itemprop=\"height\" content=\"333\"><\/span><\/p>\n<ul>\n<li style=\"text-align: justify\">Prezidenta standarts &#8211; za\u013c\u0161 ar baltu taisnst\u016bri, centr\u0101 &#8211; valsts \u0123erbonis, ab\u0101s pus\u0113s &#8211; Sarkanie kvadr\u0101ti.<\/li>\n<\/ul>\n<p style=\"text-align: justify\"><span itemprop=\"image\" itemscope itemtype=\"https:\/\/schema.org\/ImageObject\"><img itemprop=\"url image\" loading=\"lazy\" decoding=\"async\" class=\"alignnone size-full wp-image-4297\" src=\"\/wp-content\/uploads\/2021\/01\/flag-of-suriname_6.png\" width=\"500\" height=\"333\" alt=\"Surinama-6 karogs\" \/><meta itemprop=\"width\" content=\"500\"><meta itemprop=\"height\" content=\"333\"><\/span><\/p>\n<ul>\n<li style=\"text-align: justify\">Armijas rekl\u0101mkarogs &#8211; tr\u012bs horizont\u0101las sv\u012btras, p\u0113d\u0113j\u0101 &#8211; zila, centr\u0101l\u0101 &#8211; sarkana, t\u0101s vid\u016b &#8211; Zelta zvaigzne.<\/li>\n<\/ul>\n<p style=\"text-align: justify\"><span itemprop=\"image\" itemscope itemtype=\"https:\/\/schema.org\/ImageObject\"><img itemprop=\"url image\" loading=\"lazy\" decoding=\"async\" class=\"alignnone size-full wp-image-4298\" src=\"\/wp-content\/uploads\/2021\/01\/flag-of-suriname_7.png\" width=\"500\" height=\"333\" alt=\"Surinama-7 karogs\" \/><meta itemprop=\"width\" content=\"500\"><meta itemprop=\"height\" content=\"333\"><\/span><\/p>\n<h2 style=\"text-align: justify\">Interesanti fakti par karogu<\/h2>\n<p style=\"text-align: justify\">Kr\u0101sas un za\u013ca &#8211; sarkan\u0101s politisk\u0101s partijas, Surinama, kas past\u0101v\u0113ja neatkar\u012bbas laik\u0101.<\/p>\n<p style=\"text-align: justify\">Viet\u0113jie iedz\u012bvot\u0101ji atbalsta filozofiju, uz kuru nor\u0101da vi\u0146u valsts simbols, un \u013coti m\u012bl to.<\/p>\n<h2 style=\"text-align: justify\">Nespecializ\u0113ta inform\u0101cija par Surinama<\/h2>\n<table>\n<tbody>\n<tr style=\"text-align: justify\">\n<td>Ofici\u0101l\u0101 valoda<\/td>\n<td>holandie\u0161u valoda<\/td>\n<\/tr>\n<tr style=\"text-align: justify\">\n<td>Teritorija<\/td>\n<td>163 821 km2<\/td>\n<\/tr>\n<tr style=\"text-align: justify\">\n<td>Kapit\u0101ls<\/td>\n<td>Paramaribo<\/td>\n<\/tr>\n<tr style=\"text-align: justify\">\n<td>Popul\u0101cija<\/td>\n<td>575 990 cilv\u0113ki<\/td>\n<\/tr>\n<tr style=\"text-align: justify\">\n<td>Val\u016bta<\/td>\n<td>Surinamas dol\u0101rs (SRD, 968)<\/td>\n<\/tr>\n<tr>\n<td style=\"text-align: justify\">Telefona kods<\/td>\n<td style=\"text-align: justify\">+597<\/td>\n<\/tr>\n<\/tbody>\n<\/table>\n","protected":false},"excerpt":{"rendered":"<p>Surinamas Republika &#8211; vald\u012bba atrodas Dienvidamerik\u0101. Ilgu laiku kolonija bija un ieguva neatkar\u012bbu, un person\u012bgo z\u012bmi tikai 1975. gad\u0101. T\u0101tad m\u016bsdienu Surinamas karogs izskat\u0101s: Karoga v\u0113sture No 1667&#8230;.<\/p>\n","protected":false},"author":1,"featured_media":5955,"comment_status":"open","ping_status":"open","sticky":false,"template":"","format":"standard","meta":{"footnotes":""},"categories":[7],"tags":[],"class_list":["post-1656","post","type-post","status-publish","format-standard","has-post-thumbnail","","category-dienvidamerikas-karogi"],"aioseo_notices":[],"_links":{"self":[{"href":"https:\/\/flags-world.com\/lv\/wp-json\/wp\/v2\/posts\/1656","targetHints":{"allow":["GET"]}}],"collection":[{"href":"https:\/\/flags-world.com\/lv\/wp-json\/wp\/v2\/posts"}],"about":[{"href":"https:\/\/flags-world.com\/lv\/wp-json\/wp\/v2\/types\/post"}],"author":[{"embeddable":true,"href":"https:\/\/flags-world.com\/lv\/wp-json\/wp\/v2\/users\/1"}],"replies":[{"embeddable":true,"href":"https:\/\/flags-world.com\/lv\/wp-json\/wp\/v2\/comments?post=1656"}],"version-history":[{"count":0,"href":"https:\/\/flags-world.com\/lv\/wp-json\/wp\/v2\/posts\/1656\/revisions"}],"wp:featuredmedia":[{"embeddable":true,"href":"https:\/\/flags-world.com\/lv\/wp-json\/wp\/v2\/media\/5955"}],"wp:attachment":[{"href":"https:\/\/flags-world.com\/lv\/wp-json\/wp\/v2\/media?parent=1656"}],"wp:term":[{"taxonomy":"category","embeddable":true,"href":"https:\/\/flags-world.com\/lv\/wp-json\/wp\/v2\/categories?post=1656"},{"taxonomy":"post_tag","embeddable":true,"href":"https:\/\/flags-world.com\/lv\/wp-json\/wp\/v2\/tags?post=1656"}],"curies":[{"name":"wp","href":"https:\/\/api.w.org\/{rel}","templated":true}]}}