{"id":1655,"date":"2021-01-04T17:18:19","date_gmt":"2021-01-04T14:18:19","guid":{"rendered":"https:\/\/flags-world.com\/lv\/2021\/01\/04\/sudnas-karogs-nozme-un-krsas\/"},"modified":"2021-01-04T17:18:19","modified_gmt":"2021-01-04T14:18:19","slug":"sudnas-karogs-nozme-un-krsas","status":"publish","type":"post","link":"https:\/\/flags-world.com\/lv\/sudnas-karogs-nozme-un-krsas\/","title":{"rendered":"Sud\u0101nas karogs: noz\u012bme un kr\u0101sas"},"content":{"rendered":"<p style=\"text-align: justify\">Sud\u0101na (Sud\u0101nas Republika) ir viena no liel\u0101kaj\u0101m \u0100frikas valst\u012bm. Valsts izce\u013cas ar lielu \u0123eogr\u0101fisko daudzveid\u012bbu &#8211; tuksne\u0161iem, kalniem, purviem, tropu me\u017eiem. Teritorija T\u0101 veido 1.9 miljoni.kv.km., ar 40 miljoniem iedz\u012bvot\u0101ju. cilv\u0113ks. Valsts nosaukums ir tulkots no ar\u0101bu &quot;Bourban Al-Sudan&quot; k\u0101 &quot;Meln\u0101 valsts&quot;.<\/p>\n<p style=\"text-align: justify\">T\u0101tad m\u016bsdienu Sud\u0101nas karogs izskat\u0101s:<\/p>\n<p style=\"text-align: justify\"><span itemprop=\"image\" itemscope itemtype=\"https:\/\/schema.org\/ImageObject\"><img itemprop=\"url image\" loading=\"lazy\" decoding=\"async\" class=\"alignnone size-full wp-image-4346\" src=\"\/wp-content\/uploads\/2021\/01\/flag-of-sudan_1.png\" width=\"500\" height=\"250\" alt=\"Sud\u0101na-1 karogs\" \/><meta itemprop=\"width\" content=\"500\"><meta itemprop=\"height\" content=\"250\"><\/span><\/p>\n<h2 style=\"text-align: justify\">Sud\u0101nas v\u0113stures karogs<\/h2>\n<p style=\"text-align: justify\">No st\u0101sta, k\u0101 m\u0113s zin\u0101m, ka IV-XVI gs. NS. Uz m\u016bsdienu Sud\u0101nas zemes atrad\u0101s da\u017e\u0101das valstis, starp t\u0101m un labie kristie\u0161i &#8211; Alva (vai Alfija) un Mukurra. XIX gadsimta 20. gados \u0161\u012b teritorija k\u013cuva par \u0112\u0123iptes \u012bpa\u0161umu, Otrais v\u0101rds ien\u0101ca Turcij\u0101.<\/p>\n<p style=\"text-align: justify\"><span itemprop=\"image\" itemscope itemtype=\"https:\/\/schema.org\/ImageObject\"><img itemprop=\"url image\" loading=\"lazy\" decoding=\"async\" class=\"alignnone size-full wp-image-4347\" src=\"\/wp-content\/uploads\/2021\/01\/flag-of-sudan_2.png\" width=\"500\" height=\"250\" alt=\"Sud\u0101nas karogs-2\" \/><meta itemprop=\"width\" content=\"500\"><meta itemprop=\"height\" content=\"250\"><\/span><\/p>\n<p style=\"text-align: justify\">Starp XIX gadsimt\u0101 \u0161aj\u0101 re\u0123ion\u0101 s\u0101ka pastiprin\u0101ties Anglijas ietekme Un pak\u0101peniska vi\u0146as lomas nostiprin\u0101\u0161an\u0101s bija notikums, ka XIX gadsimta 90. gadu otraj\u0101 pus\u0113 vi\u0146a ar \u0112\u0123ipti parakst\u012bja vieno\u0161anos par ang\u013cu un \u0113\u0123iptie\u0161u Sud\u0101nas att\u012bst\u012bbu. (kondominium). Gandr\u012bz Sud\u0101na k\u013cuva par ang\u013cu koloniju.<\/p>\n<p style=\"text-align: justify\"><span itemprop=\"image\" itemscope itemtype=\"https:\/\/schema.org\/ImageObject\"><img itemprop=\"url image\" loading=\"lazy\" decoding=\"async\" class=\"alignnone size-full wp-image-4348\" src=\"\/wp-content\/uploads\/2021\/01\/flag-of-sudan_3.png\" width=\"500\" height=\"250\" alt=\"Sud\u0101na-3 karogs\" \/><meta itemprop=\"width\" content=\"500\"><meta itemprop=\"height\" content=\"250\"><\/span><\/p>\n<ul>\n<li style=\"text-align: justify\">Ofici\u0101lo karogu uzskait\u012bja \u0113\u0123iptie\u0161i.<\/li>\n<\/ul>\n<p style=\"text-align: justify\"><span itemprop=\"image\" itemscope itemtype=\"https:\/\/schema.org\/ImageObject\"><img itemprop=\"url image\" loading=\"lazy\" decoding=\"async\" class=\"alignnone size-full wp-image-4349\" src=\"\/wp-content\/uploads\/2021\/01\/flag-of-sudan_4.png\" width=\"500\" height=\"333\" alt=\"Sud\u0101nas karogs-4\" \/><meta itemprop=\"width\" content=\"500\"><meta itemprop=\"height\" content=\"333\"><\/span><\/p>\n<ul>\n<li style=\"text-align: justify\">Nepiev\u0113r\u0161ot tam uzman\u012bbu, Sud\u0101na bija milit\u0101ra organiz\u0101cija ar nosaukumu Sud\u0101nas aizsardz\u012bbas sp\u0113ki, kam bija sava simbolika.<\/li>\n<\/ul>\n<p style=\"text-align: justify\"><span itemprop=\"image\" itemscope itemtype=\"https:\/\/schema.org\/ImageObject\"><img itemprop=\"url image\" loading=\"lazy\" decoding=\"async\" class=\"alignnone size-full wp-image-4350\" src=\"\/wp-content\/uploads\/2021\/01\/flag-of-sudan_5.png\" width=\"500\" height=\"250\" alt=\"Sud\u0101nas karogs-5\" \/><meta itemprop=\"width\" content=\"500\"><meta itemprop=\"height\" content=\"250\"><\/span><\/p>\n<p style=\"text-align: justify\">Pag\u0101ju\u0161\u0101 gadsimta 50. gados \u0112\u0123ipt\u0113 notika revol\u016bcija, un t\u0101 bija likuma par ang\u013cu un \u0113\u0123iptie\u0161u nol\u012bguma par Sud\u0101nu izbeig\u0161anas sekas. 1955. gad\u0101 valsts parlaments nobalsoja par neatkar\u012bbu un no 1956. gada 1. janv\u0101ra Sud\u0101na k\u013cuva par republiku.<\/p>\n<p style=\"text-align: justify\">Ofici\u0101lo z\u012bmi apstiprin\u0101ja zili-dzelteni-za\u013c\u0161 tr\u012bskr\u0101sains ar horizont\u0101lu joslu izvietojumu.<\/p>\n<p style=\"text-align: justify\"><span itemprop=\"image\" itemscope itemtype=\"https:\/\/schema.org\/ImageObject\"><img itemprop=\"url image\" loading=\"lazy\" decoding=\"async\" class=\"alignnone size-full wp-image-4351\" src=\"\/wp-content\/uploads\/2021\/01\/flag-of-sudan_6.png\" width=\"500\" height=\"250\" alt=\"Sud\u0101nas karogs-6\" \/><meta itemprop=\"width\" content=\"500\"><meta itemprop=\"height\" content=\"250\"><\/span><\/p>\n<p style=\"text-align: justify\">1955. gada apr\u012bl\u012b notika Bandungas konference, kuras koordin\u0113ta platforma bija antikoloni\u0101lisms un antiimpi\u0101lisms. Sud\u0101nai konferenc\u0113 tika pasniegta z\u012bme, kur\u0101 bija uzraksts ar valsts nosaukumu.<\/p>\n<p style=\"text-align: justify\"><span itemprop=\"image\" itemscope itemtype=\"https:\/\/schema.org\/ImageObject\"><img itemprop=\"url image\" loading=\"lazy\" decoding=\"async\" class=\"alignnone size-full wp-image-4352\" src=\"\/wp-content\/uploads\/2021\/01\/flag-of-sudan_7.png\" alt=\"Sud\u0101na-7 karogs\" width=\"450\" height=\"300\" \/><meta itemprop=\"width\" content=\"450\"><meta itemprop=\"height\" content=\"300\"><\/span><\/p>\n<p style=\"text-align: justify\">Sud\u0101nas Demokr\u0101tiskajai Republikai (valsts jaunajam nosaukumam) 1970. gada maij\u0101 tika izveidota un apstiprin\u0101ta jauna karoga versija.<\/p>\n<h2 style=\"text-align: justify\">Apraksts<\/h2>\n<p style=\"text-align: justify\">Datora karogam ir taisnst\u016bra formas r\u0101mis, kura malu korel\u0101cija viena pret otru ir 1 l\u012bdz 2. To sadala tr\u012bs vien\u0101da platuma horizont\u0101las sv\u012btras. Sv\u012btru kr\u0101su palete ir sekojo\u0161\u0101 sec\u012bb\u0101: aug\u0161da\u013ca ir sarkana, vid\u016b balta un apak\u0161da\u013ca ir melna.<\/p>\n<blockquote>\n<p style=\"text-align: justify\">Pane\u013ca kreisaj\u0101 pus\u0113 (roz\u0113) att\u0113lots za\u013c\u0161 vien\u0101dmalu tr\u012bsst\u016bris, kura viena mala p\u0113c izm\u0113ra sapl\u016bst no pane\u013ca platuma.<\/p>\n<\/blockquote>\n<h2 style=\"text-align: justify\">Kr\u0101su karogs Sud\u0101na<\/h2>\n<p style=\"text-align: justify\">Republikas karog\u0101 izmantotas \u010detras kr\u0101sas:<\/p>\n<ol>\n<li style=\"text-align: justify\">Sarkans;<\/li>\n<li style=\"text-align: justify\">Balts;<\/li>\n<li style=\"text-align: justify\">Melns;<\/li>\n<li style=\"text-align: justify\">Za\u013c\u0161.<\/li>\n<\/ol>\n<p style=\"text-align: justify\">Tie visi ir uzskait\u012bti standarta Panera kr\u0101s\u0101s.<\/p>\n<h2 style=\"text-align: justify\">Noz\u012bm\u0113 Sud\u0101nas karoga kr\u0101sas<\/h2>\n<p style=\"text-align: justify\">Z\u012bmes kr\u0101sas apz\u012bm\u0113jumam ir sava interpret\u0101cija:<\/p>\n<ol style=\"text-align: justify\">\n<li>Sarkans &#8211; simboliz\u0113 c\u012b\u0146u par neatkar\u012bbu;<\/li>\n<li>Balts &#8211; miers un gaisma;<\/li>\n<li>melns &#8211; personific\u0113 vald\u012bbu;<\/li>\n<li>Za\u013c\u0161 &#8211; simboliz\u0113 isl\u0101ma reli\u0123iju, bag\u0101t\u012bbu un lauksaimniec\u012bbu.<\/li>\n<\/ol>\n<p style=\"text-align: justify\">Pag\u0101tnes simbols, laika posms no 1956. l\u012bdz 1970. gadam., saloc\u012bts no tr\u012bs kr\u0101sain\u0101m sv\u012btr\u0101m, neskaitot to bija vi\u0146a interpret\u0101cija: zila &#8211; simboliz\u0113ja N\u012bla upi, dzeltena &#8211; tuksnesi, za\u013ca &#8211; zelta zemi. \u0160\u012bs simbolikas variantu izmanto opoz\u012bcija.<\/p>\n<h2 style=\"text-align: justify\">Citi karogi<\/h2>\n<p style=\"text-align: justify\">Starp otrajiem karogiem ir j\u0101uzsver z\u012bmes:<\/p>\n<ul style=\"text-align: justify\">\n<li>Valsts vai vald\u012bbas strukt\u016bras<\/li>\n<li>Prezidenta ide\u0101ls;<\/li>\n<\/ul>\n<p style=\"text-align: justify\"><span itemprop=\"image\" itemscope itemtype=\"https:\/\/schema.org\/ImageObject\"><img itemprop=\"url image\" loading=\"lazy\" decoding=\"async\" class=\"alignnone size-full wp-image-4353\" src=\"\/wp-content\/uploads\/2021\/01\/flag-of-sudan_8.png\" width=\"500\" height=\"250\" alt=\"Sud\u0101nas karogs-8\" \/><meta itemprop=\"width\" content=\"500\"><meta itemprop=\"height\" content=\"250\"><\/span><\/p>\n<ul style=\"text-align: justify\">\n<li>Muita.<\/li>\n<\/ul>\n<p style=\"text-align: justify\"><span itemprop=\"image\" itemscope itemtype=\"https:\/\/schema.org\/ImageObject\"><img itemprop=\"url image\" loading=\"lazy\" decoding=\"async\" class=\"alignnone size-full wp-image-4354\" src=\"\/wp-content\/uploads\/2021\/01\/flag-of-sudan_9.png\" width=\"500\" height=\"250\" alt=\"Sud\u0101nas karogs-9\" \/><meta itemprop=\"width\" content=\"500\"><meta itemprop=\"height\" content=\"250\"><\/span><\/p>\n<ul style=\"text-align: justify\">\n<li>Armija<\/li>\n<li>Gaisa sp\u0113ki;<\/li>\n<\/ul>\n<p style=\"text-align: justify\"><span itemprop=\"image\" itemscope itemtype=\"https:\/\/schema.org\/ImageObject\"><img itemprop=\"url image\" loading=\"lazy\" decoding=\"async\" class=\"alignnone size-full wp-image-4355\" src=\"\/wp-content\/uploads\/2021\/01\/flag-of-sudan_10.png\" width=\"500\" height=\"250\" alt=\"Sud\u0101nas karogs-10\" \/><meta itemprop=\"width\" content=\"500\"><meta itemprop=\"height\" content=\"250\"><\/span><\/p>\n<ul style=\"text-align: justify\">\n<li>Morpe.<\/li>\n<\/ul>\n<p style=\"text-align: justify\"><span itemprop=\"image\" itemscope itemtype=\"https:\/\/schema.org\/ImageObject\"><img itemprop=\"url image\" loading=\"lazy\" decoding=\"async\" class=\"alignnone size-full wp-image-4356\" src=\"\/wp-content\/uploads\/2021\/01\/flag-of-sudan_11.png\" width=\"500\" height=\"250\" alt=\"Sud\u0101nas karogs-11\" \/><meta itemprop=\"width\" content=\"500\"><meta itemprop=\"height\" content=\"250\"><\/span><\/p>\n<h2 style=\"text-align: justify\">L\u012bdz\u012bgi karogi<\/h2>\n<p style=\"text-align: justify\">Sarkanbaltmelns tr\u012bskr\u0101sains ar horizont\u0101lu atra\u0161an\u0101s vietu, \u0161\u0137ietami neskaitot to ar\u0101bu pasaules otro valstu paz\u012bm\u0113m:<\/p>\n<ul style=\"text-align: justify\">\n<li>\u0112\u0123ipte,<\/li>\n<\/ul>\n<p style=\"text-align: justify\"><span itemprop=\"image\" itemscope itemtype=\"https:\/\/schema.org\/ImageObject\"><img itemprop=\"url image\" loading=\"lazy\" decoding=\"async\" class=\"alignnone size-full wp-image-4357\" src=\"\/wp-content\/uploads\/2021\/01\/flag-of-sudan_12.png\" width=\"500\" height=\"333\" alt=\"Sud\u0101nas karogs-12\" \/><meta itemprop=\"width\" content=\"500\"><meta itemprop=\"height\" content=\"333\"><\/span><\/p>\n<ul style=\"text-align: justify\">\n<li>S\u012brija,<\/li>\n<\/ul>\n<p style=\"text-align: justify\"><span itemprop=\"image\" itemscope itemtype=\"https:\/\/schema.org\/ImageObject\"><img itemprop=\"url image\" loading=\"lazy\" decoding=\"async\" class=\"alignnone size-full wp-image-4358\" src=\"\/wp-content\/uploads\/2021\/01\/flag-of-sudan_13.png\" width=\"500\" height=\"333\" alt=\"Sud\u0101na-13 karogs\" \/><meta itemprop=\"width\" content=\"500\"><meta itemprop=\"height\" content=\"333\"><\/span><\/p>\n<ul style=\"text-align: justify\">\n<li>Ir\u0101ka,<\/li>\n<\/ul>\n<p style=\"text-align: justify\"><span itemprop=\"image\" itemscope itemtype=\"https:\/\/schema.org\/ImageObject\"><img itemprop=\"url image\" loading=\"lazy\" decoding=\"async\" class=\"alignnone size-full wp-image-4359\" src=\"\/wp-content\/uploads\/2021\/01\/flag-of-sudan_14.png\" width=\"500\" height=\"333\" alt=\"Sud\u0101nas karogs-14\" \/><meta itemprop=\"width\" content=\"500\"><meta itemprop=\"height\" content=\"333\"><\/span><\/p>\n<ul style=\"text-align: justify\">\n<li>Jemena.<\/li>\n<\/ul>\n<p style=\"text-align: justify\"><span itemprop=\"image\" itemscope itemtype=\"https:\/\/schema.org\/ImageObject\"><img itemprop=\"url image\" loading=\"lazy\" decoding=\"async\" class=\"alignnone size-full wp-image-4360\" src=\"\/wp-content\/uploads\/2021\/01\/flag-of-sudan_15.png\" width=\"500\" height=\"333\" alt=\"Sud\u0101nas karogs-15\" \/><meta itemprop=\"width\" content=\"500\"><meta itemprop=\"height\" content=\"333\"><\/span><\/p>\n<h2 style=\"text-align: justify\">Interesanti fakti par karogu<\/h2>\n<p style=\"text-align: justify\">Melns uz valsts z\u012bmes, neskaitot ofici\u0101lo interpret\u0101ciju, ir 2. Citiem v\u0101rdiem sakot, vi\u0146\u0161 ir saist\u012bts ar Mahdis karu (1881-1899.), taj\u0101 laik\u0101, kad viens no kalifiem ar\u0101bu verv\u0113\u0161anai izmantoja t\u0101feli.<\/p>\n<p style=\"text-align: justify\"><span itemprop=\"image\" itemscope itemtype=\"https:\/\/schema.org\/ImageObject\"><img itemprop=\"url image\" loading=\"lazy\" decoding=\"async\" class=\"alignnone size-full wp-image-4361\" src=\"\/wp-content\/uploads\/2021\/01\/flag-of-sudan_16.png\" width=\"500\" height=\"300\" alt=\"Sud\u0101na-16 karogs\" \/><meta itemprop=\"width\" content=\"500\"><meta itemprop=\"height\" content=\"300\"><\/span><\/p>\n<ul>\n<li style=\"text-align: justify\">Otrie kalifi izmantoja cita veida z\u012bmes:<\/li>\n<\/ul>\n<p style=\"text-align: justify\"><span itemprop=\"image\" itemscope itemtype=\"https:\/\/schema.org\/ImageObject\"><img itemprop=\"url image\" loading=\"lazy\" decoding=\"async\" class=\"alignnone size-full wp-image-4362\" src=\"\/wp-content\/uploads\/2021\/01\/flag-of-sudan_1.jpg\" width=\"500\" height=\"427\" alt=\"Sud\u0101na-17 karogs\" \/><meta itemprop=\"width\" content=\"500\"><meta itemprop=\"height\" content=\"427\"><\/span> <span itemprop=\"image\" itemscope itemtype=\"https:\/\/schema.org\/ImageObject\"><img itemprop=\"url image\" loading=\"lazy\" decoding=\"async\" class=\"alignnone size-full wp-image-4363\" src=\"\/wp-content\/uploads\/2021\/01\/flag-of-sudan_17.png\" width=\"500\" height=\"417\" alt=\"Sud\u0101na-18 karogs\" \/><meta itemprop=\"width\" content=\"500\"><meta itemprop=\"height\" content=\"417\"><\/span><\/p>\n<h2 style=\"text-align: justify\">Nespecializ\u0113ta inform\u0101cija par Sud\u0101nu<\/h2>\n<table>\n<tbody>\n<tr>\n<td>Ofici\u0101l\u0101 valoda<\/td>\n<td>ar\u0101bu un ang\u013cu valod\u0101<\/td>\n<\/tr>\n<tr>\n<td>Kapit\u0101ls<\/td>\n<td>Harums<\/td>\n<\/tr>\n<tr>\n<td>Teritorija<\/td>\n<td>1 886 068 km2<\/td>\n<\/tr>\n<tr>\n<td>Popul\u0101cija<\/td>\n<td>39 578 828 cilv\u0113ki<\/td>\n<\/tr>\n<tr>\n<td>Val\u016bta<\/td>\n<td>Sud\u0101nas m\u0101rci\u0146a (SDG)<\/td>\n<\/tr>\n<tr>\n<td>Telefona kods<\/td>\n<td>+249<\/td>\n<\/tr>\n<\/tbody>\n<\/table>\n","protected":false},"excerpt":{"rendered":"<p>Sud\u0101na (Sud\u0101nas Republika) ir viena no liel\u0101kaj\u0101m \u0100frikas valst\u012bm. Valsts izce\u013cas ar lielu \u0123eogr\u0101fisko daudzveid\u012bbu &#8211; tuksne\u0161iem, kalniem, purviem, tropu me\u017eiem. Teritorija T\u0101 veido 1.9 miljoni.kv.km., ar 40&#8230;<\/p>\n","protected":false},"author":1,"featured_media":5954,"comment_status":"open","ping_status":"open","sticky":false,"template":"","format":"standard","meta":{"footnotes":""},"categories":[5],"tags":[],"class_list":["post-1655","post","type-post","status-publish","format-standard","has-post-thumbnail","","category-frikas-valstu-karogi"],"aioseo_notices":[],"_links":{"self":[{"href":"https:\/\/flags-world.com\/lv\/wp-json\/wp\/v2\/posts\/1655","targetHints":{"allow":["GET"]}}],"collection":[{"href":"https:\/\/flags-world.com\/lv\/wp-json\/wp\/v2\/posts"}],"about":[{"href":"https:\/\/flags-world.com\/lv\/wp-json\/wp\/v2\/types\/post"}],"author":[{"embeddable":true,"href":"https:\/\/flags-world.com\/lv\/wp-json\/wp\/v2\/users\/1"}],"replies":[{"embeddable":true,"href":"https:\/\/flags-world.com\/lv\/wp-json\/wp\/v2\/comments?post=1655"}],"version-history":[{"count":0,"href":"https:\/\/flags-world.com\/lv\/wp-json\/wp\/v2\/posts\/1655\/revisions"}],"wp:featuredmedia":[{"embeddable":true,"href":"https:\/\/flags-world.com\/lv\/wp-json\/wp\/v2\/media\/5954"}],"wp:attachment":[{"href":"https:\/\/flags-world.com\/lv\/wp-json\/wp\/v2\/media?parent=1655"}],"wp:term":[{"taxonomy":"category","embeddable":true,"href":"https:\/\/flags-world.com\/lv\/wp-json\/wp\/v2\/categories?post=1655"},{"taxonomy":"post_tag","embeddable":true,"href":"https:\/\/flags-world.com\/lv\/wp-json\/wp\/v2\/tags?post=1655"}],"curies":[{"name":"wp","href":"https:\/\/api.w.org\/{rel}","templated":true}]}}