{"id":1651,"date":"2021-01-04T17:18:19","date_gmt":"2021-01-04T14:18:19","guid":{"rendered":"https:\/\/flags-world.com\/lv\/2021\/01\/04\/slovnijas-karogs-nozme-un-krsas\/"},"modified":"2021-01-04T17:18:19","modified_gmt":"2021-01-04T14:18:19","slug":"slovnijas-karogs-nozme-un-krsas","status":"publish","type":"post","link":"https:\/\/flags-world.com\/lv\/slovnijas-karogs-nozme-un-krsas\/","title":{"rendered":"Slov\u0113nijas karogs: noz\u012bme un kr\u0101sas"},"content":{"rendered":"<p style=\"text-align: justify\">Slov\u0113nijas Republika (Slov\u0113nija) Dienvideiropas vald\u012bb\u0101, kur\u0101 ir 2 iedz\u012bvot\u0101ji.1 miljons. Reljefs un cilv\u0113ks vien\u0101ds ar 20.2 t\u016bksto\u0161i.kv.km. Viena no atkal izveidotaj\u0101m valst\u012bm, kas k\u013cuva par Dienvidsl\u0101vijas sabrukuma rezult\u0101tu 20. gadsimta beig\u0101s.<\/p>\n<p style=\"text-align: justify\">T\u0101tad m\u016bsdienu Slov\u0113nijas karogs izskat\u0101s:<\/p>\n<p style=\"text-align: justify\"><span itemprop=\"image\" itemscope itemtype=\"https:\/\/schema.org\/ImageObject\"><img itemprop=\"url image\" loading=\"lazy\" decoding=\"async\" class=\"alignnone size-full wp-image-4264\" src=\"\/wp-content\/uploads\/2021\/01\/flag-of-slovenia_1.png\" width=\"500\" height=\"250\" alt=\"Slov\u0113nijas karogs-1\" \/><meta itemprop=\"width\" content=\"500\"><meta itemprop=\"height\" content=\"250\"><\/span><\/p>\n<h2 style=\"text-align: justify\">Slov\u0113nijas v\u0113stures karogs<\/h2>\n<p style=\"text-align: justify\">M\u016bsdienu Slov\u0113nijas teritorij\u0101 sl\u0101vi s\u0101ka apmesties VI-VII gadsimt\u0101. NS. Maza valsts, mazas valstis balst\u0101s uz milz\u012bg\u0101ko. XIV gadsimt\u0101 \u0161is re\u0123ions non\u0101ca H\u0101bsburgu var\u0101, bet gaid\u0101maj\u0101 Austrij\u0101-Ung\u0101rij\u0101.<\/p>\n<p style=\"text-align: justify\"><span itemprop=\"image\" itemscope itemtype=\"https:\/\/schema.org\/ImageObject\"><img itemprop=\"url image\" loading=\"lazy\" decoding=\"async\" class=\"alignnone size-full wp-image-4265\" src=\"\/wp-content\/uploads\/2021\/01\/flag-of-slovenia_2.png\" width=\"500\" height=\"333\" alt=\"Slov\u0113nijas karogs-2\" \/><meta itemprop=\"width\" content=\"500\"><meta itemprop=\"height\" content=\"333\"><\/span><\/p>\n<p style=\"text-align: justify\">XIX gadsimta s\u0101kum\u0101 un jo \u012bpa\u0161i revolucion\u0101ro notikumu laik\u0101 1848-1849. T\u0101 rad\u0101s un s\u0101ka celties slov\u0113\u0146u nacion\u0101l\u0101 kust\u012bba. Balts-zili-sarkans audums k\u0101 z\u012bme re\u0123ionam ir ekstr\u0113ma (liel\u0101k\u0101 da\u013ca m\u016bsdienu Slov\u0113nijas) tika pacelts 1848. gada apr\u012bl\u012b \u013bub\u013can\u0101 uz laukuma. Nepiev\u0113r\u0161ot uzman\u012bbu v\u0101cie\u0161u pretest\u012bbai, Austrijas vald\u012bba ofici\u0101li atzina vi\u0146u par pa\u0161vald\u012bbas z\u012bmi, un karogs nav tik gar\u0161, lai var\u0113tu cer\u0113t k\u013c\u016bt par vien\u012bgo slov\u0113\u0146u z\u012bmi neatkar\u012bgi no vi\u0146u dz\u012bvesvietas.<\/p>\n<p style=\"text-align: justify\"><span itemprop=\"image\" itemscope itemtype=\"https:\/\/schema.org\/ImageObject\"><img itemprop=\"url image\" loading=\"lazy\" decoding=\"async\" class=\"alignnone size-full wp-image-4266\" src=\"\/wp-content\/uploads\/2021\/01\/flag-of-slovenia_3.png\" width=\"500\" height=\"250\" alt=\"Slov\u0113nijas karogs-3\" \/><meta itemprop=\"width\" content=\"500\"><meta itemprop=\"height\" content=\"250\"><\/span><\/p>\n<p style=\"text-align: justify\">1918. gad\u0101. Slov\u0113nija pievienoj\u0101s serbu, horv\u0101tu un slov\u0113\u0146u kara\u013cvalst\u012b (1929. gada beig\u0101s. Dienvidsl\u0101vijas Karaliste).<\/p>\n<p style=\"text-align: justify\"><span itemprop=\"image\" itemscope itemtype=\"https:\/\/schema.org\/ImageObject\"><img itemprop=\"url image\" loading=\"lazy\" decoding=\"async\" class=\"alignnone size-full wp-image-4267\" src=\"\/wp-content\/uploads\/2021\/01\/flag-of-slovenia_4.png\" width=\"500\" height=\"334\" alt=\"Slov\u0113nijas karogs-4\" \/><meta itemprop=\"width\" content=\"500\"><meta itemprop=\"height\" content=\"334\"><\/span><\/p>\n<p style=\"text-align: justify\">Divdesmit\u0101 gadsimta 40. gadu pirmaj\u0101 pus\u0113 t\u0101s teritoriju okup\u0113ja It\u0101lija un V\u0101cija. Slov\u0113\u0146i pie\u0146\u0113ma akt\u012bvu lomu pretest\u012bb\u0101. T\u0101 laika paz\u012bmes bija:<\/p>\n<ul style=\"text-align: justify\">\n<li>karoga partiz\u0101na;<\/li>\n<\/ul>\n<p style=\"text-align: justify\"><span itemprop=\"image\" itemscope itemtype=\"https:\/\/schema.org\/ImageObject\"><img itemprop=\"url image\" loading=\"lazy\" decoding=\"async\" class=\"alignnone size-full wp-image-4268\" src=\"\/wp-content\/uploads\/2021\/01\/flag-of-slovenia_5.png\" width=\"500\" height=\"250\" alt=\"Slov\u0113nijas karogs-5\" \/><meta itemprop=\"width\" content=\"500\"><meta itemprop=\"height\" content=\"250\"><\/span><\/p>\n<ul style=\"text-align: justify\">\n<li>milicijas simbols;<\/li>\n<\/ul>\n<p style=\"text-align: justify\"><span itemprop=\"image\" itemscope itemtype=\"https:\/\/schema.org\/ImageObject\"><img itemprop=\"url image\" loading=\"lazy\" decoding=\"async\" class=\"alignnone size-full wp-image-4270\" src=\"\/wp-content\/uploads\/2021\/01\/flag-of-slovenia_6.png\" width=\"408\" height=\"500\" alt=\"Slov\u0113nijas karogs-6\" \/><meta itemprop=\"width\" content=\"408\"><meta itemprop=\"height\" content=\"500\"><\/span><\/p>\n<ul style=\"text-align: justify\">\n<li>Slov\u0113nijas milicijas rekl\u0101mkarogs.<\/li>\n<\/ul>\n<p style=\"text-align: justify\"><span itemprop=\"image\" itemscope itemtype=\"https:\/\/schema.org\/ImageObject\"><img itemprop=\"url image\" loading=\"lazy\" decoding=\"async\" class=\"alignnone size-full wp-image-4271\" src=\"\/wp-content\/uploads\/2021\/01\/flag-of-slovenia_7.png\" width=\"500\" height=\"300\" alt=\"Slov\u0113nijas karogs-7\" \/><meta itemprop=\"width\" content=\"500\"><meta itemprop=\"height\" content=\"300\"><\/span><\/p>\n<p style=\"text-align: justify\">L\u012bdz ar feder\u0101l\u0101s Dienvidsl\u0101vijas kara beig\u0101m un izveido\u0161anu 1945. gad\u0101 Slov\u0113nija Soci\u0101listisk\u0101s Republikas status\u0101 iek\u013cuva t\u0101s sast\u0101v\u0101. Tad tika rad\u012bta jauna veida simbolika &#8211; zil\u0101 pane\u013ca centr\u0101 tika par\u0101d\u012bta sarkanas kr\u0101sas piecstaru zvaigzne ar dzelten\u012bgu griezumu.<\/p>\n<p style=\"text-align: justify\"><span itemprop=\"image\" itemscope itemtype=\"https:\/\/schema.org\/ImageObject\"><img itemprop=\"url image\" loading=\"lazy\" decoding=\"async\" class=\"alignnone size-full wp-image-4272\" src=\"\/wp-content\/uploads\/2021\/01\/flag-of-slovenia_8.png\" width=\"500\" height=\"250\" alt=\"Slov\u0113nijas karogs-8\" \/><meta itemprop=\"width\" content=\"500\"><meta itemprop=\"height\" content=\"250\"><\/span><\/p>\n<p style=\"text-align: justify\">1990. gada decembr\u012b. T\u0101 tika pasludin\u0101ta par Slov\u0113nijas Republikas neatkar\u012bbu un valsts l\u012bdz ar Dienvidsl\u0101vijas sabrukumu k\u013cuva par atsevi\u0161\u0137u valsti. Sarkan\u0101 zvaigzne no pane\u013ca tika no\u0146emta un vi\u0146as viet\u0101 tika pasniegts \u0123erbonis. N\u0101kam\u0101 gada j\u016bnij\u0101 tika apstiprin\u0101ts jauna veida karogs.<\/p>\n<h2 style=\"text-align: justify\">Apraksts<\/h2>\n<p style=\"text-align: justify\">Republikas karogs ir att\u0113lots ar taisnst\u016bra formas uzgrie\u017e\u0146u atsl\u0113gu, kura malas attiecas viena pret otru k\u0101 1 pret 2. Valsts simbols ir att\u0113lots ar 3 horizont\u0101l\u0101m vienot\u0101m sv\u012btr\u0101m:<\/p>\n<ol style=\"text-align: justify\">\n<li>Balts &#8211; aug\u0161da\u013ca;<\/li>\n<li>Zils &#8211; vid\u016b;<\/li>\n<li>Sarkans &#8211; apak\u0161\u0101.<\/li>\n<\/ol>\n<p style=\"text-align: justify\">Karoga aug\u0161\u0113j\u0101 mal\u0101 (tuv\u0101k kokam) att\u0113lots valsts \u0123erbonis, kas ir vairogs ar \u0161auru sarkanu apmali. Nespecializ\u0113ts vairoga fons &#8211; Lazaro.<\/p>\n<p style=\"text-align: justify\"><span itemprop=\"image\" itemscope itemtype=\"https:\/\/schema.org\/ImageObject\"><img itemprop=\"url image\" loading=\"lazy\" decoding=\"async\" class=\"alignnone size-full wp-image-4273\" src=\"\/wp-content\/uploads\/2021\/01\/flag-of-slovenia_9.png\" alt=\"Slov\u0113nijas karogs-9\" width=\"348\" height=\"450\" \/><meta itemprop=\"width\" content=\"348\"><meta itemprop=\"height\" content=\"450\"><\/span><\/p>\n<p style=\"text-align: justify\">Tuv\u0101k vairoga pamatnei ir novilktas divas vi\u013c\u0146otas sv\u012btras, kas sadala nespecializ\u0113tu baltu fig\u016bru div\u0101s da\u013c\u0101s. To aug\u0161da\u013ca simboliz\u0113 Triglava kalnu. Vi\u013c\u0146otas joslas nor\u0101da uz Adrijas j\u016bru un citiem valsts \u016bdens resursiem (up\u0113m). Vairoga augst\u0101kaj\u0101 da\u013c\u0101 virs kalna redzamas tr\u012bs zelta kr\u0101sas se\u0161staru zvaigznes, kas izvietotas tr\u012bsst\u016br\u012b l\u012bdz\u012bgi gr\u0101fu \u0123erbonim.<\/p>\n<p style=\"text-align: justify\"><span itemprop=\"image\" itemscope itemtype=\"https:\/\/schema.org\/ImageObject\"><img itemprop=\"url image\" loading=\"lazy\" decoding=\"async\" class=\"alignnone size-full wp-image-4274\" src=\"\/wp-content\/uploads\/2021\/01\/flag-of-slovenia_10.png\" alt=\"Slov\u0113nijas karogs-10\" width=\"270\" height=\"285\" \/><meta itemprop=\"width\" content=\"270\"><meta itemprop=\"height\" content=\"285\"><\/span><\/p>\n<p style=\"text-align: justify\">Trilu un vi\u013c\u0146oto l\u012bniju att\u0113ls bija ar\u012b uz Dienvidsl\u0101vijas sast\u0101v\u0101 eso\u0161\u0101s Slov\u0113nijas Soci\u0101listisk\u0101s Republikas \u0123erbo\u0146a. At\u0161\u0137ir\u012bb\u0101 no m\u016bsdienu republikas embl\u0113mas, t\u0101s ier\u0101m\u0113jumu veica kvie\u0161u un liepu lapu v\u0101rpas, kas izkl\u0101tas ar sarkanu lenti.<\/p>\n<p style=\"text-align: justify\"><span itemprop=\"image\" itemscope itemtype=\"https:\/\/schema.org\/ImageObject\"><img itemprop=\"url image\" loading=\"lazy\" decoding=\"async\" class=\"alignnone size-full wp-image-4275\" src=\"\/wp-content\/uploads\/2021\/01\/flag-of-slovenia_11.png\" width=\"489\" height=\"500\" alt=\"Slov\u0113nijas karogs-11\" \/><meta itemprop=\"width\" content=\"489\"><meta itemprop=\"height\" content=\"500\"><\/span><\/p>\n<h2 style=\"text-align: justify\">Slov\u0113nijas karoga kr\u0101sas<\/h2>\n<p style=\"text-align: justify\">Galven\u0101 republikas karoga kr\u0101sa ir:<\/p>\n<ol>\n<li style=\"text-align: justify\">Balts;<\/li>\n<li style=\"text-align: justify\">Zils;<\/li>\n<li style=\"text-align: justify\">sarkans.<\/li>\n<\/ol>\n<p style=\"text-align: justify\">Papildus tiem, zvaig\u017e\u0146u att\u0113lam, uzkl\u0101ts un dzeltens.<\/p>\n<h2 style=\"text-align: justify\">Noz\u012bm\u0113 kr\u0101sas un karoga z\u012bme<\/h2>\n<p style=\"text-align: justify\">Tr\u012bskr\u0101su Slov\u0113nijas Plistener nor\u0101da uz sl\u0101vu valstu karogu skaitu, izmantojot izcilas kalpu kr\u0101sas, kuriem ir \u0161\u0101ds apz\u012bm\u0113jums:<\/p>\n<ol style=\"text-align: justify\">\n<li>Balts &#8211; mui\u017eniec\u012bba,<\/li>\n<li>Zils &#8211; br\u012bv\u012bba,<\/li>\n<li>Sarkans &#8211; izliju\u0161as asinis.<\/li>\n<\/ol>\n<blockquote>\n<p style=\"text-align: justify\">Zvaigznes uz \u0123erbo\u0146a ir Slov\u0113nijas neatkar\u012bbas simbols, kas aizs\u0101k\u0101s XV gadsimt\u0101 Slov\u0113nijas k\u0146azistes ar m\u0113r\u0137i (stingrs).<\/p>\n<\/blockquote>\n<p style=\"text-align: justify\">Papildus zvaig\u017e\u0146u interpret\u0101cijai tiek izmantots un 2., kas simboliz\u0113 tr\u012bs galvenos datumus Slov\u0113nijas v\u0113stur\u0113:<\/p>\n<ol style=\"text-align: justify\">\n<li>Valsts atbr\u012bvo\u0161ana no Austroung\u0101rijas valdes 1918. gad\u0101,<\/li>\n<li>Atbr\u012bvo\u0161an\u0101s no V\u0101cijas un It\u0101lijas okup\u0101cijas 1945. gad\u0101,<\/li>\n<li>Valsts neatkar\u012bbas pasludin\u0101\u0161ana divdesmit\u0101 gadsimta 90. gadu pirmaj\u0101 pus\u0113.<\/li>\n<\/ol>\n<h2 style=\"text-align: justify\">Citi karogi<\/h2>\n<p style=\"text-align: justify\">Republik\u0101 tiek apstiprin\u0101tas vald\u012bbas pieder\u012bbas paz\u012bmes, citas instit\u016bcijas un pils\u0113tb\u016bvniec\u012bbas strukt\u016bras. \u0160ie ir karogi:<\/p>\n<ul style=\"text-align: justify\">\n<li>Valsts prezidents;<\/li>\n<\/ul>\n<p style=\"text-align: justify\"><span itemprop=\"image\" itemscope itemtype=\"https:\/\/schema.org\/ImageObject\"><img itemprop=\"url image\" loading=\"lazy\" decoding=\"async\" class=\"alignnone size-full wp-image-4276\" src=\"\/wp-content\/uploads\/2021\/01\/flag-of-slovenia_12.png\" width=\"500\" height=\"500\" alt=\"Slov\u0113nijas karogs-12\" \/><meta itemprop=\"width\" content=\"500\"><meta itemprop=\"height\" content=\"500\"><\/span><\/p>\n<ul style=\"text-align: justify\">\n<li>Valsts asamblejas priek\u0161s\u0113d\u0113t\u0101js;<\/li>\n<\/ul>\n<p style=\"text-align: justify\"><span itemprop=\"image\" itemscope itemtype=\"https:\/\/schema.org\/ImageObject\"><img itemprop=\"url image\" loading=\"lazy\" decoding=\"async\" class=\"alignnone size-full wp-image-4277\" src=\"\/wp-content\/uploads\/2021\/01\/flag-of-slovenia_13.png\" width=\"500\" height=\"500\" alt=\"Slov\u0113nijas karogs-13\" \/><meta itemprop=\"width\" content=\"500\"><meta itemprop=\"height\" content=\"500\"><\/span><\/p>\n<ul style=\"text-align: justify\">\n<li>Pirmizr\u0101de;<\/li>\n<\/ul>\n<p style=\"text-align: justify\"><span itemprop=\"image\" itemscope itemtype=\"https:\/\/schema.org\/ImageObject\"><img itemprop=\"url image\" loading=\"lazy\" decoding=\"async\" class=\"alignnone size-full wp-image-4278\" src=\"\/wp-content\/uploads\/2021\/01\/flag-of-slovenia_14.png\" width=\"500\" height=\"500\" alt=\"Slov\u0113nijas karogs-14\" \/><meta itemprop=\"width\" content=\"500\"><meta itemprop=\"height\" content=\"500\"><\/span><\/p>\n<ul style=\"text-align: justify\">\n<li>Aizsardz\u012bbas ministrs;<\/li>\n<\/ul>\n<p style=\"text-align: justify\"><span itemprop=\"image\" itemscope itemtype=\"https:\/\/schema.org\/ImageObject\"><img itemprop=\"url image\" loading=\"lazy\" decoding=\"async\" class=\"alignnone size-full wp-image-4279\" src=\"\/wp-content\/uploads\/2021\/01\/flag-of-slovenia_15.png\" width=\"500\" height=\"500\" alt=\"Slov\u0113nijas karogs-15\" \/><meta itemprop=\"width\" content=\"500\"><meta itemprop=\"height\" content=\"500\"><\/span><\/p>\n<ul style=\"text-align: justify\">\n<li>\u0122ener\u0101l\u0161t\u0101ba priek\u0161nieks;<\/li>\n<\/ul>\n<p style=\"text-align: justify\"><span itemprop=\"image\" itemscope itemtype=\"https:\/\/schema.org\/ImageObject\"><img itemprop=\"url image\" loading=\"lazy\" decoding=\"async\" class=\"alignnone size-full wp-image-4280\" src=\"\/wp-content\/uploads\/2021\/01\/flag-of-slovenia_16.png\" width=\"500\" height=\"500\" alt=\"Slov\u0113nijas karogs-16\" \/><meta itemprop=\"width\" content=\"500\"><meta itemprop=\"height\" content=\"500\"><\/span><\/p>\n<ul style=\"text-align: justify\">\n<li>J\u016bras;<\/li>\n<\/ul>\n<p style=\"text-align: justify\"><span itemprop=\"image\" itemscope itemtype=\"https:\/\/schema.org\/ImageObject\"><img itemprop=\"url image\" loading=\"lazy\" decoding=\"async\" class=\"alignnone size-full wp-image-4281\" src=\"\/wp-content\/uploads\/2021\/01\/flag-of-slovenia_17.png\" width=\"500\" height=\"250\" alt=\"Slov\u0113nijas karogs-17\" \/><meta itemprop=\"width\" content=\"500\"><meta itemprop=\"height\" content=\"250\"><\/span><\/p>\n<ul style=\"text-align: justify\">\n<li>Civic, kas b\u016bt\u012bb\u0101 ir valsts simbols, bet ar proporcij\u0101m 2 pret 3.<\/li>\n<\/ul>\n<p style=\"text-align: justify\"><span itemprop=\"image\" itemscope itemtype=\"https:\/\/schema.org\/ImageObject\"><img itemprop=\"url image\" loading=\"lazy\" decoding=\"async\" class=\"alignnone size-full wp-image-4282\" src=\"\/wp-content\/uploads\/2021\/01\/flag-of-slovenia_18.png\" width=\"500\" height=\"333\" alt=\"Slov\u0113nijas karogs-18\" \/><meta itemprop=\"width\" content=\"500\"><meta itemprop=\"height\" content=\"333\"><\/span><\/p>\n<h2 style=\"text-align: justify\">L\u012bdz\u012bgi karogi<\/h2>\n<p style=\"text-align: justify\">Slov\u0113nijas karoga kr\u0101su tonis tiek izmantots vair\u0101ku valstu izk\u0101rtn\u0113s, bet 100 procenti vien\u0101di atk\u0101rtojas uz RF\u00a0un Slov\u0101kijas pane\u013ciem, ar vien\u012bgo at\u0161\u0137ir\u012bbu, ka pirmaj\u0101 neskaita, tas att\u0113lo vi\u0146a valsts \u0123erboni, bet otraj\u0101. \u0123erbonis Nr.<\/p>\n<p style=\"text-align: justify\"><span itemprop=\"image\" itemscope itemtype=\"https:\/\/schema.org\/ImageObject\"><img itemprop=\"url image\" loading=\"lazy\" decoding=\"async\" class=\"alignnone size-full wp-image-4283\" src=\"\/wp-content\/uploads\/2021\/01\/flag-of-slovenia_19.png\" width=\"500\" height=\"333\" alt=\"Slov\u0113nijas karogs-19\" \/><meta itemprop=\"width\" content=\"500\"><meta itemprop=\"height\" content=\"333\"><\/span> <span itemprop=\"image\" itemscope itemtype=\"https:\/\/schema.org\/ImageObject\"><img itemprop=\"url image\" loading=\"lazy\" decoding=\"async\" class=\"alignnone size-full wp-image-4284\" src=\"\/wp-content\/uploads\/2021\/01\/flag-of-slovenia_20.png\" width=\"500\" height=\"333\" alt=\"Slov\u0113nijas karogs-20\" \/><meta itemprop=\"width\" content=\"500\"><meta itemprop=\"height\" content=\"333\"><\/span><\/p>\n<h2 style=\"text-align: justify\">Interesanti fakti par karogu<\/h2>\n<p style=\"text-align: justify\">Fakts, ka nespecializ\u0113ts valsts z\u012bmes skats praktiski atk\u0101rto Slov\u0101kijas un RF z\u012bmes, k\u013cuva par mot\u012bvu atsevi\u0161\u0137iem karoga dizaina nomai\u0146as atbalst\u012bt\u0101jiem, ne\u0146emot v\u0113r\u0101 to, ka l\u012bdz ar kr\u0101su paletes saglab\u0101\u0161anu. \u0160\u0101ds uz\u0146\u0113mums darbojas pus 10 gadus vecs, bet, 1. prezent\u0101cija \u0161aj\u0101 gad\u012bjum\u0101 nav. Starp pied\u0101v\u0101taj\u0101m iesp\u0113j\u0101m ir \u0161\u0101di pied\u0101v\u0101jumi:<\/p>\n<p style=\"text-align: justify\"><span itemprop=\"image\" itemscope itemtype=\"https:\/\/schema.org\/ImageObject\"><img itemprop=\"url image\" loading=\"lazy\" decoding=\"async\" class=\"alignnone size-full wp-image-4285\" src=\"\/wp-content\/uploads\/2021\/01\/flag-of-slovenia_21.png\" width=\"500\" height=\"250\" alt=\"Slov\u0113nijas karogs-21\" \/><meta itemprop=\"width\" content=\"500\"><meta itemprop=\"height\" content=\"250\"><\/span> <span itemprop=\"image\" itemscope itemtype=\"https:\/\/schema.org\/ImageObject\"><img itemprop=\"url image\" loading=\"lazy\" decoding=\"async\" class=\"alignnone size-full wp-image-4286\" src=\"\/wp-content\/uploads\/2021\/01\/flag-of-slovenia_22.png\" width=\"500\" height=\"250\" alt=\"Slov\u0113nijas karogs-22\" \/><meta itemprop=\"width\" content=\"500\"><meta itemprop=\"height\" content=\"250\"><\/span>\u00a0<span itemprop=\"image\" itemscope itemtype=\"https:\/\/schema.org\/ImageObject\"><img itemprop=\"url image\" loading=\"lazy\" decoding=\"async\" class=\"alignnone size-full wp-image-4287\" src=\"\/wp-content\/uploads\/2021\/01\/flag-of-slovenia_23.png\" width=\"500\" height=\"250\" alt=\"Slov\u0113nijas karogs-23\" \/><meta itemprop=\"width\" content=\"500\"><meta itemprop=\"height\" content=\"250\"><\/span><\/p>\n<p style=\"text-align: justify\"><span itemprop=\"image\" itemscope itemtype=\"https:\/\/schema.org\/ImageObject\"><img itemprop=\"url image\" loading=\"lazy\" decoding=\"async\" class=\"alignnone size-full wp-image-4288\" src=\"\/wp-content\/uploads\/2021\/01\/flag-of-slovenia_24.png\" width=\"500\" height=\"249\" alt=\"Slov\u0113nijas karogs-24\" \/><meta itemprop=\"width\" content=\"500\"><meta itemprop=\"height\" content=\"249\"><\/span> <span itemprop=\"image\" itemscope itemtype=\"https:\/\/schema.org\/ImageObject\"><img itemprop=\"url image\" loading=\"lazy\" decoding=\"async\" class=\"alignnone size-full wp-image-4289\" src=\"\/wp-content\/uploads\/2021\/01\/flag-of-slovenia_25.png\" width=\"500\" height=\"250\" alt=\"Slov\u0113nijas karogs-25\" \/><meta itemprop=\"width\" content=\"500\"><meta itemprop=\"height\" content=\"250\"><\/span><\/p>\n<h2 style=\"text-align: justify\">Nespecializ\u0113ta inform\u0101cija par Slov\u0113niju<\/h2>\n<table>\n<tbody>\n<tr style=\"text-align: justify\">\n<td>Ofici\u0101l\u0101 valoda<\/td>\n<td>Slov\u0113\u0146u (ofici\u0101l\u0101), valsts minorit\u0101\u0161u kompakt\u0101s dz\u012bvesviet\u0101s ir ar\u012b it\u0101\u013cu un ung\u0101ru valoda<\/td>\n<\/tr>\n<tr style=\"text-align: justify\">\n<td>Kapit\u0101ls<\/td>\n<td>\u013bub\u013cana<\/td>\n<\/tr>\n<tr style=\"text-align: justify\">\n<td>Teritorija<\/td>\n<td>20 273 km2<\/td>\n<\/tr>\n<tr style=\"text-align: justify\">\n<td>Popul\u0101cija<\/td>\n<td>2 066 880 cilv\u0113ki<\/td>\n<\/tr>\n<tr style=\"text-align: justify\">\n<td>Val\u016bta<\/td>\n<td>eiro (EUR)<\/td>\n<\/tr>\n<tr>\n<td style=\"text-align: justify\">Telefona kods<\/td>\n<td style=\"text-align: justify\">+386<\/td>\n<\/tr>\n<\/tbody>\n<\/table>\n","protected":false},"excerpt":{"rendered":"<p>Slov\u0113nijas Republika (Slov\u0113nija) Dienvideiropas vald\u012bb\u0101, kur\u0101 ir 2 iedz\u012bvot\u0101ji.1 miljons. Reljefs un cilv\u0113ks vien\u0101ds ar 20.2 t\u016bksto\u0161i.kv.km. Viena no atkal izveidotaj\u0101m valst\u012bm, kas k\u013cuva par Dienvidsl\u0101vijas sabrukuma rezult\u0101tu&#8230;<\/p>\n","protected":false},"author":1,"featured_media":5950,"comment_status":"open","ping_status":"open","sticky":false,"template":"","format":"standard","meta":{"footnotes":""},"categories":[3],"tags":[],"class_list":["post-1651","post","type-post","status-publish","format-standard","has-post-thumbnail","","category-eiropas-karogi"],"aioseo_notices":[],"_links":{"self":[{"href":"https:\/\/flags-world.com\/lv\/wp-json\/wp\/v2\/posts\/1651","targetHints":{"allow":["GET"]}}],"collection":[{"href":"https:\/\/flags-world.com\/lv\/wp-json\/wp\/v2\/posts"}],"about":[{"href":"https:\/\/flags-world.com\/lv\/wp-json\/wp\/v2\/types\/post"}],"author":[{"embeddable":true,"href":"https:\/\/flags-world.com\/lv\/wp-json\/wp\/v2\/users\/1"}],"replies":[{"embeddable":true,"href":"https:\/\/flags-world.com\/lv\/wp-json\/wp\/v2\/comments?post=1651"}],"version-history":[{"count":0,"href":"https:\/\/flags-world.com\/lv\/wp-json\/wp\/v2\/posts\/1651\/revisions"}],"wp:featuredmedia":[{"embeddable":true,"href":"https:\/\/flags-world.com\/lv\/wp-json\/wp\/v2\/media\/5950"}],"wp:attachment":[{"href":"https:\/\/flags-world.com\/lv\/wp-json\/wp\/v2\/media?parent=1651"}],"wp:term":[{"taxonomy":"category","embeddable":true,"href":"https:\/\/flags-world.com\/lv\/wp-json\/wp\/v2\/categories?post=1651"},{"taxonomy":"post_tag","embeddable":true,"href":"https:\/\/flags-world.com\/lv\/wp-json\/wp\/v2\/tags?post=1651"}],"curies":[{"name":"wp","href":"https:\/\/api.w.org\/{rel}","templated":true}]}}