{"id":1650,"date":"2021-01-04T17:18:18","date_gmt":"2021-01-04T14:18:18","guid":{"rendered":"https:\/\/flags-world.com\/lv\/2021\/01\/04\/slovkijas-karogs-nozme-un-krsas\/"},"modified":"2021-01-04T17:18:18","modified_gmt":"2021-01-04T14:18:18","slug":"slovkijas-karogs-nozme-un-krsas","status":"publish","type":"post","link":"https:\/\/flags-world.com\/lv\/slovkijas-karogs-nozme-un-krsas\/","title":{"rendered":"Slov\u0101kijas karogs: noz\u012bme un kr\u0101sas"},"content":{"rendered":"<p style=\"text-align: justify\">Slov\u0101kijas Republika (Slov\u0101kija) &#8211; vald\u012bba Centr\u0101leirop\u0101, kuras reljefs ir 49 t\u016bkst.kv.km un iedz\u012bvot\u0101ju skaits ir 5.5 miljoni. cilv\u0113kiem. Visas savas v\u0113stures laik\u0101 t\u0101s teritorija bija da\u013ca no daudz\u0101m lielvalst\u012bm vai valst\u012bm. P\u0113d\u0113j\u0101s desmitgades bija da\u013ca no \u010cehoslov\u0101kijas un tikai XX gadsimta 90. gadu pirmaj\u0101 pus\u0113 k\u013cuva par atsevi\u0161\u0137u valsti.<\/p>\n<p style=\"text-align: justify\">T\u0101tad m\u016bsdienu Slov\u0101kijas karogs izskat\u0101s:<\/p>\n<p style=\"text-align: justify\"><span itemprop=\"image\" itemscope itemtype=\"https:\/\/schema.org\/ImageObject\"><img itemprop=\"url image\" loading=\"lazy\" decoding=\"async\" class=\"alignnone size-full wp-image-4119\" src=\"\/wp-content\/uploads\/2021\/01\/flag-of-slovakia_1.png\" width=\"500\" height=\"333\" alt=\"Slov\u0101kijas karogs-1\" \/><meta itemprop=\"width\" content=\"500\"><meta itemprop=\"height\" content=\"333\"><\/span><\/p>\n<h2 style=\"text-align: justify\">Slov\u0101kijas v\u0113stures karogs<\/h2>\n<p style=\"text-align: justify\">Uz vienu no pirmaj\u0101m eso\u0161aj\u0101m slov\u0101ku z\u012bm\u0113m var atsaukties uz inform\u0101ciju par Nitras Firstisti (970 g.) un slov\u0101ku zemnieku Smodjas un Matusa \u010caka br\u012bvie \u012bpa\u0161umi (XIV gs. 1. ceturksnis). Kopum\u0101 Slov\u0101kijas teritorija, s\u0101kot ar otro t\u016bksto\u0161gadi. NS. Pirmk\u0101rt, t\u0101 bija da\u013ca no Ung\u0101rijas karalistes, bet beig\u0101s &#8211; Austrijas-Ung\u0101rijas rezidence.<\/p>\n<blockquote>\n<p style=\"text-align: justify\">Ung\u0101rijas Bella III slov\u0101ku kara\u013ca vald\u012b\u0161anas laik\u0101 karogs tika izmantots balta dubult\u0101 krusta form\u0101 uz sarkana lauka.<\/p>\n<\/blockquote>\n<p style=\"text-align: justify\">Saska\u0146\u0101 ar IX\u00a0gadsimta v\u0113sturisko inform\u0101ciju \u0161is krusta veids tika izmantots Bizantij\u0101\u00a0Un nosaukts par Patriarh\u0101lo krustu. Tas pats krusts ir att\u0113lots uz m\u016bsdienu valsts z\u012bmes.<\/p>\n<p style=\"text-align: justify\"><span itemprop=\"image\" itemscope itemtype=\"https:\/\/schema.org\/ImageObject\"><img itemprop=\"url image\" loading=\"lazy\" decoding=\"async\" class=\"alignnone size-full wp-image-4120\" src=\"\/wp-content\/uploads\/2021\/01\/flag-of-slovakia_2.png\" alt=\"Slov\u0101kijas karogs-2\" width=\"213\" height=\"297\" \/><meta itemprop=\"width\" content=\"213\"><meta itemprop=\"height\" content=\"297\"><\/span><\/p>\n<p style=\"text-align: justify\">Kara\u013ca Bela IV vald\u012b\u0161anas laik\u0101 un n\u0101kamajos gadsimtos l\u012bdz IX gadsimtam Slov\u0101kijas karogam bija sarkana un balta auduma forma.<\/p>\n<p style=\"text-align: justify\"><span itemprop=\"image\" itemscope itemtype=\"https:\/\/schema.org\/ImageObject\"><img itemprop=\"url image\" loading=\"lazy\" decoding=\"async\" class=\"alignnone size-full wp-image-4121\" src=\"\/wp-content\/uploads\/2021\/01\/flag-of-slovakia_3.png\" alt=\"Slov\u0101kijas karogs-3\" width=\"240\" height=\"162\" \/><meta itemprop=\"width\" content=\"240\"><meta itemprop=\"height\" content=\"162\"><\/span><\/p>\n<p style=\"text-align: justify\">Revolucion\u0101ro notikumu laik\u0101, 1848.-1849. Slov\u0101ki iebilda pret Ung\u0101riju. Krievijas armijai, kuru Nikolajs I nos\u016bt\u012bja, pal\u012bdz\u0113ja nemiernieki. Pirmk\u0101rt, partiz\u0101ni izmantoja sarkanbaltsarkano karogu. Vi\u0146u starp\u0101 notiku\u0161\u0101 beig\u0101s tika pievienota zila sv\u012btra, piem\u0113ram, horv\u0101tu un krievu simboli. Uz katras joslas tika uzrakst\u012bts viens uzraksts:<\/p>\n<ol style=\"text-align: justify\">\n<li>Br\u0101l\u012bba un piekri\u0161ana;<\/li>\n<li>Karalim un Slov\u0101kijas civiliz\u0101cijai;<\/li>\n<li>Slava visiem slov\u0101kiem!<\/li>\n<\/ol>\n<p style=\"text-align: justify\"><span itemprop=\"image\" itemscope itemtype=\"https:\/\/schema.org\/ImageObject\"><img itemprop=\"url image\" loading=\"lazy\" decoding=\"async\" class=\"alignnone size-full wp-image-4122\" src=\"\/wp-content\/uploads\/2021\/01\/flag-of-slovakia_4.png\" width=\"500\" height=\"333\" alt=\"Slov\u0101kijas karogs-4\" \/><meta itemprop=\"width\" content=\"500\"><meta itemprop=\"height\" content=\"333\"><\/span><\/p>\n<p style=\"text-align: justify\">1918. gad\u0101. Tika izveidota \u010cehoslov\u0101kija, pie kuras z\u012bmes palika \u010cehijas Karalistes balti sarkanais audums.<\/p>\n<p style=\"text-align: justify\"><span itemprop=\"image\" itemscope itemtype=\"https:\/\/schema.org\/ImageObject\"><img itemprop=\"url image\" loading=\"lazy\" decoding=\"async\" class=\"alignnone size-full wp-image-4123\" src=\"\/wp-content\/uploads\/2021\/01\/flag-of-slovakia_5.png\" width=\"500\" height=\"333\" alt=\"Slov\u0101kijas karogs-5\" \/><meta itemprop=\"width\" content=\"500\"><meta itemprop=\"height\" content=\"333\"><\/span><\/p>\n<p style=\"text-align: justify\">P\u0113c diskusiju rezult\u0101tiem 1920.g. Karogam tika pievienots zils tr\u012bsst\u016bris, kas att\u0113lots no ciema, kas personific\u0113ja Slov\u0101kiju, jo t\u0101s embl\u0113m\u0101 ir att\u0113lots zilais kalns. T\u0101tad tika izveidots \u010cehoslov\u0101kijas karogs, kas tiek pat\u0113r\u0113ts un m\u016bsdienu \u010cehijas Republika.<\/p>\n<p style=\"text-align: justify\"><span itemprop=\"image\" itemscope itemtype=\"https:\/\/schema.org\/ImageObject\"><img itemprop=\"url image\" loading=\"lazy\" decoding=\"async\" class=\"alignnone size-full wp-image-4124\" src=\"\/wp-content\/uploads\/2021\/01\/flag-of-slovakia_6.png\" width=\"500\" height=\"333\" alt=\"Slov\u0101kijas karogs-6\" \/><meta itemprop=\"width\" content=\"500\"><meta itemprop=\"height\" content=\"333\"><\/span><\/p>\n<p style=\"text-align: justify\">1919.\u00a0gad\u0101 Slov\u0101kijas Padomju Republika tika izveidota ar rekl\u0101mkaroga opciju, ta\u010du st\u0101sts tika izlaists tikai 22\u00a0dienu garum\u0101 (no 16.\u00a0j\u016bnija l\u012bdz 7.\u00a0j\u016blijam).<\/p>\n<p style=\"text-align: justify\"><span itemprop=\"image\" itemscope itemtype=\"https:\/\/schema.org\/ImageObject\"><img itemprop=\"url image\" loading=\"lazy\" decoding=\"async\" class=\"alignnone size-full wp-image-4125\" src=\"\/wp-content\/uploads\/2021\/01\/flag-of-slovakia_7.png\" width=\"500\" height=\"333\" alt=\"Slov\u0101kijas karogs-7\" \/><meta itemprop=\"width\" content=\"500\"><meta itemprop=\"height\" content=\"333\"><\/span><\/p>\n<p style=\"text-align: justify\">\u010cehoslov\u0101kijas kri\u0161ana 1939. izmantoja slov\u0101ki, kas sadarb\u012bb\u0101 ar V\u0101ciju izveidoja Slov\u0101kijas Republiku, kas past\u0101v\u0113ja l\u012bdz kara beig\u0101m. \u0160obr\u012bd t\u0101 z\u012bme bija balti zili sarkans audums. 1945. gada beig\u0101s. \u010cehoslov\u0101kija tika atjaunota, un t\u0101s pag\u0101tnes simbols tika apstiprin\u0101ts.<\/p>\n<p style=\"text-align: justify\"><span itemprop=\"image\" itemscope itemtype=\"https:\/\/schema.org\/ImageObject\"><img itemprop=\"url image\" loading=\"lazy\" decoding=\"async\" class=\"alignnone size-full wp-image-4126\" src=\"\/wp-content\/uploads\/2021\/01\/flag-of-slovakia_8.png\" width=\"500\" height=\"333\" alt=\"Slov\u0101kijas karogs-8\" \/><meta itemprop=\"width\" content=\"500\"><meta itemprop=\"height\" content=\"333\"><\/span><\/p>\n<p style=\"text-align: justify\">1990. gada &quot;samta revol\u016bcijas&quot; beig\u0101s slov\u0101ki atgriez\u0101s pie 1939.-1945. Bet k\u0101 at\u0161\u0137ir\u012bga iez\u012bme no otr\u0101s l\u012bdz\u012bg\u0101s simbolikas tika pievienots valsts \u0123erbonis. Atbilde uz to tika pie\u0146emta 1992. gada septembr\u012b.<\/p>\n<p style=\"text-align: justify\">S\u0101kotn\u0113j\u0101 karoga variant\u0101 \u0123erbo\u0146a izvietojums bija centr\u0113ts un horizont\u0101li, to neskaitot, bet 20.gadsimta 9. pirmaj\u0101 pus\u0113 likum\u0101 tika veiktas transform\u0101cijas, ar kur\u0101m saska\u0146ojot \u0123erboni. rokas tika par\u0101d\u012btas no centra virzien\u0101 uz.<\/p>\n<h2 style=\"text-align: justify\">Apraksts<\/h2>\n<p style=\"text-align: justify\">Ofici\u0101lajam republikas simbolam ir taisnst\u016bra pane\u013ca forma ar malu proporcij\u0101m, kas vien\u0101das ar 2 l\u012bdz 3. Tas ir sadal\u012bts tr\u012bs horizont\u0101los daudzkr\u0101sainos vienkr\u0101sainos sektoros. To izvietojuma sec\u012bba izskat\u0101s \u0161\u0101di:<\/p>\n<ol style=\"text-align: justify\">\n<li>No aug\u0161as &#8211; balts;<\/li>\n<li>Centr\u0101 &#8211; zils;<\/li>\n<li>Apak\u0161\u0101 &#8211; sarkans.<\/li>\n<\/ol>\n<p style=\"text-align: justify\">Uz audekla att\u0113lotais Slov\u0101kijas \u0123erbonis centr\u0113ts vertik\u0101li un horizont\u0101li novirz\u012bts uz k\u0101tu 1\/3 karoga garuma.<\/p>\n<h2 style=\"text-align: justify\">Slov\u0101kijas karoga kr\u0101sas<\/h2>\n<p style=\"text-align: justify\">Republikas valsts simbolam ir tr\u012bs kr\u0101sas:<\/p>\n<ol>\n<li style=\"text-align: justify\">Balts;<\/li>\n<li style=\"text-align: justify\">Zils;<\/li>\n<li style=\"text-align: justify\">sarkans.<\/li>\n<\/ol>\n<h2 style=\"text-align: justify\">Noz\u012bm\u0113 kr\u0101sas Slov\u0101kijas karogs<\/h2>\n<p style=\"text-align: justify\">Slov\u0101kijas ofici\u0101laj\u0101 z\u012bm\u0113 izmantotajai kr\u0101sai ir \u0161\u0101da interpret\u0101cija:<\/p>\n<ol style=\"text-align: justify\">\n<li>Balts &#8211; mui\u017eniec\u012bba,<\/li>\n<li>Zils &#8211; br\u012bv\u012bba,<\/li>\n<li>Sarkans &#8211; izliju\u0161as asinis.<\/li>\n<\/ol>\n<p style=\"text-align: justify\">Tr\u012bs pumpuri, kas att\u0113loti uz \u0123erbo\u0146a, par\u0101da to nosaukumu &#8211; Tat\u0101ri, Fatwa un Maters. Kalnu simbolika slov\u0101kiem ir t\u0101da, ka vi\u0146i no seniem laikiem pal\u012bdz\u0113ja un patv\u0113r\u0101s no ienaidniekiem un pasarg\u0101ja no sliktiem laikapst\u0101k\u013ciem. Vi\u0146u t\u0113li vaj\u0101 le\u0123end\u0101s un le\u0123end\u0101s. Vi\u0146i neuzskata, ka tas ir pagodin\u0101ts himnas pantos.<\/p>\n<blockquote>\n<p style=\"text-align: justify\">Izmantoto kr\u0101su b\u016bt\u012bba ir ietverta sl\u0101vu tautu harmonij\u0101 un neatkar\u012bb\u0101.<\/p>\n<\/blockquote>\n<h2 style=\"text-align: justify\">Citi karogi<\/h2>\n<p style=\"text-align: justify\">Starp Slov\u0101kijas valsts strukt\u016br\u0101m un instit\u016bcij\u0101m ar to simboliku var izdal\u012bt:<\/p>\n<ul style=\"text-align: justify\">\n<li>Prezidenta standarts;<\/li>\n<\/ul>\n<p style=\"text-align: justify\"><span itemprop=\"image\" itemscope itemtype=\"https:\/\/schema.org\/ImageObject\"><img itemprop=\"url image\" loading=\"lazy\" decoding=\"async\" class=\"alignnone size-full wp-image-4127\" src=\"\/wp-content\/uploads\/2021\/01\/flag-of-slovakia_9.png\" alt=\"Slov\u0101kijas karogs-9\" width=\"500\" height=\"500\" \/><meta itemprop=\"width\" content=\"500\"><meta itemprop=\"height\" content=\"500\"><\/span><\/p>\n<ul style=\"text-align: justify\">\n<li>Aizsardz\u012bbas ministrija;<\/li>\n<\/ul>\n<p style=\"text-align: justify\"><span itemprop=\"image\" itemscope itemtype=\"https:\/\/schema.org\/ImageObject\"><img itemprop=\"url image\" loading=\"lazy\" decoding=\"async\" class=\"alignnone size-full wp-image-4128\" src=\"\/wp-content\/uploads\/2021\/01\/flag-of-slovakia_1.jpg\" width=\"500\" height=\"411\" alt=\"Slov\u0101kijas karogs-10\" \/><meta itemprop=\"width\" content=\"500\"><meta itemprop=\"height\" content=\"411\"><\/span><\/p>\n<ul style=\"text-align: justify\">\n<li>Milit\u0101r\u0101 iest\u0101de;<\/li>\n<\/ul>\n<p style=\"text-align: justify\"><span itemprop=\"image\" itemscope itemtype=\"https:\/\/schema.org\/ImageObject\"><img itemprop=\"url image\" loading=\"lazy\" decoding=\"async\" class=\"alignnone size-full wp-image-4129\" src=\"\/wp-content\/uploads\/2021\/01\/flag-of-slovakia_10.png\" alt=\"Slov\u0101kijas karogs-11\" width=\"259\" height=\"330\" \/><meta itemprop=\"width\" content=\"259\"><meta itemprop=\"height\" content=\"330\"><\/span><\/p>\n<ul style=\"text-align: justify\">\n<li>Gaisa sp\u0113ki.<\/li>\n<\/ul>\n<p style=\"text-align: justify\"><span itemprop=\"image\" itemscope itemtype=\"https:\/\/schema.org\/ImageObject\"><img itemprop=\"url image\" loading=\"lazy\" decoding=\"async\" class=\"alignnone size-full wp-image-4130\" src=\"\/wp-content\/uploads\/2021\/01\/flag-of-slovakia_2.jpg\" width=\"494\" height=\"500\" alt=\"Slov\u0101kijas karogs-12\" \/><meta itemprop=\"width\" content=\"494\"><meta itemprop=\"height\" content=\"500\"><\/span><\/p>\n<p style=\"text-align: justify\">1939.\u20131945. gad\u0101 prezidenta vajadz\u012bbas izskat\u012bj\u0101s sav\u0101d\u0101k<\/p>\n<p style=\"text-align: justify\"><span itemprop=\"image\" itemscope itemtype=\"https:\/\/schema.org\/ImageObject\"><img itemprop=\"url image\" loading=\"lazy\" decoding=\"async\" class=\"alignnone size-full wp-image-4131\" src=\"\/wp-content\/uploads\/2021\/01\/flag-of-slovakia_11.png\" width=\"500\" height=\"497\" alt=\"Slov\u0101kijas karogs-13\" \/><meta itemprop=\"width\" content=\"500\"><meta itemprop=\"height\" content=\"497\"><\/span><\/p>\n<h2 style=\"text-align: justify\">L\u012bdz\u012bgi karogi<\/h2>\n<p style=\"text-align: justify\">Valsts karog\u0101 izmantot\u0101s kr\u0101sas izmanto daudzi \u0161tati, ta\u010du t\u0101d\u0101 sec\u012bb\u0101, k\u0101d\u0101 t\u0101s ir \u0161aj\u0101 gad\u012bjum\u0101, ir tikai divi karogi:<\/p>\n<ul style=\"text-align: justify\">\n<li>Krievijas karogs:<\/li>\n<\/ul>\n<p style=\"text-align: justify\"><span itemprop=\"image\" itemscope itemtype=\"https:\/\/schema.org\/ImageObject\"><img itemprop=\"url image\" loading=\"lazy\" decoding=\"async\" class=\"alignnone size-full wp-image-4132\" src=\"\/wp-content\/uploads\/2021\/01\/flag-of-slovakia_12.png\" width=\"500\" height=\"334\" alt=\"Slov\u0101kijas karogs-14\" \/><meta itemprop=\"width\" content=\"500\"><meta itemprop=\"height\" content=\"334\"><\/span><\/p>\n<ul style=\"text-align: justify\">\n<li>Slov\u0113nijas karogs:<\/li>\n<\/ul>\n<p style=\"text-align: justify\"><span itemprop=\"image\" itemscope itemtype=\"https:\/\/schema.org\/ImageObject\"><img itemprop=\"url image\" loading=\"lazy\" decoding=\"async\" class=\"alignnone size-full wp-image-4133\" src=\"\/wp-content\/uploads\/2021\/01\/flag-of-slovakia_13.png\" width=\"500\" height=\"250\" alt=\"Slov\u0101kijas karogs-15\" \/><meta itemprop=\"width\" content=\"500\"><meta itemprop=\"height\" content=\"250\"><\/span><\/p>\n<h2 style=\"text-align: justify\">Interesanti fakti par karogu<\/h2>\n<p style=\"text-align: justify\">KP karoga \u0123erbonis ir l\u012bdz\u012bgs Ung\u0101rijas karogam, ta\u010du tam ir da\u017eas at\u0161\u0137ir\u012bbas. Tr\u012bs Buggras (kalni), uz kur\u0101m virs\u016b se\u0161st\u016bra formas krusts tiks atmests k\u0101 v\u0113stures un notikumu atg\u0101din\u0101jums, taj\u0101 laik\u0101, taj\u0101 laik\u0101, taj\u0101 laik\u0101, kam\u0113r Slov\u0101kija bija Ung\u0101rijas neat\u0146emama sast\u0101vda\u013ca, Kuri tie pa\u0161i kalni ir att\u0113loti za\u013c\u0101 kr\u0101s\u0101. Pirmo reizi Slov\u0101kijas valsts izveides beig\u0101s (1992.) Ung\u0101ri m\u0113\u0123in\u0101ja apstr\u012bd\u0113t iesp\u0113ju ar pakalniem Slov\u0101kijas z\u012bm\u0113s, jo viens kalns atrad\u0101s Ung\u0101rijas teritorij\u0101, bet v\u0113l\u0101k non\u0101ca civiliz\u0113t\u0101 piekri\u0161an\u0101.<\/p>\n<h2 style=\"text-align: justify\">Nespecializ\u0113ta inform\u0101cija par Slov\u0101kiju<\/h2>\n<table>\n<tbody>\n<tr>\n<td>Ofici\u0101l\u0101 valoda<\/td>\n<td>slov\u0101ku<\/td>\n<\/tr>\n<tr>\n<td>Kapit\u0101ls<\/td>\n<td>Bratislava<\/td>\n<\/tr>\n<tr>\n<td>Teritorija<\/td>\n<td>49 034 km2<\/td>\n<\/tr>\n<tr>\n<td>Popul\u0101cija<\/td>\n<td>5\u00a0455\u00a0030 cilv\u0113ki<\/td>\n<\/tr>\n<tr>\n<td>Val\u016bta<\/td>\n<td>eiro (EUR)<\/td>\n<\/tr>\n<tr>\n<td>Telefona kods<\/td>\n<td>+421<\/td>\n<\/tr>\n<\/tbody>\n<\/table>\n","protected":false},"excerpt":{"rendered":"<p>Slov\u0101kijas Republika (Slov\u0101kija) &#8211; vald\u012bba Centr\u0101leirop\u0101, kuras reljefs ir 49 t\u016bkst.kv.km un iedz\u012bvot\u0101ju skaits ir 5.5 miljoni. cilv\u0113kiem. Visas savas v\u0113stures laik\u0101 t\u0101s teritorija bija da\u013ca no daudz\u0101m&#8230;<\/p>\n","protected":false},"author":1,"featured_media":5949,"comment_status":"open","ping_status":"open","sticky":false,"template":"","format":"standard","meta":{"footnotes":""},"categories":[3],"tags":[],"class_list":["post-1650","post","type-post","status-publish","format-standard","has-post-thumbnail","","category-eiropas-karogi"],"aioseo_notices":[],"_links":{"self":[{"href":"https:\/\/flags-world.com\/lv\/wp-json\/wp\/v2\/posts\/1650","targetHints":{"allow":["GET"]}}],"collection":[{"href":"https:\/\/flags-world.com\/lv\/wp-json\/wp\/v2\/posts"}],"about":[{"href":"https:\/\/flags-world.com\/lv\/wp-json\/wp\/v2\/types\/post"}],"author":[{"embeddable":true,"href":"https:\/\/flags-world.com\/lv\/wp-json\/wp\/v2\/users\/1"}],"replies":[{"embeddable":true,"href":"https:\/\/flags-world.com\/lv\/wp-json\/wp\/v2\/comments?post=1650"}],"version-history":[{"count":0,"href":"https:\/\/flags-world.com\/lv\/wp-json\/wp\/v2\/posts\/1650\/revisions"}],"wp:featuredmedia":[{"embeddable":true,"href":"https:\/\/flags-world.com\/lv\/wp-json\/wp\/v2\/media\/5949"}],"wp:attachment":[{"href":"https:\/\/flags-world.com\/lv\/wp-json\/wp\/v2\/media?parent=1650"}],"wp:term":[{"taxonomy":"category","embeddable":true,"href":"https:\/\/flags-world.com\/lv\/wp-json\/wp\/v2\/categories?post=1650"},{"taxonomy":"post_tag","embeddable":true,"href":"https:\/\/flags-world.com\/lv\/wp-json\/wp\/v2\/tags?post=1650"}],"curies":[{"name":"wp","href":"https:\/\/api.w.org\/{rel}","templated":true}]}}