{"id":1649,"date":"2021-01-04T17:18:18","date_gmt":"2021-01-04T14:18:18","guid":{"rendered":"https:\/\/flags-world.com\/lv\/2021\/01\/04\/srijas-karogs-nozme-un-krsas\/"},"modified":"2021-01-04T17:18:18","modified_gmt":"2021-01-04T14:18:18","slug":"srijas-karogs-nozme-un-krsas","status":"publish","type":"post","link":"https:\/\/flags-world.com\/lv\/srijas-karogs-nozme-un-krsas\/","title":{"rendered":"S\u012brijas karogs: noz\u012bme un kr\u0101sas"},"content":{"rendered":"<p style=\"text-align: justify\">S\u012brijas Ar\u0101bu Republika (S\u012brija) &#8211; vald\u012bba Tuvajos Austrumos. Viet\u0113j\u0101s civiliz\u0101cijas v\u0113stur\u0113 ir p\u0101ris 1000., jubilejas. Valsts galvaspils\u0113ta Damaska \u200b\u200bir viena no pasaules v\u0113n\u0101m. Tam nepiev\u0113r\u0161ot uzman\u012bbu, S\u012brijas valstiskums tiek apr\u0113\u0137in\u0101ts tikai da\u017eas desmitgades. T\u0101s apvidus plat\u012bba ir 185.2 t\u016bksto\u0161i. kv. km., Un iedz\u012bvot\u0101ju skaits ir 18.8 miljoni. cilv\u0113ks.<\/p>\n<p style=\"text-align: justify\">T\u0101tad m\u016bsdienu S\u012brijas karogs izskat\u0101s:<\/p>\n<p style=\"text-align: justify\"><span itemprop=\"image\" itemscope itemtype=\"https:\/\/schema.org\/ImageObject\"><img itemprop=\"url image\" loading=\"lazy\" decoding=\"async\" class=\"alignnone size-full wp-image-4094\" src=\"\/wp-content\/uploads\/2021\/01\/flag-syria_1.png\" width=\"500\" height=\"333\" alt=\"S\u012brijas karogs-1\" \/><meta itemprop=\"width\" content=\"500\"><meta itemprop=\"height\" content=\"333\"><\/span><\/p>\n<h2 style=\"text-align: justify\">V\u0113stures karogs\u00a0S\u012brija<\/h2>\n<p style=\"text-align: justify\">M\u016bsdienu S\u012brijas teritorija da\u017e\u0101dos v\u0113stures periodos pieder\u0113ja da\u017e\u0101d\u0101m taut\u0101m un valst\u012bm &#8211; no Romas imp\u0113rijas l\u012bdz ar\u0101bu kalif\u0101tam. No 1517 g. S\u012brija 400 gadus palika Turcijas sast\u0101v\u0101.<\/p>\n<p style=\"text-align: justify\"><span itemprop=\"image\" itemscope itemtype=\"https:\/\/schema.org\/ImageObject\"><img itemprop=\"url image\" loading=\"lazy\" decoding=\"async\" class=\"alignnone size-full wp-image-4095\" src=\"\/wp-content\/uploads\/2021\/01\/flag-syria_2.png\" width=\"500\" height=\"333\" alt=\"S\u012brijas karogs-2\" \/><meta itemprop=\"width\" content=\"500\"><meta itemprop=\"height\" content=\"333\"><\/span><\/p>\n<p style=\"text-align: justify\">P\u0113c sak\u0101ves pirmaj\u0101 pasaul\u0113 un Osma\u0146u imp\u0113rijas sabrukuma 1920. gad\u0101. gad\u0101 tika izveidota S\u012brijas ar\u0101bu karaliste. Neskatoties uz to, ka t\u0101 past\u0101v\u0113ja tikai 139 dienas (8\/03-24\/07), bet t\u0101 ietekme uz ar\u0101bu pasauli ir j\u016btama un tagad. P\u0113c tam karaliste izveidoja savu simboliku, datub\u0101zei izmantojot ar\u0101bu sacel\u0161an\u0101s z\u012bmi ar at\u0161\u0137ir\u012bbu, ka sarkan\u0101 tr\u012bsst\u016bra centr\u0101 bija septi\u0146u punktu zvaigzne.<\/p>\n<p style=\"text-align: justify\"><span itemprop=\"image\" itemscope itemtype=\"https:\/\/schema.org\/ImageObject\"><img itemprop=\"url image\" loading=\"lazy\" decoding=\"async\" class=\"alignnone size-full wp-image-4096\" src=\"\/wp-content\/uploads\/2021\/01\/flag-syria_3.png\" width=\"500\" height=\"333\" alt=\"S\u012brijas karogs-3\" \/><meta itemprop=\"width\" content=\"500\"><meta itemprop=\"height\" content=\"333\"><\/span> <span itemprop=\"image\" itemscope itemtype=\"https:\/\/schema.org\/ImageObject\"><img itemprop=\"url image\" loading=\"lazy\" decoding=\"async\" class=\"alignnone size-full wp-image-4097\" src=\"\/wp-content\/uploads\/2021\/01\/flag-syria_4.png\" width=\"500\" height=\"250\" alt=\"S\u012brijas karogs-4\" \/><meta itemprop=\"width\" content=\"500\"><meta itemprop=\"height\" content=\"250\"><\/span><\/p>\n<p style=\"text-align: justify\">starp citu! Nepiev\u0113r\u0161ot uzman\u012bbu, ne visai daudz monarhijas past\u0101v\u0113\u0161anas tika rad\u012bta, ne\u0146emot v\u0113r\u0101 \u0161o karalisko standartu.<\/p>\n<p style=\"text-align: justify\"><span itemprop=\"image\" itemscope itemtype=\"https:\/\/schema.org\/ImageObject\"><img itemprop=\"url image\" loading=\"lazy\" decoding=\"async\" class=\"alignnone size-full wp-image-4098\" src=\"\/wp-content\/uploads\/2021\/01\/flag-syria_5.png\" width=\"500\" height=\"250\" alt=\"S\u012brijas karogs-5\" \/><meta itemprop=\"width\" content=\"500\"><meta itemprop=\"height\" content=\"250\"><\/span><\/p>\n<p style=\"text-align: justify\">S\u012brijas karalistes kri\u0161ana s\u0101k\u0101s p\u0113c Anglijas un Francijas l\u012bguma parakst\u012b\u0161anas Sanremo (25. apr\u012bl\u012b), kur\u0101 Francijai tika pie\u0161\u0137irtas pilnvaras S\u012brijai un Lib\u0101nai. \u0160\u0101ds statuss \u0146\u0113ma un t\u0101 simboliku.<\/p>\n<p style=\"text-align: justify\"><span itemprop=\"image\" itemscope itemtype=\"https:\/\/schema.org\/ImageObject\"><img itemprop=\"url image\" loading=\"lazy\" decoding=\"async\" class=\"alignnone size-full wp-image-4099\" src=\"\/wp-content\/uploads\/2021\/01\/flag-syria_6.png\" width=\"500\" height=\"333\" alt=\"S\u012brijas karogs-6\" \/><meta itemprop=\"width\" content=\"500\"><meta itemprop=\"height\" content=\"333\"><\/span><\/p>\n<p style=\"text-align: justify\">Paral\u0113li S\u012brijas reljef\u0101 tika izveidotas valstis (\u0161tati): Damaska, Alepo, Alavitova, D\u017eabal Al-Friends, Liel\u0101 Lib\u0101na un Hataja (Turcijas re\u0123ions). Nespecializ\u0113t\u0101 z\u012bme visiem bija S\u012brijas valstu alianses karogs.<\/p>\n<p style=\"text-align: justify\"><span itemprop=\"image\" itemscope itemtype=\"https:\/\/schema.org\/ImageObject\"><img itemprop=\"url image\" loading=\"lazy\" decoding=\"async\" class=\"alignnone size-full wp-image-4100\" src=\"\/wp-content\/uploads\/2021\/01\/flag-syria_7.png\" width=\"500\" height=\"333\" alt=\"S\u012brijas karogs-7\" \/><meta itemprop=\"width\" content=\"500\"><meta itemprop=\"height\" content=\"333\"><\/span><\/p>\n<p style=\"text-align: justify\">1930. gad\u0101. Tika izveidota S\u012brijas Republika un ievietota valsts konstit\u016bcija, kur\u0101 t\u0101 tika piemin\u0113ta un par jauno karogu. 1932. gad\u0101. S\u012brija ieguva da\u013c\u0113ju neatkar\u012bbu no Francijas un k\u013cuva par republiku. Tr\u012bs sarkanas zvaigznes uz auduma noz\u012bm\u0113ja t\u0101s sast\u0101v\u0101 iek\u013caut\u0101s provinces: Alepo, Damasku un Dairu Ez-Zauru. 1936. gad\u0101. Uz S\u012briju p\u0101rc\u0113l\u0101s v\u0113l divas provinces: D\u017eabal Al-Friends un Latvija. \u0160is karoga variants tika izmantots ar\u012b piln\u012bgas neatkar\u012bbas ieg\u016b\u0161anas beig\u0101s 1946. gad\u0101.<\/p>\n<p style=\"text-align: justify\"><span itemprop=\"image\" itemscope itemtype=\"https:\/\/schema.org\/ImageObject\"><img itemprop=\"url image\" loading=\"lazy\" decoding=\"async\" class=\"alignnone size-full wp-image-4101\" src=\"\/wp-content\/uploads\/2021\/01\/flag-syria_8.png\" width=\"500\" height=\"250\" alt=\"S\u012brijas karogs-8\" \/><meta itemprop=\"width\" content=\"500\"><meta itemprop=\"height\" content=\"250\"><\/span><\/p>\n<p style=\"text-align: justify\">1958. gads. iez\u012bm\u0113jas ar jaun\u0101k\u0101s valsts izveidi &#8211; Apvienoto Ar\u0101bu Republiku S\u012brij\u0101 un saskaras ar \u0112\u0123ipti. Lai nodro\u0161in\u0101tu, ka aliansi izveidoja 2. simbols &#8211; sarkans-melns-melns audums ar 2 za\u013c\u0101m zvaigzn\u0113m uz baltas sv\u012btras. 1961. gad\u0101. S\u012brija izk\u0101pa no aira un atgrieza pag\u0101tnes simbolu ar 3 zvaigzn\u0113m.<\/p>\n<p style=\"text-align: justify\"><span itemprop=\"image\" itemscope itemtype=\"https:\/\/schema.org\/ImageObject\"><img itemprop=\"url image\" loading=\"lazy\" decoding=\"async\" class=\"alignnone size-full wp-image-4102\" src=\"\/wp-content\/uploads\/2021\/01\/flag-syria_9.png\" width=\"500\" height=\"333\" alt=\"S\u012brijas karogs-9\" \/><meta itemprop=\"width\" content=\"500\"><meta itemprop=\"height\" content=\"333\"><\/span><\/p>\n<p style=\"text-align: justify\">L\u012bdz ar Baas partijas (ar\u0101bu soci\u0101listisk\u0101s atjauno\u0161anas) n\u0101k\u0161anu pie varas valsts karogs main\u012bj\u0101s &#8211; za\u013c\u0101 josla nomain\u012bj\u0101s uz sarkanu. Tr\u012bs za\u013cas zvaigznes \u0161aj\u0101 gad\u012bjum\u0101 noz\u012bm\u0113 &quot;Vienot\u012bba, br\u012bv\u012bba, soci\u0101lisms&quot;.<\/p>\n<p style=\"text-align: justify\"><span itemprop=\"image\" itemscope itemtype=\"https:\/\/schema.org\/ImageObject\"><img itemprop=\"url image\" loading=\"lazy\" decoding=\"async\" class=\"alignnone size-full wp-image-4103\" src=\"\/wp-content\/uploads\/2021\/01\/flag-syria_10.png\" width=\"500\" height=\"250\" alt=\"S\u012brijas karogs-10\" \/><meta itemprop=\"width\" content=\"500\"><meta itemprop=\"height\" content=\"250\"><\/span><\/p>\n<p style=\"text-align: justify\">J\u016bsu zin\u0101\u0161anai! Taj\u0101 pa\u0161\u0101 gad\u0101 Ir\u0101k\u0101 pie varas n\u0101ca Baas partija, un Ir\u0101kas karogs, neskaitot to, pie\u0146\u0113ma sarkano un balti melno kr\u0101su. Zvaig\u017e\u0146u viet\u0101 za\u013c\u0101 kr\u0101s\u0101 bija rakst\u012bts sauklis &quot;Visaugst\u0101kais&quot;.<\/p>\n<p style=\"text-align: justify\"><span itemprop=\"image\" itemscope itemtype=\"https:\/\/schema.org\/ImageObject\"><img itemprop=\"url image\" loading=\"lazy\" decoding=\"async\" class=\"alignnone size-full wp-image-4104\" src=\"\/wp-content\/uploads\/2021\/01\/flag-syria_11.png\" width=\"500\" height=\"333\" alt=\"S\u012brijas karogs-11\" \/><meta itemprop=\"width\" content=\"500\"><meta itemprop=\"height\" content=\"333\"><\/span><\/p>\n<p style=\"text-align: justify\">No 1972. l\u012bdz 1977. gadam. Tr\u012bs ar\u0101bu valstis &#8211; S\u012brija, \u0112\u0123ipte, L\u012bbija Ceturt\u0101s kr\u0101sas audums ar \u0113rgli centr\u0101 tika apvienots k\u0101 da\u013ca no Ar\u0101bu republiku feder\u0101cijas un z\u012bmes. Feder\u0101cijas sabruk\u0161anas beig\u0101s \u0161\u012b \u0112\u0123iptes karoga versija atgriez\u0101s, un S\u012brija atdeva sev piem\u0113ru 1958.<\/p>\n<p style=\"text-align: justify\"><span itemprop=\"image\" itemscope itemtype=\"https:\/\/schema.org\/ImageObject\"><img itemprop=\"url image\" loading=\"lazy\" decoding=\"async\" class=\"alignnone size-full wp-image-4105\" src=\"\/wp-content\/uploads\/2021\/01\/flag-syria_12.png\" width=\"500\" height=\"333\" alt=\"S\u012brijas karogs-12\" \/><meta itemprop=\"width\" content=\"500\"><meta itemprop=\"height\" content=\"333\"><\/span><\/p>\n<p style=\"text-align: justify\">K\u0101 valsts parks \u0161\u012b iesp\u0113ja tika piln\u012bb\u0101 pie\u0146emta 1980.\u00a0gada mart\u0101.<\/p>\n<h2 style=\"text-align: justify\">Apraksts<\/h2>\n<p style=\"text-align: justify\">Kr\u0101su to\u0146i SAR z\u012bme tradicion\u0101la ar\u0101bu valstu simboliem. Taisnst\u016brveida audums ir sadal\u012bts tr\u012bs horizont\u0101los vien\u0101dos sektoros: sarkan\u0101 sv\u012btra, balta un melna. To izvieto\u0161anas sec\u012bba no aug\u0161as uz leju.<\/p>\n<p style=\"text-align: justify\">Balts lauks centr\u0101 att\u0113loja divas simetriski izvietotas za\u013cas piecstaru zvaigznes. Att\u0101lums starp tiem ir 1\/3 no karoga garuma. Karoga malu proporcijas atbilst pa\u0161ai sev, piem\u0113ram, 2 pret 3.<\/p>\n<h2 style=\"text-align: justify\">Kr\u0101su karogs\u00a0S\u012brij\u0101<\/h2>\n<p style=\"text-align: justify\">SAR karogu att\u0113lo \u010detras kr\u0101sas: sarkana, balta, melna un za\u013ca.<\/p>\n<h2 style=\"text-align: justify\">Noz\u012bm\u0113, ka kr\u0101sas apz\u012bm\u0113 S\u012brijas karogu<\/h2>\n<p style=\"text-align: justify\">Republikas simbolikas kr\u0101su to\u0146i simboliz\u0113 \u0123imeni, atkl\u0101jot valsti visas v\u0113stures gait\u0101.<\/p>\n<ol style=\"text-align: justify\">\n<li>Sarkans \u2014 haricots: isl\u0101ma grup\u0113jums 7. gadsimt\u0101. \u0160\u012b kr\u0101sa tiek apz\u012bm\u0113ta, ne\u0146emot v\u0113r\u0101 \u0161o ha\u0161i\u0161u.<\/li>\n<li>Balt\u0101 &#8211; MNIT P\u013cavu \u0123imene, kas izmantoja t\u0101du toni k\u0101 s\u0113ras. \u0122imenes past\u0101v\u0113\u0161anas laiks, 661.-750.<\/li>\n<li>Melns &#8211; simboliz\u0113 pravieti Muhamedu un Abas\u012bdu Khalifu (8.-12.gs.).<\/li>\n<li>Za\u013c\u0161 &#8211; MNIT kalif\u0101ta fatim\u012bdi, un simboliz\u0113 isl\u0101ma reli\u0123iju.<\/li>\n<\/ol>\n<p style=\"text-align: justify\">SAR z\u012bmes kr\u0101sas un 2. interpret\u0101cija:<\/p>\n<ol style=\"text-align: justify\">\n<li>Sarkans &#8211; neatkar\u012bbas un br\u012bv\u012bbas c\u012b\u0146u gait\u0101 izlietas asinis;<\/li>\n<li>Balts &#8211; pasaule;<\/li>\n<li>Melns \u2014 koloni\u0101l\u0101 pag\u0101tne, SAR;<\/li>\n<li>Zvaigznes ir Siri un \u0112\u0123iptes tautas, kas iek\u013cautas Air\u0101.<\/li>\n<\/ol>\n<h2 style=\"text-align: justify\">L\u012bdz\u012bgi karogi<\/h2>\n<p style=\"text-align: justify\">Neskaitot \u0112\u0123iptes un Ir\u0101kas karogus Pie S\u012brijas simbola, neskaitot \u0161\u012bs Sud\u0101nas un Jemenas z\u012bmes.<\/p>\n<p style=\"text-align: justify\"><span itemprop=\"image\" itemscope itemtype=\"https:\/\/schema.org\/ImageObject\"><img itemprop=\"url image\" loading=\"lazy\" decoding=\"async\" class=\"alignnone size-full wp-image-4106\" src=\"\/wp-content\/uploads\/2021\/01\/flag-syria_13.png\" width=\"500\" height=\"250\" alt=\"S\u012brijas karogs-13\" \/><meta itemprop=\"width\" content=\"500\"><meta itemprop=\"height\" content=\"250\"><\/span><\/p>\n<ul>\n<li style=\"text-align: justify\">T\u0101pat k\u0101 kr\u0101sojam\u0101s joslas, bet apgriezt\u0101 sec\u012bb\u0101 bija ar\u012b pie v\u0101cu z\u012bmes (2. Reihs) no 1867.-1919.<\/li>\n<\/ul>\n<p style=\"text-align: justify\"><span itemprop=\"image\" itemscope itemtype=\"https:\/\/schema.org\/ImageObject\"><img itemprop=\"url image\" loading=\"lazy\" decoding=\"async\" class=\"alignnone size-full wp-image-4107\" src=\"\/wp-content\/uploads\/2021\/01\/flag-syria_14.png\" width=\"500\" height=\"333\" alt=\"S\u012brijas karogs-14\" \/><meta itemprop=\"width\" content=\"500\"><meta itemprop=\"height\" content=\"333\"><\/span><\/p>\n<h2 style=\"text-align: justify\">Citi karogi<\/h2>\n<p style=\"text-align: justify\">Starp otro valsts strukt\u016bru simboliem ir j\u0101uzsver:<\/p>\n<ul style=\"text-align: justify\">\n<li>Standarta prezidents SAR;<\/li>\n<\/ul>\n<p style=\"text-align: justify\"><span itemprop=\"image\" itemscope itemtype=\"https:\/\/schema.org\/ImageObject\"><img itemprop=\"url image\" loading=\"lazy\" decoding=\"async\" class=\"alignnone size-full wp-image-4108\" src=\"\/wp-content\/uploads\/2021\/01\/flag-syria_15.png\" width=\"500\" height=\"500\" alt=\"S\u012brijas karogs-15\" \/><meta itemprop=\"width\" content=\"500\"><meta itemprop=\"height\" content=\"500\"><\/span><\/p>\n<ul style=\"text-align: justify\">\n<li>Bru\u0146otie sp\u0113ki SAR;<\/li>\n<\/ul>\n<p style=\"text-align: justify\"><span itemprop=\"image\" itemscope itemtype=\"https:\/\/schema.org\/ImageObject\"><img itemprop=\"url image\" loading=\"lazy\" decoding=\"async\" class=\"alignnone size-full wp-image-4109\" src=\"\/wp-content\/uploads\/2021\/01\/flag-syria_16.png\" width=\"500\" height=\"333\" alt=\"S\u012brijas karogs-16\" \/><meta itemprop=\"width\" content=\"500\"><meta itemprop=\"height\" content=\"333\"><\/span><\/p>\n<ul style=\"text-align: justify\">\n<li>S\u012brijas ar\u0101bu armija;<\/li>\n<\/ul>\n<p style=\"text-align: justify\"><span itemprop=\"image\" itemscope itemtype=\"https:\/\/schema.org\/ImageObject\"><img itemprop=\"url image\" loading=\"lazy\" decoding=\"async\" class=\"alignnone size-full wp-image-4110\" src=\"\/wp-content\/uploads\/2021\/01\/flag-syria_17.png\" width=\"500\" height=\"321\" alt=\"S\u012brijas karogs-17\" \/><meta itemprop=\"width\" content=\"500\"><meta itemprop=\"height\" content=\"321\"><\/span><\/p>\n<ul style=\"text-align: justify\">\n<li>Flote;<\/li>\n<\/ul>\n<p style=\"text-align: justify\"><span itemprop=\"image\" itemscope itemtype=\"https:\/\/schema.org\/ImageObject\"><img itemprop=\"url image\" loading=\"lazy\" decoding=\"async\" class=\"alignnone size-full wp-image-4111\" src=\"\/wp-content\/uploads\/2021\/01\/flag-syria_18.png\" width=\"500\" height=\"321\" alt=\"S\u012brijas karogs-18\" \/><meta itemprop=\"width\" content=\"500\"><meta itemprop=\"height\" content=\"321\"><\/span><\/p>\n<ul style=\"text-align: justify\">\n<li>Gaisa sp\u0113ki.<\/li>\n<\/ul>\n<p style=\"text-align: justify\"><span itemprop=\"image\" itemscope itemtype=\"https:\/\/schema.org\/ImageObject\"><img itemprop=\"url image\" loading=\"lazy\" decoding=\"async\" class=\"alignnone size-full wp-image-4112\" src=\"\/wp-content\/uploads\/2021\/01\/flag-syria_19.png\" width=\"500\" height=\"417\" alt=\"S\u012brijas karogs-19\" \/><meta itemprop=\"width\" content=\"500\"><meta itemprop=\"height\" content=\"417\"><\/span><\/p>\n<h2 style=\"text-align: justify\">Interesanti fakti par karogu<\/h2>\n<p style=\"text-align: justify\">L\u012bdz ar pilso\u0146u kara s\u0101kumu (2011.), pret\u0113j\u0101s puses atrodas zem sav\u0101m z\u012bm\u0113m. Starp vi\u0146iem:<\/p>\n<ul style=\"text-align: justify\">\n<li>S\u012brijas pagaidu vald\u012bba,<\/li>\n<\/ul>\n<p style=\"text-align: justify\"><span itemprop=\"image\" itemscope itemtype=\"https:\/\/schema.org\/ImageObject\"><img itemprop=\"url image\" loading=\"lazy\" decoding=\"async\" class=\"alignnone size-full wp-image-4113\" src=\"\/wp-content\/uploads\/2021\/01\/flag-syria_20.png\" width=\"500\" height=\"333\" alt=\"S\u012brijas karogs-20\" \/><meta itemprop=\"width\" content=\"500\"><meta itemprop=\"height\" content=\"333\"><\/span><\/p>\n<ul style=\"text-align: justify\">\n<li>Pest\u012b\u0161anas vald\u012bba,<\/li>\n<\/ul>\n<p style=\"text-align: justify\"><span itemprop=\"image\" itemscope itemtype=\"https:\/\/schema.org\/ImageObject\"><img itemprop=\"url image\" loading=\"lazy\" decoding=\"async\" class=\"alignnone size-full wp-image-4114\" src=\"\/wp-content\/uploads\/2021\/01\/flag-syria_21.png\" width=\"500\" height=\"333\" alt=\"S\u012brijas karogs-21\" \/><meta itemprop=\"width\" content=\"500\"><meta itemprop=\"height\" content=\"333\"><\/span><\/p>\n<ul style=\"text-align: justify\">\n<li>S\u012brijas turkm\u0113\u0146i,<\/li>\n<\/ul>\n<p style=\"text-align: justify\"><span itemprop=\"image\" itemscope itemtype=\"https:\/\/schema.org\/ImageObject\"><img itemprop=\"url image\" loading=\"lazy\" decoding=\"async\" class=\"alignnone size-full wp-image-4115\" src=\"\/wp-content\/uploads\/2021\/01\/flag-syria_22.png\" width=\"500\" height=\"333\" alt=\"S\u012brijas karogs-22\" \/><meta itemprop=\"width\" content=\"500\"><meta itemprop=\"height\" content=\"333\"><\/span><\/p>\n<ul style=\"text-align: justify\">\n<li>S\u012brijas kurdi.<\/li>\n<\/ul>\n<p style=\"text-align: justify\"><span itemprop=\"image\" itemscope itemtype=\"https:\/\/schema.org\/ImageObject\"><img itemprop=\"url image\" loading=\"lazy\" decoding=\"async\" class=\"alignnone size-full wp-image-4116\" src=\"\/wp-content\/uploads\/2021\/01\/flag-syria_23.png\" width=\"500\" height=\"356\" alt=\"S\u012brijas karogs-23\" \/><meta itemprop=\"width\" content=\"500\"><meta itemprop=\"height\" content=\"356\"><\/span><\/p>\n<h2 style=\"text-align: justify\">Nespecializ\u0113ta inform\u0101cija par S\u012briju<\/h2>\n<table>\n<tbody>\n<tr style=\"text-align: justify\">\n<td>Ofici\u0101l\u0101 valoda<\/td>\n<td>ar\u0101bs<\/td>\n<\/tr>\n<tr style=\"text-align: justify\">\n<td>Kapit\u0101ls<\/td>\n<td>Damaska<\/td>\n<\/tr>\n<tr style=\"text-align: justify\">\n<td>Teritorija<\/td>\n<td>185 180 km2<\/td>\n<\/tr>\n<tr style=\"text-align: justify\">\n<td>Popul\u0101cija<\/td>\n<td>17 070 000 cilv\u0113ku<\/td>\n<\/tr>\n<tr style=\"text-align: justify\">\n<td>Val\u016bta<\/td>\n<td>S\u012brijas m\u0101rci\u0146a (SYP, 760)<\/td>\n<\/tr>\n<tr>\n<td style=\"text-align: justify\">Telefona kods<\/td>\n<td style=\"text-align: justify\">+963<\/td>\n<\/tr>\n<\/tbody>\n<\/table>\n","protected":false},"excerpt":{"rendered":"<p>S\u012brijas Ar\u0101bu Republika (S\u012brija) &#8211; vald\u012bba Tuvajos Austrumos. Viet\u0113j\u0101s civiliz\u0101cijas v\u0113stur\u0113 ir p\u0101ris 1000., jubilejas. Valsts galvaspils\u0113ta Damaska \u200b\u200bir viena no pasaules v\u0113n\u0101m. Tam nepiev\u0113r\u0161ot uzman\u012bbu, S\u012brijas valstiskums&#8230;<\/p>\n","protected":false},"author":1,"featured_media":5946,"comment_status":"open","ping_status":"open","sticky":false,"template":"","format":"standard","meta":{"footnotes":""},"categories":[2],"tags":[],"class_list":["post-1649","post","type-post","status-publish","format-standard","has-post-thumbnail","","category-zijas-karogi"],"aioseo_notices":[],"_links":{"self":[{"href":"https:\/\/flags-world.com\/lv\/wp-json\/wp\/v2\/posts\/1649","targetHints":{"allow":["GET"]}}],"collection":[{"href":"https:\/\/flags-world.com\/lv\/wp-json\/wp\/v2\/posts"}],"about":[{"href":"https:\/\/flags-world.com\/lv\/wp-json\/wp\/v2\/types\/post"}],"author":[{"embeddable":true,"href":"https:\/\/flags-world.com\/lv\/wp-json\/wp\/v2\/users\/1"}],"replies":[{"embeddable":true,"href":"https:\/\/flags-world.com\/lv\/wp-json\/wp\/v2\/comments?post=1649"}],"version-history":[{"count":0,"href":"https:\/\/flags-world.com\/lv\/wp-json\/wp\/v2\/posts\/1649\/revisions"}],"wp:featuredmedia":[{"embeddable":true,"href":"https:\/\/flags-world.com\/lv\/wp-json\/wp\/v2\/media\/5946"}],"wp:attachment":[{"href":"https:\/\/flags-world.com\/lv\/wp-json\/wp\/v2\/media?parent=1649"}],"wp:term":[{"taxonomy":"category","embeddable":true,"href":"https:\/\/flags-world.com\/lv\/wp-json\/wp\/v2\/categories?post=1649"},{"taxonomy":"post_tag","embeddable":true,"href":"https:\/\/flags-world.com\/lv\/wp-json\/wp\/v2\/tags?post=1649"}],"curies":[{"name":"wp","href":"https:\/\/api.w.org\/{rel}","templated":true}]}}