{"id":1647,"date":"2021-01-04T17:18:18","date_gmt":"2021-01-04T14:18:18","guid":{"rendered":"https:\/\/flags-world.com\/lv\/2021\/01\/04\/ziememaedonijas-karogs-foto-un-krsas\/"},"modified":"2021-01-04T17:18:18","modified_gmt":"2021-01-04T14:18:18","slug":"ziememaedonijas-karogs-foto-un-krsas","status":"publish","type":"post","link":"https:\/\/flags-world.com\/lv\/ziememaedonijas-karogs-foto-un-krsas\/","title":{"rendered":"Zieme\u013cma\u0137edonijas karogs: foto un kr\u0101sas"},"content":{"rendered":"<p style=\"text-align: justify\">Zieme\u013cma\u0137edonijas Republika\u00a0\u2014 vald\u012bba, kas atrodas Balk\u0101nu pussal\u0101 Eiropas dienvidaustrumu da\u013c\u0101, ar 25\u00a0valstu teritoriju.3 t\u016bksto\u0161i. km2, un iedz\u012bvot\u0101ju skaits p\u0101rsniedz 2 miljonus. Cilv\u0113ks.<\/p>\n<p style=\"text-align: justify\">T\u0101tad m\u016bsdienu Zieme\u013cma\u0137edonijas karogs izskat\u0101s:<\/p>\n<p style=\"text-align: justify\"><span itemprop=\"image\" itemscope itemtype=\"https:\/\/schema.org\/ImageObject\"><img itemprop=\"url image\" loading=\"lazy\" decoding=\"async\" class=\"alignnone size-full wp-image-4040\" src=\"\/wp-content\/uploads\/2021\/01\/flag-of-north-macedonia_1.png\" width=\"500\" height=\"250\" alt=\"Zieme\u013cma\u0137edonijas karogs-1\" \/><meta itemprop=\"width\" content=\"500\"><meta itemprop=\"height\" content=\"250\"><\/span><\/p>\n<h2 style=\"text-align: justify\">Zieme\u013cma\u0137edonijas v\u0113stures karogs<\/h2>\n<p style=\"text-align: justify\">M\u016bsdienu republikas teritorija ir nedaudz vair\u0101k nek\u0101 viena tre\u0161da\u013ca no Turcijas Ma\u0137edonijas re\u0123ioniem. Da\u017e\u0101dos v\u0113stures periodos \u0161\u012b teritorija pieder\u0113ja da\u017e\u0101d\u0101m valst\u012bm. S\u0101kum\u0101 divdesmitaj\u0101 gadsimt\u0101 (1903 g.) Notika iedz\u012bvot\u0101ju sacel\u0161an\u0101s pret Osma\u0146u IGA un tika izveidota 1. Republika Balk\u0101nos (Krusevo Republika). Neparasti, ka jauns veidojums past\u0101v tikai 10 dienas, bet sp\u0113jis pie\u0146emt person\u012bgo 1 ofici\u0101lo karogu.<\/p>\n<p style=\"text-align: justify\"><span itemprop=\"image\" itemscope itemtype=\"https:\/\/schema.org\/ImageObject\"><img itemprop=\"url image\" loading=\"lazy\" decoding=\"async\" class=\"alignnone size-full wp-image-4042\" src=\"\/wp-content\/uploads\/2021\/01\/flag-of-north-macedonia_2.png\" width=\"500\" height=\"277\" alt=\"Zieme\u013cma\u0137edonijas karogs-2\" \/><meta itemprop=\"width\" content=\"500\"><meta itemprop=\"height\" content=\"277\"><\/span><\/p>\n<p style=\"text-align: justify\">Ma\u0137edonijas Republikas sabrukuma beig\u0101s \u0161\u0137ita, ka t\u0101 bija atkar\u012bga no Osmanas, serbu, horv\u0101tu un slov\u0113\u0146u karalistes. No 1929. l\u012bdz 1941. gadam t\u0101s teritorija bija Dienvidsl\u0101vijas da\u013ca uz provin\u010du ties\u012bb\u0101m un tika nosaukta par Warca Banovina. Par 2. glob\u0101lo t\u0101s viet\u0101 izveidoja Ma\u0137edonijas Br\u012bv\u0101 Republika ar savu simboliku.<\/p>\n<p style=\"text-align: justify\"><span itemprop=\"image\" itemscope itemtype=\"https:\/\/schema.org\/ImageObject\"><img itemprop=\"url image\" loading=\"lazy\" decoding=\"async\" class=\"alignnone size-full wp-image-4043\" src=\"\/wp-content\/uploads\/2021\/01\/flag-of-north-macedonia_3.png\" width=\"500\" height=\"277\" alt=\"Zieme\u013cma\u0137edonijas karogs-3\" \/><meta itemprop=\"width\" content=\"500\"><meta itemprop=\"height\" content=\"277\"><\/span><\/p>\n<p style=\"text-align: justify\">Kara beig\u0101s Dienvidsl\u0101vija tika organiz\u0113ta p\u0113c feder\u0101cijas principa, kur\u0101 Ma\u0137edoniju izveidoja Tautas Republika. T\u0101 laika z\u012bme bija sarkanais karogs ar piecstaru zvaigzni centr\u0101.<\/p>\n<p style=\"text-align: justify\"><span itemprop=\"image\" itemscope itemtype=\"https:\/\/schema.org\/ImageObject\"><img itemprop=\"url image\" loading=\"lazy\" decoding=\"async\" class=\"alignnone size-full wp-image-4044\" src=\"\/wp-content\/uploads\/2021\/01\/flag-of-north-macedonia_4.png\" width=\"500\" height=\"250\" alt=\"Zieme\u013cma\u0137edonijas karogs-4\" \/><meta itemprop=\"width\" content=\"500\"><meta itemprop=\"height\" content=\"250\"><\/span><\/p>\n<p style=\"text-align: justify\">Kop\u0161 1963. gada Tautas Republika ir p\u0101rd\u0113v\u0113ta par soci\u0101listisko, un pa\u0161vald\u012bbas z\u012bme ieguva jaunu izskatu. \u0160aj\u0101 versij\u0101 tas tika izmantots, lai turpin\u0101tu l\u012bdz Dienvidsl\u0101vijas sabrukumam 1991.-1992.<\/p>\n<p style=\"text-align: justify\"><span itemprop=\"image\" itemscope itemtype=\"https:\/\/schema.org\/ImageObject\"><img itemprop=\"url image\" loading=\"lazy\" decoding=\"async\" class=\"alignnone size-full wp-image-4045\" src=\"\/wp-content\/uploads\/2021\/01\/flag-of-north-macedonia_5.png\" width=\"500\" height=\"250\" alt=\"Zieme\u013cma\u0137edonijas karogs-5\" \/><meta itemprop=\"width\" content=\"500\"><meta itemprop=\"height\" content=\"250\"><\/span><\/p>\n<p style=\"text-align: justify\">M\u016bsdienu karogs tika pie\u0146emts 1995. gada oktobr\u012b.<\/p>\n<p style=\"text-align: justify\">Dienvidsl\u0101vijas sabrukuma beig\u0101s, turpm\u0101k l\u012bdz valsts jaun\u0101s z\u012bmes pazi\u0146ojumam tika att\u0113lota &quot;\u0161obr\u012bd zvaigzne&quot;. Sakar\u0101 ar protestiem Grie\u0137ij\u0101, kur atrad\u0101s papla\u0161in\u0101ts kara\u013cu kaps ar l\u012bdz\u012bgu att\u0113lu, Ma\u0137edonija se\u0161padsmit radi\u0101cijas zvaigznes aizst\u0101ja ar asto\u0146\u0101m starojuma zvaigzn\u0113m.<\/p>\n<p style=\"text-align: justify\"><span itemprop=\"image\" itemscope itemtype=\"https:\/\/schema.org\/ImageObject\"><img itemprop=\"url image\" loading=\"lazy\" decoding=\"async\" class=\"alignnone size-full wp-image-4046\" src=\"\/wp-content\/uploads\/2021\/01\/flag-of-north-macedonia_6.png\" width=\"500\" height=\"250\" alt=\"Zieme\u013cma\u0137edonijas karogs-6\" \/><meta itemprop=\"width\" content=\"500\"><meta itemprop=\"height\" content=\"250\"><\/span><\/p>\n<h2 style=\"text-align: justify\">Apraksts<\/h2>\n<p style=\"text-align: justify\">Audumam ir taisnst\u016bra forma ar s\u0101nu proporcij\u0101m no 1 l\u012bdz 2. Uz vi\u0146a sarkan\u0101 lauka tiek uzz\u012bm\u0113ta saule, no kuras asto\u0146i izple\u0161an\u0101s stari n\u0101k uz nespecializ\u0113t\u0101 lauka mal\u0101m.<\/p>\n<h2 style=\"text-align: justify\">Karoga kr\u0101sas<\/h2>\n<p style=\"text-align: justify\">Zieme\u013cma\u0137edonijas Republikas ofici\u0101laj\u0101 z\u012bm\u0113 ir izmantotas tikai divas kr\u0101sas:<\/p>\n<ol>\n<li style=\"text-align: justify\">Sarkans;<\/li>\n<li style=\"text-align: justify\">Dzeltens.<\/li>\n<\/ol>\n<h2 style=\"text-align: justify\">Noz\u012bm\u0113 Zieme\u013cma\u0137edonijas karoga kr\u0101sas<\/h2>\n<p style=\"text-align: justify\">Valsts simbolika personific\u0113 &quot;Jauno br\u012bv\u012bbas sauli&quot;, kas slav\u0113ta Zieme\u013cma\u0137edonijas valsts himn\u0101.<\/p>\n<ol style=\"text-align: justify\">\n<li>Saule ir br\u012bv\u012bba un neatkar\u012bba.<\/li>\n<li>Dzelten\u0101 kr\u0101sa &#8211; bag\u0101t\u012bba un bag\u0101t\u012bba.<\/li>\n<li>Nekaun\u012bgs simbols &#8211; un sarkana drosme.<\/li>\n<\/ol>\n<h2 style=\"text-align: justify\">Citi karogi<\/h2>\n<p style=\"text-align: justify\">1944. gada j\u016bnij\u0101 tika organiz\u0113ta 1. Ma\u0137edonijas triecienbrig\u0101de, kas tika saloc\u012bta no etniskajiem ma\u0137edonie\u0161iem.<\/p>\n<h2 style=\"text-align: justify\">Interesanti fakti par karogu<\/h2>\n<p style=\"text-align: justify\">S\u0101kotn\u0113j\u0101 period\u0101 izmantot\u0101 Virginity Star tika aizst\u0101ta p\u0113c tam, kad Grie\u0137ija Gada laik\u0101 Zieme\u013cma\u0137edonija ir pak\u013cauta ekonomiskajai blok\u0101dei. Un tom\u0113r \u0161\u0101da zvaigzne tiek izmantota uz Ma\u0137edonijas karoga &#8211; grie\u0137u.<\/p>\n<p style=\"text-align: justify\"><span itemprop=\"image\" itemscope itemtype=\"https:\/\/schema.org\/ImageObject\"><img itemprop=\"url image\" loading=\"lazy\" decoding=\"async\" class=\"alignnone size-full wp-image-4047\" src=\"\/wp-content\/uploads\/2021\/01\/flag-of-north-macedonia_7.png\" width=\"500\" height=\"333\" alt=\"Zieme\u013cma\u0137edonijas karogs-7\" \/><meta itemprop=\"width\" content=\"500\"><meta itemprop=\"height\" content=\"333\"><\/span><\/p>\n<h2 style=\"text-align: justify\">Nespecializ\u0113ta inform\u0101cija par Zieme\u013cma\u0137edoniju<\/h2>\n<table>\n<tbody>\n<tr style=\"text-align: justify\">\n<td>Ofici\u0101l\u0101 valoda<\/td>\n<td>ma\u0137edonietis, alb\u0101nis<\/td>\n<\/tr>\n<tr style=\"text-align: justify\">\n<td>Kapit\u0101ls<\/td>\n<td>Skopje<\/td>\n<\/tr>\n<tr style=\"text-align: justify\">\n<td>Teritorija<\/td>\n<td>25 333 km2<\/td>\n<\/tr>\n<tr style=\"text-align: justify\">\n<td>Popul\u0101cija<\/td>\n<td>2 073 702 cilv\u0113ki<\/td>\n<\/tr>\n<tr style=\"text-align: justify\">\n<td>Val\u016bta<\/td>\n<td>Ma\u0137edonijas den\u0101rs<\/td>\n<\/tr>\n<tr>\n<td style=\"text-align: justify\">Telefona kods<\/td>\n<td style=\"text-align: justify\">+389<\/td>\n<\/tr>\n<\/tbody>\n<\/table>\n","protected":false},"excerpt":{"rendered":"<p>Zieme\u013cma\u0137edonijas Republika\u00a0\u2014 vald\u012bba, kas atrodas Balk\u0101nu pussal\u0101 Eiropas dienvidaustrumu da\u013c\u0101, ar 25\u00a0valstu teritoriju.3 t\u016bksto\u0161i. km2, un iedz\u012bvot\u0101ju skaits p\u0101rsniedz 2 miljonus. Cilv\u0113ks. T\u0101tad m\u016bsdienu Zieme\u013cma\u0137edonijas karogs izskat\u0101s: Zieme\u013cma\u0137edonijas&#8230;<\/p>\n","protected":false},"author":1,"featured_media":5976,"comment_status":"open","ping_status":"open","sticky":false,"template":"","format":"standard","meta":{"footnotes":""},"categories":[3],"tags":[],"class_list":["post-1647","post","type-post","status-publish","format-standard","has-post-thumbnail","","category-eiropas-karogi"],"aioseo_notices":[],"_links":{"self":[{"href":"https:\/\/flags-world.com\/lv\/wp-json\/wp\/v2\/posts\/1647","targetHints":{"allow":["GET"]}}],"collection":[{"href":"https:\/\/flags-world.com\/lv\/wp-json\/wp\/v2\/posts"}],"about":[{"href":"https:\/\/flags-world.com\/lv\/wp-json\/wp\/v2\/types\/post"}],"author":[{"embeddable":true,"href":"https:\/\/flags-world.com\/lv\/wp-json\/wp\/v2\/users\/1"}],"replies":[{"embeddable":true,"href":"https:\/\/flags-world.com\/lv\/wp-json\/wp\/v2\/comments?post=1647"}],"version-history":[{"count":0,"href":"https:\/\/flags-world.com\/lv\/wp-json\/wp\/v2\/posts\/1647\/revisions"}],"wp:featuredmedia":[{"embeddable":true,"href":"https:\/\/flags-world.com\/lv\/wp-json\/wp\/v2\/media\/5976"}],"wp:attachment":[{"href":"https:\/\/flags-world.com\/lv\/wp-json\/wp\/v2\/media?parent=1647"}],"wp:term":[{"taxonomy":"category","embeddable":true,"href":"https:\/\/flags-world.com\/lv\/wp-json\/wp\/v2\/categories?post=1647"},{"taxonomy":"post_tag","embeddable":true,"href":"https:\/\/flags-world.com\/lv\/wp-json\/wp\/v2\/tags?post=1647"}],"curies":[{"name":"wp","href":"https:\/\/api.w.org\/{rel}","templated":true}]}}