{"id":1646,"date":"2021-01-04T17:18:18","date_gmt":"2021-01-04T14:18:18","guid":{"rendered":"https:\/\/flags-world.com\/lv\/2021\/01\/04\/ziemerijas-karogi-nozme-un-krsa\/"},"modified":"2021-01-04T17:18:18","modified_gmt":"2021-01-04T14:18:18","slug":"ziemerijas-karogi-nozme-un-krsa","status":"publish","type":"post","link":"https:\/\/flags-world.com\/lv\/ziemerijas-karogi-nozme-un-krsa\/","title":{"rendered":"Zieme\u013c\u012brijas karogi: noz\u012bme un kr\u0101sa"},"content":{"rendered":"<p style=\"text-align: justify\">Zieme\u013c\u012brija ir da\u013ca no Apvienot\u0101s Karalistes, Anglijas un Zieme\u013c\u012brijas. Taj\u0101 ir 6 no 10 v\u0113sturisk\u0101s Ulsteras provinces apgabaliem.<\/p>\n<p style=\"text-align: justify\">T\u0101tad m\u016bsdienu Zieme\u013c\u012brijas karogs izskat\u0101s:<\/p>\n<p style=\"text-align: justify\"><span itemprop=\"image\" itemscope itemtype=\"https:\/\/schema.org\/ImageObject\"><img itemprop=\"url image\" loading=\"lazy\" decoding=\"async\" class=\"alignnone size-full wp-image-4964\" src=\"\/wp-content\/uploads\/2021\/01\/flags-of-northern-ireland_1.jpeg\" width=\"500\" height=\"250\" alt=\"Zieme\u013c\u012brijas karogs\" \/><meta itemprop=\"width\" content=\"500\"><meta itemprop=\"height\" content=\"250\"><\/span><\/p>\n<h2 style=\"text-align: justify\">Zieme\u013c\u012brijas v\u0113stures karogs<\/h2>\n<p style=\"text-align: justify\">Pussalas pirmskristiet\u012bbas period\u0101 apdz\u012bvoja izkais\u012btas ciltis. 5. gadsimt\u0101 sv\u0113tais Patriks izplat\u012bja kristiet\u012bbu. Vi\u0146\u0161 ir sv\u0113ts \u012bru patrons. Ar to saist\u012bts v\u0113sturiskais rekl\u0101mkarogs, kas n\u0113s\u0101 titula karogu Sv. Patriks. Ofici\u0101li vi\u0146u adopt\u0113ja ar Sv. Patriks 80. gados, 18. gs. Karogs ir balts taisnst\u016brveida audums ar skeleta kr\u0101sas krustu. Krusta Sv. Patriks iek\u013cuva Anglijas, apmierin\u0101t\u0101s Zieme\u013c\u012brijas pa\u0161vald\u012bbas karog\u0101.<\/p>\n<p style=\"text-align: justify\"><span itemprop=\"image\" itemscope itemtype=\"https:\/\/schema.org\/ImageObject\"><img itemprop=\"url image\" loading=\"lazy\" decoding=\"async\" class=\"alignnone wp-image-4172\" src=\"\/wp-content\/uploads\/2021\/01\/flags-of-northern-ireland_1.png\" width=\"500\" height=\"300\" alt=\"Zieme\u013c\u012brijas karogs-2\" \/><meta itemprop=\"width\" content=\"500\"><meta itemprop=\"height\" content=\"300\"><\/span><\/p>\n<p style=\"text-align: justify\">No 1541. l\u012bdz 1800. gadam. Visa salas reljefs aiz\u0146\u0113ma \u012arijas karalisti, p\u0101rvalda Vladyka Angliju.<\/p>\n<p style=\"text-align: justify\">1800 g. \u012arijas parlamenta Anglijas parlaments ir public\u0113jis Unia aktu, saska\u0146\u0101 ar kuru tika izveidota Apvienot\u0101 Karaliste Anglija un \u012arija. No \u0161\u012b gada Union Jack k\u013cuva par ofici\u0101lo karogu, kas apvieno Anglijas, Skotijas un krusta z\u012bmes. Patriks, \u012arijas z\u012bme.<\/p>\n<p style=\"text-align: justify\">Union Jack \u0161obr\u012bd darbojas Zieme\u013c\u012brijas reljef\u0101 k\u0101 ofici\u0101ls karogs.<\/p>\n<p style=\"text-align: justify\">No 1801. l\u012bdz 1822. gadam. Lorda gubernatoram \u012arijai bija personiskais standarts, uzmont\u0113ts Union Jack ar \u0161tata \u012bru z\u012bmi centr\u0101 &#8211; Zelta arfa ar sudraba st\u012bg\u0101m. Arfas korpuss ir veidots sp\u0101rnot\u0101s d\u0101mas fig\u016bras form\u0101 p\u0113c to veida, kas rot\u0101ja buruku\u0123i Snob.<\/p>\n<p style=\"text-align: justify\"><span itemprop=\"image\" itemscope itemtype=\"https:\/\/schema.org\/ImageObject\"><img itemprop=\"url image\" loading=\"lazy\" decoding=\"async\" class=\"alignnone wp-image-4173\" src=\"\/wp-content\/uploads\/2021\/01\/flags-of-northern-ireland_2.png\" width=\"500\" height=\"250\" alt=\"Zieme\u013c\u012brijas karogs-3\" \/><meta itemprop=\"width\" content=\"500\"><meta itemprop=\"height\" content=\"250\"><\/span><\/p>\n<p style=\"text-align: justify\">No 1922. l\u012bdz 1973. gadam. Gubernatora person\u012bgais stends bija Union Jack ar vairogu Olsteras karoga centr\u0101l\u0101s da\u013cas form\u0101, ko ier\u0101m\u0113ja za\u013cgans vainags.<\/p>\n<p style=\"text-align: justify\"><span itemprop=\"image\" itemscope itemtype=\"https:\/\/schema.org\/ImageObject\"><img itemprop=\"url image\" loading=\"lazy\" decoding=\"async\" class=\"alignnone wp-image-4174\" src=\"\/wp-content\/uploads\/2021\/01\/flags-of-northern-ireland_3.png\" width=\"500\" height=\"250\" alt=\"Zieme\u013c\u012brijas karogs-4\" \/><meta itemprop=\"width\" content=\"500\"><meta itemprop=\"height\" content=\"250\"><\/span><\/p>\n<p style=\"text-align: justify\">1924. gad\u0101. Anglija Zieme\u013c\u012brijas vald\u012bbai tika pie\u0161\u0137irts person\u012bgais karogs, ko sauca par Ulsteras, v\u0113sturisk\u0101s provinces, karogu. Balts taisnst\u016bris ar sarkanu krustu. D\u017eohors, kura centr\u0101 ir balta se\u0161staru zvaigzne ar sarkanu kont\u016bru. 6 stari simboliz\u0113ja 6 skait\u013cus. Zvaig\u017e\u0146ot\u0101s plaukstas vid\u016b. Zvaigznes Walled Royal Crown aug\u0161\u0113jais stars.<\/p>\n<p style=\"text-align: justify\"><span itemprop=\"image\" itemscope itemtype=\"https:\/\/schema.org\/ImageObject\"><img itemprop=\"url image\" loading=\"lazy\" decoding=\"async\" class=\"alignnone wp-image-4175\" src=\"\/wp-content\/uploads\/2021\/01\/flags-of-northern-ireland_4.png\" width=\"500\" height=\"250\" alt=\"Zieme\u013c\u012brijas karogs-5\" \/><meta itemprop=\"width\" content=\"500\"><meta itemprop=\"height\" content=\"250\"><\/span><\/p>\n<p style=\"text-align: justify\">Sarkana roka, Ulstera \u2014 heraldikas simbols. Vi\u0146a izcelsme ir saist\u012bta ar le\u0123endu. P\u0101ris v\u012brie\u0161i sar\u012bkoja konkursu. S\u0113\u017eot laiv\u0101s, vi\u0146i peld\u0113ja uz salu, vienojoties, ka Olsters vald\u012bs to, kura roka pirmais pieskaras krastam. To vid\u016b atrad\u0101s apak\u0161frontes dibin\u0101t\u0101js \u012arija O&apos;N\u012bls. Musesrevs, kas atpaliek, nocirta sev rokas un izmet\u0101s krast\u0101. Form\u0101li st\u0101voklis tika nov\u0113rots, un O&apos;N\u012bls k\u013cuva par pirmo Ulsteras valdnieku.<\/p>\n<p style=\"text-align: justify\">1953.-1972.gad\u0101. Ulsteras rekl\u0101mkarogs tika izmantots ofici\u0101li. \u0160ajos gados vainaga t\u0113ls tika main\u012bts sakar\u0101 ar Elizabetes II kron\u0113\u0161anu.<\/p>\n<p style=\"text-align: justify\"><span itemprop=\"image\" itemscope itemtype=\"https:\/\/schema.org\/ImageObject\"><img itemprop=\"url image\" loading=\"lazy\" decoding=\"async\" class=\"alignnone wp-image-4176\" src=\"\/wp-content\/uploads\/2021\/01\/flags-of-northern-ireland_5.png\" width=\"500\" height=\"250\" alt=\"Zieme\u013c\u012brijas karogs-6\" \/><meta itemprop=\"width\" content=\"500\"><meta itemprop=\"height\" content=\"250\"><\/span><\/p>\n<p style=\"text-align: justify\">Kop\u0161 1973. gada saist\u012bb\u0101 ar Zieme\u013c\u012brijas parlamenta atlai\u0161anu Ulsteras rekl\u0101mkarogs nav ofici\u0101li izmantots.<\/p>\n<h2 style=\"text-align: justify\">Apraksts<\/h2>\n<p style=\"text-align: justify\">Zieme\u013c\u012brijas karogu \u0161obr\u012bd ofici\u0101li p\u0101rst\u0101v Lielbrit\u0101nijas valsts z\u012bme Union Jack.<\/p>\n<blockquote>\n<p style=\"text-align: justify\">Platuma un garuma attiec\u012bba 1:2.<\/p>\n<\/blockquote>\n<p style=\"text-align: justify\">Zils taisnst\u016bris ar sarkanu krustu ar baltu kont\u016bru. Diagon\u0101les platums kop\u0101 ar kont\u016bru attiecas uz karoga garumu 1:10, un sarkan\u0101s diagon\u0101les joslas platuma attiec\u012bba pret karoga garumu veido 1:30.<\/p>\n<p style=\"text-align: justify\">P\u0101ri sl\u012bpajam krustam uzlikts plats taisns sarkans krusts, kuram neskaitot ir baltas kont\u016bras. Krusta sarkano sv\u012btru platums ir saist\u012bts ar karoga garumu\u00a0\u2014 1:10, bet balt\u0101s \u0137\u0113des platums ab\u0101s pus\u0113s ir saist\u012bts ar auduma garumu\u00a0\u2014 1:30.<\/p>\n<p style=\"text-align: justify\">Z\u012bm\u0113jums simetrisks. Bet sarkan\u0101s diagon\u0101l\u0101s sv\u012btras p\u0101rvietoja diezgan baltu kont\u016bru. S\u0101nos, kas atrodas tuv\u0101k laukumam, balt\u0101 kont\u016bra ir pla\u0161a &#8211; p\u0101ri sarkan\u0101m diagon\u0101l\u0113m. Br\u012bvaj\u0101 mal\u0101 &#8211; balt\u0101 kont\u016bra ir pla\u0161a zem sarkanaj\u0101m diagon\u0101l\u0113m.<\/p>\n<h2 style=\"text-align: justify\">Zieme\u013c\u012brijas kr\u0101su karogs<\/h2>\n<p style=\"text-align: justify\">Tr\u012bs kr\u0101sas:<\/p>\n<ul style=\"text-align: justify\">\n<li>Balts;<\/li>\n<li>Zils atbilst 280 s saska\u0146\u0101 ar Pantone klasifik\u0101ciju;<\/li>\n<li>Sarkanais atbilst 186 ar Pantone.<\/li>\n<\/ul>\n<h2 style=\"text-align: justify\">Noz\u012bm\u0113 Zieme\u013c\u012brijas karoga kr\u0101sas<\/h2>\n<p style=\"text-align: justify\">Taisns, plats sarkans krusts &#8211; simboliz\u0113 Apvienoto Karalisti un ir ang\u013cu tautas patrona Sv\u0113t\u0101 D\u017eohora krusts.<\/p>\n<p style=\"text-align: justify\">Zils fons, uz kura atrodas sl\u012bpi baltais krusts &#8211; Skotijas baneris. Tas simboliz\u0113 Andreesena krustu uz skaidru debesu fona. Saska\u0146\u0101 ar le\u0123endu, \u0161is krusts 9. gadsimt\u0101 pirms kaujas ar le\u0146\u0137iem redz\u0113jis Pikt\u012btu valdnieku un Skotu Angusu II. Vi\u0146\u0161 bija uzvaras v\u0113stnesis.<\/p>\n<blockquote>\n<p style=\"text-align: justify\">Sarkanais diagon\u0101lais krusts &#8211; Sv. Patriks, \u012bru patrons.<\/p>\n<\/blockquote>\n<h2 style=\"text-align: justify\">Citi karogi<\/h2>\n<p style=\"text-align: justify\">Royal Stand &#8211; taisnst\u016brveida audums, kas vertik\u0101li un horizont\u0101li sadal\u012bts 4 izometriskos taisnst\u016bros. Kreisais aug\u0161\u0113jais un labais apak\u0161\u0113jais &#8211; sarkans ar 3 zelta (dzeltenu) heraldisko leopardu (mar\u0161\u0113jo\u0161o lauvu) att\u0113lu, kas ir Apvienot\u0101s Karalistes simboli. Labais aug\u0161\u0113jais taisnst\u016bris &#8211; dzeltens ar dubultu izlietnes apmali, dekor\u0113ts ar lilij\u0101m. Vi\u0146a centr\u0101 &#8211; augo\u0161ais vairogs, Skotijas simbols. Apak\u0161\u0113jais kreisais taisnst\u016bris &#8211; zils ar zelta arfu, Zieme\u013c\u012brijas z\u012bme.<\/p>\n<p style=\"text-align: justify\"><span itemprop=\"image\" itemscope itemtype=\"https:\/\/schema.org\/ImageObject\"><img itemprop=\"url image\" loading=\"lazy\" decoding=\"async\" class=\"alignnone wp-image-4177\" src=\"\/wp-content\/uploads\/2021\/01\/flags-of-northern-ireland_6.png\" width=\"500\" height=\"250\" alt=\"Zieme\u013c\u012brijas karogs-7\" \/><meta itemprop=\"width\" content=\"500\"><meta itemprop=\"height\" content=\"250\"><\/span><\/p>\n<h2 style=\"text-align: justify\">Interesanti fakti par karogu<\/h2>\n<p style=\"text-align: justify\">Zieme\u013c\u012brijas policija ir vien\u012bg\u0101 iest\u0101de Apvienotaj\u0101 Karalist\u0113, kurai nav dots iecelt Union Jack. Ofici\u0101los gad\u012bjumos tiek izmantots Karaliskais standarts vai \u0161\u012b darba karogs.<\/p>\n<p style=\"text-align: justify\">Neskatoties uz to, ka Ulsteras rekl\u0101mkarogs zaud\u0113ja ofici\u0101lu atpaz\u012bstam\u012bbu, bet tiek izmantots sporta sacens\u012bb\u0101s k\u0101 nacion\u0101l\u0101s komandas un l\u012bdzjut\u0113ji. Neskaitot, taj\u0101 tiek izmantoti protestanti un loj\u0101listi.<\/p>\n<p style=\"text-align: justify\">Nepiev\u0113r\u0161ot uzman\u012bbu z\u012bm\u0113juma vizu\u0101lajai simetrijai, paceliet karogu apgriezt\u0101 form\u0101 &#8211; principa p\u0101rk\u0101pums. Ir nepiecie\u0161ams p\u0101rvietoties balt\u0101s kont\u016bras platum\u0101 sarkano diagon\u0101lo l\u012bniju tuvum\u0101. Virkn\u0113 \u0161\u012b kont\u016bra ir pla\u0161a virs sarkanaj\u0101m sv\u012btr\u0101m.<\/p>\n<h2 style=\"text-align: justify\">Nespecializ\u0113ta inform\u0101cija par Zieme\u013c\u012briju<\/h2>\n<table>\n<tbody>\n<tr>\n<td>Ofici\u0101l\u0101 valoda<\/td>\n<td>ang\u013cu, \u012bru, olsterskotu<\/td>\n<\/tr>\n<tr>\n<td>Kapit\u0101ls<\/td>\n<td>Belf\u0101sta<\/td>\n<\/tr>\n<tr>\n<td>Teritorija<\/td>\n<td>13 843 km2<\/td>\n<\/tr>\n<tr>\n<td>Popul\u0101cija<\/td>\n<td>1\u00a0882\u00a0000 cilv\u0113ku<\/td>\n<\/tr>\n<tr>\n<td>Val\u016bta<\/td>\n<td>Sterli\u0146u m\u0101rci\u0146a (GBP)<\/td>\n<\/tr>\n<tr>\n<td>Telefona kods<\/td>\n<td>+353 48 un +44 28<\/td>\n<\/tr>\n<\/tbody>\n<\/table>\n","protected":false},"excerpt":{"rendered":"<p>Zieme\u013c\u012brija ir da\u013ca no Apvienot\u0101s Karalistes, Anglijas un Zieme\u013c\u012brijas. Taj\u0101 ir 6 no 10 v\u0113sturisk\u0101s Ulsteras provinces apgabaliem. T\u0101tad m\u016bsdienu Zieme\u013c\u012brijas karogs izskat\u0101s: Zieme\u013c\u012brijas v\u0113stures karogs Pussalas pirmskristiet\u012bbas&#8230;<\/p>\n","protected":false},"author":1,"featured_media":5974,"comment_status":"open","ping_status":"open","sticky":false,"template":"","format":"standard","meta":{"footnotes":""},"categories":[3],"tags":[],"class_list":["post-1646","post","type-post","status-publish","format-standard","has-post-thumbnail","","category-eiropas-karogi"],"aioseo_notices":[],"_links":{"self":[{"href":"https:\/\/flags-world.com\/lv\/wp-json\/wp\/v2\/posts\/1646","targetHints":{"allow":["GET"]}}],"collection":[{"href":"https:\/\/flags-world.com\/lv\/wp-json\/wp\/v2\/posts"}],"about":[{"href":"https:\/\/flags-world.com\/lv\/wp-json\/wp\/v2\/types\/post"}],"author":[{"embeddable":true,"href":"https:\/\/flags-world.com\/lv\/wp-json\/wp\/v2\/users\/1"}],"replies":[{"embeddable":true,"href":"https:\/\/flags-world.com\/lv\/wp-json\/wp\/v2\/comments?post=1646"}],"version-history":[{"count":0,"href":"https:\/\/flags-world.com\/lv\/wp-json\/wp\/v2\/posts\/1646\/revisions"}],"wp:featuredmedia":[{"embeddable":true,"href":"https:\/\/flags-world.com\/lv\/wp-json\/wp\/v2\/media\/5974"}],"wp:attachment":[{"href":"https:\/\/flags-world.com\/lv\/wp-json\/wp\/v2\/media?parent=1646"}],"wp:term":[{"taxonomy":"category","embeddable":true,"href":"https:\/\/flags-world.com\/lv\/wp-json\/wp\/v2\/categories?post=1646"},{"taxonomy":"post_tag","embeddable":true,"href":"https:\/\/flags-world.com\/lv\/wp-json\/wp\/v2\/tags?post=1646"}],"curies":[{"name":"wp","href":"https:\/\/api.w.org\/{rel}","templated":true}]}}